{"id":21966,"date":"2025-12-08T18:11:33","date_gmt":"2025-12-09T00:11:33","guid":{"rendered":"https:\/\/revistaacropolis.com\/?p=21966"},"modified":"2025-12-08T18:11:35","modified_gmt":"2025-12-09T00:11:35","slug":"avanza-la-infraestructura-vial-en-canada-de-madero","status":"publish","type":"post","link":"https:\/\/revistaacropolis.com\/index.php\/avanza-la-infraestructura-vial-en-canada-de-madero\/politica\/","title":{"rendered":"Avanza la infraestructura vial en Ca\u00f1ada de Madero"},"content":{"rendered":"\n<p>El <strong>Gobierno Municipal de Tepeji del R\u00edo, encabezado por Tania Valdez Cu\u00e9llar<\/strong> , contin\u00faa fortaleciendo la infraestructura vial en beneficio de las comunidades. En esta ocasi\u00f3n, se realiz\u00f3 la <strong>donaci\u00f3n de dos ollas de concreto para avanzar en la conclusi\u00f3n de la calle Revoluci\u00f3n<\/strong> , un proyecto clave para mejorar la movilidad local. Este progreso ha sido posible gracias a la <strong>participaci\u00f3n activa de las y los vecinos<\/strong> , quienes con su colaboraci\u00f3n aportan al desarrollo de su entorno.&nbsp;<\/p>\n\n\n\n<p><strong>Tepeji impulsa jornadas de salud para la detecci\u00f3n oportuna del c\u00e1ncer de mama<\/strong><\/p>\n\n\n\n<p>Gracias al compromiso de la <strong>Presidenta Municipal Tania Valdez Cuellar<\/strong> , Tepeji del R\u00edo realiza con \u00e9xito las <strong>Jornadas de Mastograf\u00eda<\/strong> los d\u00edas 13 y 14 de noviembre. La <strong>Unidad M\u00f3vil brinda atenci\u00f3n gratuita a mujeres tepejanas para la detecci\u00f3n temprana del c\u00e1ncer de mama<\/strong> , reforzando as\u00ed el cuidado preventivo de la salud. Esta iniciativa es posible gracias al apoyo del <strong>Despacho del Gobernador Julio Menchaca Salazar y Pemex Social<\/strong> , quienes contribuyen a acercar estos servicios a la comunidad. En Tepeji, el Gobierno Municipal contin\u00faa trabajando por el bienestar, la prevenci\u00f3n y la salud de todos y todos.<\/p>\n\n\n\n<p><strong>Capacitaci\u00f3n para Fortalecer la Contralor\u00eda Social en Tepeji<\/strong><\/p>\n\n\n\n<p>El Gobierno Municipal que encabeza Tania Valdez Cu\u00e9llar, imparti\u00f3 una <strong>capacitaci\u00f3n a los Comit\u00e9s de Contralor\u00eda Social<\/strong> a trav\u00e9s del \u00d3rgano Interno de Control, con lo que se busca <strong>fortalecer la participaci\u00f3n ciudadana y garantizar la transparencia<\/strong> en la ejecuci\u00f3n de las obras p\u00fablicas en cada comunidad. Durante la jornada, se explic\u00f3 el proceso de conformaci\u00f3n y aprobaci\u00f3n de obras, promoviendo la vigilancia adecuada de los recursos destinados al desarrollo municipal. Adem\u00e1s, se <strong>entregaron cascos y chalecos a los comit\u00e9s<\/strong> , quienes supervisar\u00e1n que cada proyecto.<\/p>\n\n\n\n<p><strong>Tepeji del R\u00edo fue sede del cierre de los Di\u00e1logos por la Democracia<\/strong><\/p>\n\n\n\n<p>El Gobierno Municipal de Tepeji del R\u00edo fungi\u00f3 como <strong>anfitri\u00f3n del cierre de los Di\u00e1logos por la Democracia<\/strong> , acompa\u00f1ado por representantes de diversas \u00e1reas de la administraci\u00f3n y ciudadan\u00eda. Con la presencia del <strong>Tribunal Electoral del Estado de Hidalgo<\/strong> , autoridades locales y representantes comunitarios, se consolid\u00f3 un espacio plural para el intercambio de ideas sobre <strong>justicia electoral, igualdad y corresponsabilidad democr\u00e1tica<\/strong> . Porque la democracia se construye con di\u00e1logo, respeto y el compromiso colectivo de todas y todos.<\/p>\n","protected":false},"excerpt":{"rendered":"<p>El Gobierno Municipal de Tepeji del R\u00edo, encabezado por Tania Valdez Cu\u00e9llar , contin\u00faa fortaleciendo la infraestructura vial en beneficio de las comunidades. En esta ocasi\u00f3n, se realiz\u00f3 la donaci\u00f3n&hellip; <\/p>\n","protected":false},"author":17,"featured_media":21967,"comment_status":"closed","ping_status":"closed","sticky":false,"template":"","format":"standard","meta":{"two_page_speed":[],"_joinchat":[],"footnotes":""},"categories":[1,57],"tags":[89,50,2886],"class_list":["post-21966","post","type-post","status-publish","format-standard","has-post-thumbnail","hentry","category-politica","category-sociedad","tag-hidalgo","tag-morena","tag-tepeji-del-rio"],"_links":{"self":[{"href":"https:\/\/revistaacropolis.com\/index.php\/wp-json\/wp\/v2\/posts\/21966","targetHints":{"allow":["GET"]}}],"collection":[{"href":"https:\/\/revistaacropolis.com\/index.php\/wp-json\/wp\/v2\/posts"}],"about":[{"href":"https:\/\/revistaacropolis.com\/index.php\/wp-json\/wp\/v2\/types\/post"}],"author":[{"embeddable":true,"href":"https:\/\/revistaacropolis.com\/index.php\/wp-json\/wp\/v2\/users\/17"}],"replies":[{"embeddable":true,"href":"https:\/\/revistaacropolis.com\/index.php\/wp-json\/wp\/v2\/comments?post=21966"}],"version-history":[{"count":1,"href":"https:\/\/revistaacropolis.com\/index.php\/wp-json\/wp\/v2\/posts\/21966\/revisions"}],"predecessor-version":[{"id":21968,"href":"https:\/\/revistaacropolis.com\/index.php\/wp-json\/wp\/v2\/posts\/21966\/revisions\/21968"}],"wp:featuredmedia":[{"embeddable":true,"href":"https:\/\/revistaacropolis.com\/index.php\/wp-json\/wp\/v2\/media\/21967"}],"wp:attachment":[{"href":"https:\/\/revistaacropolis.com\/index.php\/wp-json\/wp\/v2\/media?parent=21966"}],"wp:term":[{"taxonomy":"category","embeddable":true,"href":"https:\/\/revistaacropolis.com\/index.php\/wp-json\/wp\/v2\/categories?post=21966"},{"taxonomy":"post_tag","embeddable":true,"href":"https:\/\/revistaacropolis.com\/index.php\/wp-json\/wp\/v2\/tags?post=21966"}],"curies":[{"name":"wp","href":"https:\/\/api.w.org\/{rel}","templated":true}]}}