{"id":22008,"date":"2025-12-11T15:37:24","date_gmt":"2025-12-11T21:37:24","guid":{"rendered":"https:\/\/revistaacropolis.com\/?p=22008"},"modified":"2025-12-11T15:37:36","modified_gmt":"2025-12-11T21:37:36","slug":"chilcuautla-se-suma-a-la-cabalgata-que-conmemoro-el-467-aniversario-de-alfajayucan","status":"publish","type":"post","link":"https:\/\/revistaacropolis.com\/index.php\/chilcuautla-se-suma-a-la-cabalgata-que-conmemoro-el-467-aniversario-de-alfajayucan\/politica\/","title":{"rendered":"Chilcuautla se suma a la cabalgata que conmemor\u00f3 el 467 aniversario de Alfajayucan\u00a0"},"content":{"rendered":"\n<p>El <strong>Gobierno Municipal de Chilcuautla, encabezado por Gaby Escamilla L\u00f3pez<\/strong> , particip\u00f3 en la <strong>Cabalgata Tradicional<\/strong> que realiz\u00f3 el ayuntamiento de Alfajayucan, para conmemorar su <strong>aniversario 467 de su fundaci\u00f3n<\/strong> . La invitaci\u00f3n fue extendida por el gobierno anfitri\u00f3n, dirigida por el <strong>Julio Agust\u00edn Cruz Tovar<\/strong> , fortaleciendo as\u00ed la colaboraci\u00f3n entre ambas administraciones.<\/p>\n\n\n\n<p>Esta cabalgata, considerada un <strong>s\u00edmbolo de identidad regional<\/strong> , reafirma los lazos de hermandad entre los municipios al compartir historia, cultura y tradiciones.&nbsp;<\/p>\n\n\n\n<hr class=\"wp-block-separator has-alpha-channel-opacity\"\/>\n\n\n\n<p><strong>Inician obras de ampliaci\u00f3n de drenaje en La Estancia<\/strong><\/p>\n\n\n\n<p>La <strong>presidenta municipal de Chilcuautla, Gaby Escamilla L\u00f3pez<\/strong> , dio el banderazo de inicio a la <strong>ampliaci\u00f3n de la red de drenaje sanitario en la localidad de La Estancia<\/strong> . En el arranque participaron regidores, el S\u00edndico Municipal, la Direcci\u00f3n de Obras P\u00fablicas, la Delegaci\u00f3n, el Comit\u00e9 de Obras y habitantes de la comunidad, quienes destacaron la importancia de esta mejora.<\/p>\n\n\n\n<p>Gracias al respaldo del <strong>Gobierno de Hidalgo, liderado por el Licenciado Julio Menchaca<\/strong> , esta obra permitir\u00e1 fortalecer los servicios b\u00e1sicos y avanzar en mejores condiciones de bienestar para las familias.<\/p>\n\n\n\n<hr class=\"wp-block-separator has-alpha-channel-opacity\"\/>\n\n\n\n<p><strong>Tendido de pavimentaci\u00f3n asf\u00e1ltica mejora la movilidad en Santa Ana Batha<\/strong><\/p>\n\n\n\n<p>El Gobierno Municipal avanza en la transformaci\u00f3n de Santa Ana Batha con el <strong>tendido de pavimentaci\u00f3n asf\u00e1ltica en la Calle Ferrocarril<\/strong> , una obra que responde a la demanda ciudadana por mejores condiciones de tr\u00e1nsito y accesibilidad.<\/p>\n\n\n\n<p>Con estas acciones se <strong>mejora la movilidad, el transporte y la seguridad<\/strong> de quienes diariamente transitan por la zona. La obra representa un paso m\u00e1s hacia el bienestar de la poblaci\u00f3n, impulsando un entorno m\u00e1s digno y funcional para las familias de Santa Ana Batha.<\/p>\n\n\n\n<hr class=\"wp-block-separator has-alpha-channel-opacity\"\/>\n\n\n\n<p><strong>Jornada gratuita de mastograf\u00edas y ultrasonidos en Texcatepec<\/strong><\/p>\n\n\n\n<p>El Gobierno Municipal que preside la <strong>Lic. Gaby Escamilla<\/strong> , en coordinaci\u00f3n con la <strong>Secretar\u00eda de Salud de Hidalgo<\/strong> y con el apoyo del <strong>DIF Chilcuautla<\/strong> , realiz\u00f3 en la localidad de Texcatepec una <strong>jornada de mastograf\u00edas y ultrasonidos totalmente gratuita<\/strong> , acercando servicios esenciales de salud a las mujeres de la comunidad.<\/p>\n\n\n\n<p>Durante la jornada tambi\u00e9n se instalaron <strong>m\u00f3dulos informativos enfocados en la prevenci\u00f3n de enfermedades<\/strong> . Las autoridades municipales agradecieron la participaci\u00f3n de los asistentes y destacaron la importancia de continuar promoviendo acciones que fortalezcan el bienestar y la salud preventiva en el municipio.<\/p>\n","protected":false},"excerpt":{"rendered":"<p>El Gobierno Municipal de Chilcuautla, encabezado por Gaby Escamilla L\u00f3pez , particip\u00f3 en la Cabalgata Tradicional que realiz\u00f3 el ayuntamiento de Alfajayucan, para conmemorar su aniversario 467 de su fundaci\u00f3n&hellip; <\/p>\n","protected":false},"author":17,"featured_media":22009,"comment_status":"closed","ping_status":"closed","sticky":false,"template":"","format":"standard","meta":{"two_page_speed":[],"_joinchat":[],"footnotes":""},"categories":[1,57],"tags":[3061,663,89,50],"class_list":["post-22008","post","type-post","status-publish","format-standard","has-post-thumbnail","hentry","category-politica","category-sociedad","tag-chilcuautla","tag-gobierno","tag-hidalgo","tag-morena"],"_links":{"self":[{"href":"https:\/\/revistaacropolis.com\/index.php\/wp-json\/wp\/v2\/posts\/22008","targetHints":{"allow":["GET"]}}],"collection":[{"href":"https:\/\/revistaacropolis.com\/index.php\/wp-json\/wp\/v2\/posts"}],"about":[{"href":"https:\/\/revistaacropolis.com\/index.php\/wp-json\/wp\/v2\/types\/post"}],"author":[{"embeddable":true,"href":"https:\/\/revistaacropolis.com\/index.php\/wp-json\/wp\/v2\/users\/17"}],"replies":[{"embeddable":true,"href":"https:\/\/revistaacropolis.com\/index.php\/wp-json\/wp\/v2\/comments?post=22008"}],"version-history":[{"count":1,"href":"https:\/\/revistaacropolis.com\/index.php\/wp-json\/wp\/v2\/posts\/22008\/revisions"}],"predecessor-version":[{"id":22010,"href":"https:\/\/revistaacropolis.com\/index.php\/wp-json\/wp\/v2\/posts\/22008\/revisions\/22010"}],"wp:featuredmedia":[{"embeddable":true,"href":"https:\/\/revistaacropolis.com\/index.php\/wp-json\/wp\/v2\/media\/22009"}],"wp:attachment":[{"href":"https:\/\/revistaacropolis.com\/index.php\/wp-json\/wp\/v2\/media?parent=22008"}],"wp:term":[{"taxonomy":"category","embeddable":true,"href":"https:\/\/revistaacropolis.com\/index.php\/wp-json\/wp\/v2\/categories?post=22008"},{"taxonomy":"post_tag","embeddable":true,"href":"https:\/\/revistaacropolis.com\/index.php\/wp-json\/wp\/v2\/tags?post=22008"}],"curies":[{"name":"wp","href":"https:\/\/api.w.org\/{rel}","templated":true}]}}