{"id":22017,"date":"2025-12-11T16:08:04","date_gmt":"2025-12-11T22:08:04","guid":{"rendered":"https:\/\/revistaacropolis.com\/?p=22017"},"modified":"2025-12-11T16:08:11","modified_gmt":"2025-12-11T22:08:11","slug":"arquitectos-hidalguenses-participantes-en-la-118-asamblea-nacional-de-la-fcarm","status":"publish","type":"post","link":"https:\/\/revistaacropolis.com\/index.php\/arquitectos-hidalguenses-participantes-en-la-118-asamblea-nacional-de-la-fcarm\/empresarial\/","title":{"rendered":"Arquitectos hidalguenses participantes en la 118 Asamblea Nacional de la FCARM"},"content":{"rendered":"\n<p>El <strong>Colegio de Arquitectos de Hidalgo<\/strong> estuvo presente en la <strong>118 Asamblea Nacional de la FCARM<\/strong>, encuentro que se realiza dos veces al a\u00f1o desde hace seis d\u00e9cadas. Como <strong>fundador socioses<\/strong>, el Colegio reafirm\u00f3 su compromiso con este espacio que re\u00fane a profesionales de todo el pa\u00eds para compartir experiencias y fortalecer la mano de obra gremial.<\/p>\n\n\n\n<p>Estas asambleas permiten conocer los distintos modelos de trabajo de cada estado y consolidar lazos de comunicaci\u00f3n que facilitan la integraci\u00f3n en pol\u00edticas y proyectos comunes. La FCARM impulsa m\u00faltiples actividades a nivel estatal, regional e internacional, en las cuales Hidalgo participa activamente como miembro de la <strong>Regi\u00f3n 1<\/strong>, una de las m\u00e1s importantes del pa\u00eds.<\/p>\n\n\n\n<hr class=\"wp-block-separator has-alpha-channel-opacity\"\/>\n\n\n\n<p><strong>Firman convenio de colaboraci\u00f3n con la Universidad Polit\u00e9cnica de Tulancingo<\/strong><\/p>\n\n\n\n<p>El <strong>Colegio de Arquitectos de Hidalgo<\/strong> llev\u00f3 a cabo la <strong>firma de un convenio de colaboraci\u00f3n con la Universidad Polit\u00e9cnica de Tulancingo<\/strong>, encabezada por su <strong>rector, el Mtro. Felipe Olimpo Dur\u00e1n Rocha<\/strong>. Esta alianza se suma a las que el Colegio ha establecido con diversas instituciones educativas del estado, fortaleciendo la vinculaci\u00f3n acad\u00e9mica y profesional.<\/p>\n\n\n\n<p>Con este acuerdo, se abren nuevas \u00e1reas de oportunidad para ambas partes, impulsando la formaci\u00f3n integral de los estudiantes y su incorporaci\u00f3n al \u00e1mbito profesional. El Consejo Directivo del Colegio reafirma as\u00ed su compromiso de promover que los reci\u00e9n egresados \u200b\u200bconozcan los beneficios de estar colegiados y fortalezcan su desarrollo en el sector arquitect\u00f3nico.<\/p>\n\n\n\n<hr class=\"wp-block-separator has-alpha-channel-opacity\"\/>\n\n\n\n<p><strong>CAH acompa\u00f1\u00f3 el nacimiento del primer cap\u00edtulo de Redmuem en Hidalgo<\/strong><\/p>\n\n\n\n<p>El <strong>Colegio de Arquitectos de Hidalgo<\/strong> acompa\u00f1\u00f3 la inauguraci\u00f3n del <strong>primer cap\u00edtulo en Hidalgo de la Red de Mujeres Empresarias de la Rep\u00fablica Mexicana (Redmuem AC)<\/strong>, y reconoci\u00f3 el liderazgo femenino y la forma de promover redes de apoyo para emprendedoras del estado.<\/p>\n\n\n\n<p>Como Colegio, auguran que esta toma de protesta a cargo de su <strong>presidenta, Paola Cruz<\/strong>, sumar\u00e1 esfuerzos de mujeres hidalguenses y fortalecer\u00e1 su desarrollo profesional, econ\u00f3mico y personal consolidando un pilar fundamental para el progreso hidalguense.<\/p>\n\n\n\n<hr class=\"wp-block-separator has-alpha-channel-opacity\"\/>\n\n\n\n<p><strong>Cierra el a\u00f1o el \u00faltimo Caf\u00e9 Mensual del Colegio de Arquitectos de Hidalgo<\/strong><\/p>\n\n\n\n<p>El <strong>Colegio de Arquitectos de Hidalgo<\/strong> llev\u00f3 a cabo su <strong>\u00faltimo Caf\u00e9 Mensual de 2025<\/strong> , con la participaci\u00f3n del <strong>Arq. Miguel Lazcano y el Arq. Jorge Madariaga Esp\u00ednola<\/strong>, quienes ofrecieron presentaciones destacadas sobre los temas que desarrollaron. El encuentro fortaleci\u00f3 la convivencia profesional e impuls\u00f3 el intercambio de ideas entre arquitectos, invitados y asistentes interesados \u200b\u200ben el desarrollo del gremio.<\/p>\n\n\n\n<p>Como en otras ocasiones, el evento incluy\u00f3 la <strong>firma de convenios con proveedores<\/strong> , consolidando acuerdos comerciales que benefician a ambas partes. Estos caf\u00e9s, que por varios a\u00f1os han promovido el di\u00e1logo y la colaboraci\u00f3n, se reanudar\u00e1n el pr\u00f3ximo a\u00f1o para continuar fortaleciendo esta valiosa tradici\u00f3n dentro del gremio arquitect\u00f3nico.<\/p>\n","protected":false},"excerpt":{"rendered":"<p>El Colegio de Arquitectos de Hidalgo estuvo presente en la 118 Asamblea Nacional de la FCARM, encuentro que se realiza dos veces al a\u00f1o desde hace seis d\u00e9cadas. Como fundador&hellip; <\/p>\n","protected":false},"author":17,"featured_media":22018,"comment_status":"closed","ping_status":"closed","sticky":false,"template":"","format":"standard","meta":{"two_page_speed":[],"_joinchat":[],"footnotes":""},"categories":[2790,39],"tags":[3181,3157,89,91],"class_list":["post-22017","post","type-post","status-publish","format-standard","has-post-thumbnail","hentry","category-educacion","category-empresarial","tag-arquitectos","tag-educacion-2","tag-hidalgo","tag-pachuca"],"_links":{"self":[{"href":"https:\/\/revistaacropolis.com\/index.php\/wp-json\/wp\/v2\/posts\/22017","targetHints":{"allow":["GET"]}}],"collection":[{"href":"https:\/\/revistaacropolis.com\/index.php\/wp-json\/wp\/v2\/posts"}],"about":[{"href":"https:\/\/revistaacropolis.com\/index.php\/wp-json\/wp\/v2\/types\/post"}],"author":[{"embeddable":true,"href":"https:\/\/revistaacropolis.com\/index.php\/wp-json\/wp\/v2\/users\/17"}],"replies":[{"embeddable":true,"href":"https:\/\/revistaacropolis.com\/index.php\/wp-json\/wp\/v2\/comments?post=22017"}],"version-history":[{"count":1,"href":"https:\/\/revistaacropolis.com\/index.php\/wp-json\/wp\/v2\/posts\/22017\/revisions"}],"predecessor-version":[{"id":22019,"href":"https:\/\/revistaacropolis.com\/index.php\/wp-json\/wp\/v2\/posts\/22017\/revisions\/22019"}],"wp:featuredmedia":[{"embeddable":true,"href":"https:\/\/revistaacropolis.com\/index.php\/wp-json\/wp\/v2\/media\/22018"}],"wp:attachment":[{"href":"https:\/\/revistaacropolis.com\/index.php\/wp-json\/wp\/v2\/media?parent=22017"}],"wp:term":[{"taxonomy":"category","embeddable":true,"href":"https:\/\/revistaacropolis.com\/index.php\/wp-json\/wp\/v2\/categories?post=22017"},{"taxonomy":"post_tag","embeddable":true,"href":"https:\/\/revistaacropolis.com\/index.php\/wp-json\/wp\/v2\/tags?post=22017"}],"curies":[{"name":"wp","href":"https:\/\/api.w.org\/{rel}","templated":true}]}}