{"id":22022,"date":"2025-12-11T16:47:30","date_gmt":"2025-12-11T22:47:30","guid":{"rendered":"https:\/\/revistaacropolis.com\/?p=22022"},"modified":"2025-12-11T16:48:12","modified_gmt":"2025-12-11T22:48:12","slug":"pachuca-aplico-cierres-viales-y-operativo-especial-por-conmemoracion-del-12-de-diciembre","status":"publish","type":"post","link":"https:\/\/revistaacropolis.com\/index.php\/pachuca-aplico-cierres-viales-y-operativo-especial-por-conmemoracion-del-12-de-diciembre\/sociedad\/","title":{"rendered":"Pachuca aplic\u00f3 cierres viales y operativo especial por conmemoraci\u00f3n del 12 de diciembre"},"content":{"rendered":"\n<p>Con motivo de la <strong>conmemoraci\u00f3n del 12 de diciembre<\/strong>, el <strong>Ayuntamiento de Pachuca pondr\u00e1 en marcha un operativo especial de movilidad y seguridad en la zona de La Villita<\/strong>. Ante la alta afluencia prevista, se implementar\u00e1n <strong>cierres temporales de vialidades y acciones de prevenci\u00f3n<\/strong> para salvar a quienes acudan.<\/p>\n\n\n\n<p>A partir del <strong>11 de diciembre<\/strong>, permanecer\u00e1n <strong>cerradas las siguientes calles y avenidas<\/strong>: <strong>Av. Ju\u00e1rez &#8211; Zona \u201cLa Villita\u201d, Av. Benito Ju\u00e1rez &#8211; Mej\u00eda, Samuel Carro desde Av. Revoluci\u00f3n, Manuel Dubl\u00e1n &#8211; Vicente Segura, Jos\u00e9 Ibarra Olivares \u2013 Cuauht\u00e9moc y Mej\u00eda &#8211; Vicente Segura<\/strong>.<\/p>\n\n\n\n<p>Para mantener la movilidad durante los cierres, <strong>se sugiere utilizar: Viaducto Rojo G\u00f3mez, Av. Benito Ju\u00e1rez, Vicente Segura, Cuauht\u00e9moc y Av. Revoluci\u00f3n<\/strong> .<\/p>\n\n\n\n<p>El <strong>operativo iniciar\u00e1 a las 00:01 horas del 11 de diciembre<\/strong> , momento en que comenzar\u00e1n los cierres de vialidades. <strong>Permanecer\u00e1 activo durante toda la jornada del 12 de diciembre y concluir\u00e1 a las 23:59 horas de ese mismo d\u00eda<\/strong> . La <strong>reapertura total de las calles est\u00e1 programada para las 05:00 horas del 13 de diciembre<\/strong>.<\/p>\n\n\n\n<p>Se exhorta a las y los asistentes a <strong>mantener especial atenci\u00f3n en ni\u00f1as y ni\u00f1os<\/strong> , <strong>caminar con precauci\u00f3n<\/strong> para evitar empujones, en particular hacia personas con discapacidad o movilidad reducida, y <strong>conducir con prudencia<\/strong> ante el paso de peregrinaciones en distintas zonas de la ciudad. Asimismo, se solicita <strong>evitar la detonaci\u00f3n de cohetones<\/strong> en las inmediaciones de la iglesia.<\/p>\n\n\n\n<p>Para quienes participan en peregrinaciones, se recomienda <strong>avanzar en formaci\u00f3n ordenada, utilizar chalecos reflejantes o medios de identificaci\u00f3n visual, no exponer a menores en el arroyo vehicular y abstenerse de usar pirotecnia<\/strong> . Se pide <strong>atender en todo momento las indicaciones del personal de seguridad<\/strong> y, ante cualquier incidente, <strong>permitir el acceso inmediato a los equipos de emergencia<\/strong> .<\/p>\n","protected":false},"excerpt":{"rendered":"<p>Con motivo de la conmemoraci\u00f3n del 12 de diciembre, el Ayuntamiento de Pachuca pondr\u00e1 en marcha un operativo especial de movilidad y seguridad en la zona de La Villita. Ante&hellip; <\/p>\n","protected":false},"author":17,"featured_media":22024,"comment_status":"closed","ping_status":"closed","sticky":false,"template":"","format":"standard","meta":{"two_page_speed":[],"_joinchat":[],"footnotes":""},"categories":[57],"tags":[3292,89,50,91],"class_list":["post-22022","post","type-post","status-publish","format-standard","has-post-thumbnail","hentry","category-sociedad","tag-cierre-vial","tag-hidalgo","tag-morena","tag-pachuca"],"_links":{"self":[{"href":"https:\/\/revistaacropolis.com\/index.php\/wp-json\/wp\/v2\/posts\/22022","targetHints":{"allow":["GET"]}}],"collection":[{"href":"https:\/\/revistaacropolis.com\/index.php\/wp-json\/wp\/v2\/posts"}],"about":[{"href":"https:\/\/revistaacropolis.com\/index.php\/wp-json\/wp\/v2\/types\/post"}],"author":[{"embeddable":true,"href":"https:\/\/revistaacropolis.com\/index.php\/wp-json\/wp\/v2\/users\/17"}],"replies":[{"embeddable":true,"href":"https:\/\/revistaacropolis.com\/index.php\/wp-json\/wp\/v2\/comments?post=22022"}],"version-history":[{"count":1,"href":"https:\/\/revistaacropolis.com\/index.php\/wp-json\/wp\/v2\/posts\/22022\/revisions"}],"predecessor-version":[{"id":22023,"href":"https:\/\/revistaacropolis.com\/index.php\/wp-json\/wp\/v2\/posts\/22022\/revisions\/22023"}],"wp:featuredmedia":[{"embeddable":true,"href":"https:\/\/revistaacropolis.com\/index.php\/wp-json\/wp\/v2\/media\/22024"}],"wp:attachment":[{"href":"https:\/\/revistaacropolis.com\/index.php\/wp-json\/wp\/v2\/media?parent=22022"}],"wp:term":[{"taxonomy":"category","embeddable":true,"href":"https:\/\/revistaacropolis.com\/index.php\/wp-json\/wp\/v2\/categories?post=22022"},{"taxonomy":"post_tag","embeddable":true,"href":"https:\/\/revistaacropolis.com\/index.php\/wp-json\/wp\/v2\/tags?post=22022"}],"curies":[{"name":"wp","href":"https:\/\/api.w.org\/{rel}","templated":true}]}}