{"id":22025,"date":"2025-12-11T16:52:22","date_gmt":"2025-12-11T22:52:22","guid":{"rendered":"https:\/\/revistaacropolis.com\/?p=22025"},"modified":"2025-12-11T16:52:24","modified_gmt":"2025-12-11T22:52:24","slug":"entrega-cdheh-galardon-aurora-de-plata-2025-para-valeria-ac","status":"publish","type":"post","link":"https:\/\/revistaacropolis.com\/index.php\/entrega-cdheh-galardon-aurora-de-plata-2025-para-valeria-ac\/sociedad\/","title":{"rendered":"Entrega CDHEH Galard\u00f3n Aurora de Plata 2025 para Valeria AC"},"content":{"rendered":"\n<p><strong>Huasca de Ocampo, Hidalgo.<\/strong> \u2013 En el marco del <strong>10 de diciembre, D\u00eda Internacional de los Derechos Humanos y el D\u00eda Estatal de los Derechos Humanos y el Combate a la Discriminaci\u00f3n<\/strong>, la <strong>Comisi\u00f3n de Derechos Humanos del Estado de Hidalgo (CDHEH)<\/strong>, encabezada por su presidenta, <strong>Mtra. Ana Karen Parra Bonilla<\/strong>, realiz\u00f3 una ceremonia conmemorativa para entregar la <strong>edici\u00f3n 2025 de la Medalla Aurora de Plata al M\u00e9rito en Derechos Humanos<\/strong>, en un acto cargado de simbolismo, sensibilidad y compromiso social.<\/p>\n\n\n\n<p>Tras la deliberaci\u00f3n del Consejo Ciudadano de la CDHEH, se otorg\u00f3 la <strong>Medalla Aurora de Plata al Centro de Atenci\u00f3n a Ni\u00f1os con Lesi\u00f3n Cerebral Valeria AC<\/strong>, organizaci\u00f3n cuyo trabajo representa una <strong>luz de esperanza para ni\u00f1as, ni\u00f1os y familias<\/strong> que enfrentan diferentes tipos de discapacidad, en su mayor\u00eda causada por da\u00f1os neurol\u00f3gicos.<\/p>\n\n\n\n<figure class=\"wp-block-pullquote\"><blockquote><p><strong>Patricia Obreg\u00f3n Montes, Directora y Fundadora de Valeria AC<\/strong> dedic\u00f3 el premio a la memoria de su mam\u00e1, la Sra. Cecilia Montes Mac\u00edas, quien tambi\u00e9n form\u00f3 parte importante de la asociaci\u00f3n. \u201cEs un camino dif\u00edcil, <strong>m\u00e1s de 15 a\u00f1os<\/strong> en el que hemos impactado en la vida de muchas familias, nos centramos tanto en las terapias y rehabilitaci\u00f3n de nuestros ni\u00f1os con lesi\u00f3n cerebral, autismo, s\u00edndrome de down por mencionar algunas, as\u00ed como en el <strong>papel de las mujeres y madres cuidadoras, que en ocasiones libran dos o hasta tres jornadas<\/strong> contando las labores del hogar.-\u201d- expres\u00f3.<\/p><\/blockquote><\/figure>\n\n\n\n<figure class=\"wp-block-pullquote\"><blockquote><p>Durante su mensaje, la <strong>defensora del pueblo hidalguense<\/strong> destac\u00f3 que esta fecha \u201cnos convoca al alma\u201d, porque recuerda que la <strong>dignidad humana debe ser el centro de toda acci\u00f3n p\u00fablica y social<\/strong> . \u00abLa Medalla aurora de plata no es solo un objeto simb\u00f3lico. Es un <strong>reconocimiento a quienes han demostrado que la empat\u00eda, la inclusi\u00f3n y el respeto pueden transformar vidas<\/strong> ; se trata de impulsar tambi\u00e9n el trabajo de personas para que inspiren a las nuevas generaciones de defensoras y defensores de los derechos humanos\u00bb, afirm\u00f3.<\/p><\/blockquote><\/figure>\n\n\n\n<p>Durante la ceremonia tambi\u00e9n se entregaron <strong>reconocimientos a integrantes del Voluntariado Institucional \u201cLate con Orgullo\u201d<\/strong> ; as\u00ed como <strong>menciones honor\u00edficas<\/strong> a la asociaci\u00f3n civil <strong>Defensa Integral en Derechos Humanos de Hidalgo (DEFIENDEHH AC)<\/strong> ; <strong>Ariel Quiterio Mendoza<\/strong> , joven activista del Valle del Mezquital y al <strong>DIF de Huasca de Ocampo<\/strong> por acciones en materia de inclusi\u00f3n de personas con discapacidad. As\u00ed mismo se entreg\u00f3 un reconocimiento a las <strong>buenas pr\u00e1cticas a la Universidad Digital del Estado de Hidalgo<\/strong> por la <strong>primera generaci\u00f3n de licenciatura<\/strong> (Administraci\u00f3n y Gesti\u00f3n Empresarial) de personas con discapacidad auditiva <strong>a nivel nacional<\/strong> .<\/p>\n\n\n\n<p>Al cierre del evento, la <strong>Mtra. Ana Parra invit\u00f3 a la poblaci\u00f3n a ver a la CDHEH no como la \u00faltima instancia, sino como un espacio cercano y la \u201cprimera trinchera\u201d en la defensa de la dignidad humana<\/strong> .<\/p>\n","protected":false},"excerpt":{"rendered":"<p>Huasca de Ocampo, Hidalgo. \u2013 En el marco del 10 de diciembre, D\u00eda Internacional de los Derechos Humanos y el D\u00eda Estatal de los Derechos Humanos y el Combate a&hellip; <\/p>\n","protected":false},"author":17,"featured_media":22026,"comment_status":"closed","ping_status":"closed","sticky":false,"template":"","format":"standard","meta":{"two_page_speed":[],"_joinchat":[],"footnotes":""},"categories":[2798,57],"tags":[307,1338,3267,89,50,91],"class_list":["post-22025","post","type-post","status-publish","format-standard","has-post-thumbnail","hentry","category-salud","category-sociedad","tag-cdheh","tag-discapacidad","tag-galardon","tag-hidalgo","tag-morena","tag-pachuca"],"_links":{"self":[{"href":"https:\/\/revistaacropolis.com\/index.php\/wp-json\/wp\/v2\/posts\/22025","targetHints":{"allow":["GET"]}}],"collection":[{"href":"https:\/\/revistaacropolis.com\/index.php\/wp-json\/wp\/v2\/posts"}],"about":[{"href":"https:\/\/revistaacropolis.com\/index.php\/wp-json\/wp\/v2\/types\/post"}],"author":[{"embeddable":true,"href":"https:\/\/revistaacropolis.com\/index.php\/wp-json\/wp\/v2\/users\/17"}],"replies":[{"embeddable":true,"href":"https:\/\/revistaacropolis.com\/index.php\/wp-json\/wp\/v2\/comments?post=22025"}],"version-history":[{"count":1,"href":"https:\/\/revistaacropolis.com\/index.php\/wp-json\/wp\/v2\/posts\/22025\/revisions"}],"predecessor-version":[{"id":22027,"href":"https:\/\/revistaacropolis.com\/index.php\/wp-json\/wp\/v2\/posts\/22025\/revisions\/22027"}],"wp:featuredmedia":[{"embeddable":true,"href":"https:\/\/revistaacropolis.com\/index.php\/wp-json\/wp\/v2\/media\/22026"}],"wp:attachment":[{"href":"https:\/\/revistaacropolis.com\/index.php\/wp-json\/wp\/v2\/media?parent=22025"}],"wp:term":[{"taxonomy":"category","embeddable":true,"href":"https:\/\/revistaacropolis.com\/index.php\/wp-json\/wp\/v2\/categories?post=22025"},{"taxonomy":"post_tag","embeddable":true,"href":"https:\/\/revistaacropolis.com\/index.php\/wp-json\/wp\/v2\/tags?post=22025"}],"curies":[{"name":"wp","href":"https:\/\/api.w.org\/{rel}","templated":true}]}}