{"id":22150,"date":"2026-01-21T11:40:29","date_gmt":"2026-01-21T17:40:29","guid":{"rendered":"https:\/\/revistaacropolis.com\/?p=22150"},"modified":"2026-01-21T11:40:32","modified_gmt":"2026-01-21T17:40:32","slug":"firman-icathi-y-ayuntamiento-de-pachuca-convenio-para-impulsar-la-profesionalizacion","status":"publish","type":"post","link":"https:\/\/revistaacropolis.com\/index.php\/firman-icathi-y-ayuntamiento-de-pachuca-convenio-para-impulsar-la-profesionalizacion\/sociedad\/","title":{"rendered":"Firman ICATHI y Ayuntamiento de Pachuca convenio para impulsar la profesionalizaci\u00f3n"},"content":{"rendered":"\n<p>Con el objetivo de impulsar la&nbsp;<strong>capacitaci\u00f3n para el trabajo<\/strong>, fortalecer la vinculaci\u00f3n institucional y promover la profesionalizaci\u00f3n de la poblaci\u00f3n, el&nbsp;<strong>Instituto de Capacitaci\u00f3n para el Trabajo del Estado de Hidalgo (ICATHI)<\/strong>&nbsp;y el&nbsp;<strong>Ayuntamiento de Pachuca<\/strong>&nbsp;llevaron a cabo la firma de un&nbsp;<strong>convenio de colaboraci\u00f3n<\/strong>&nbsp;orientado al&nbsp;<strong>desarrollo de capacidades laborales<\/strong>&nbsp;y al&nbsp;<strong>crecimiento econ\u00f3mico local<\/strong>.<\/p>\n\n\n\n<p>Este acuerdo refleja la convicci\u00f3n compartida de que la&nbsp;<strong>capacitaci\u00f3n es una herramienta clave<\/strong>&nbsp;para la&nbsp;<strong>transformaci\u00f3n social<\/strong>&nbsp;y que el trabajo coordinado entre instituciones permite generar acciones con impacto directo en el bienestar de la poblaci\u00f3n.<\/p>\n\n\n\n<p>Durante el acto, el&nbsp;<strong>alcalde Jorge Reyes<\/strong>&nbsp;destac\u00f3 la relevancia de consolidar&nbsp;<strong>alianzas que ampl\u00eden las oportunidades<\/strong>&nbsp;de desarrollo para las y los habitantes del municipio, mediante estrategias enfocadas en la&nbsp;<strong>formaci\u00f3n de habilidades<\/strong>&nbsp;y el acceso a&nbsp;<strong>mejores condiciones laborales<\/strong>.<\/p>\n\n\n\n<p>Por su parte, el&nbsp;<strong>director general del ICATHI, Jorge Israel Acosta Ben\u00edtez<\/strong>, subray\u00f3 que este convenio responde a una visi\u00f3n com\u00fan de&nbsp;<strong>acercar la capacitaci\u00f3n<\/strong>&nbsp;a todos los sectores, brindando herramientas pr\u00e1cticas que faciliten la incorporaci\u00f3n al&nbsp;<strong>mercado laboral<\/strong>, el fortalecimiento de competencias y el impulso al&nbsp;<strong>autoempleo<\/strong>.<\/p>\n\n\n\n<p>A partir de esta alianza, se promover\u00e1n programas y acciones dirigidas a la&nbsp;<strong>capacitaci\u00f3n laboral, el emprendimiento, la incubaci\u00f3n de proyectos productivos y la profesionalizaci\u00f3n<\/strong>, con el prop\u00f3sito de&nbsp;<strong>incrementar la empleabilidad<\/strong>&nbsp;y contribuir al desarrollo econ\u00f3mico de Pachuca.<\/p>\n\n\n\n<p>Con la firma de este instrumento, ambas instituciones refrendan su compromiso de impulsar una&nbsp;<strong>capacitaci\u00f3n cercana, pertinente y con enfoque transformador<\/strong>, que atienda las necesidades actuales de la poblaci\u00f3n y fortalezca el&nbsp;<strong>desarrollo social y econ\u00f3mico<\/strong>&nbsp;del municipio.<\/p>\n","protected":false},"excerpt":{"rendered":"<p>Con el objetivo de impulsar la&nbsp;capacitaci\u00f3n para el trabajo, fortalecer la vinculaci\u00f3n institucional y promover la profesionalizaci\u00f3n de la poblaci\u00f3n, el&nbsp;Instituto de Capacitaci\u00f3n para el Trabajo del Estado de Hidalgo&hellip; <\/p>\n","protected":false},"author":17,"featured_media":22151,"comment_status":"closed","ping_status":"closed","sticky":false,"template":"","format":"standard","meta":{"two_page_speed":[],"_joinchat":[],"footnotes":""},"categories":[57],"tags":[3255,89,2764,91],"class_list":["post-22150","post","type-post","status-publish","format-standard","has-post-thumbnail","hentry","category-sociedad","tag-ayuntamiento-2","tag-hidalgo","tag-icathi","tag-pachuca"],"_links":{"self":[{"href":"https:\/\/revistaacropolis.com\/index.php\/wp-json\/wp\/v2\/posts\/22150","targetHints":{"allow":["GET"]}}],"collection":[{"href":"https:\/\/revistaacropolis.com\/index.php\/wp-json\/wp\/v2\/posts"}],"about":[{"href":"https:\/\/revistaacropolis.com\/index.php\/wp-json\/wp\/v2\/types\/post"}],"author":[{"embeddable":true,"href":"https:\/\/revistaacropolis.com\/index.php\/wp-json\/wp\/v2\/users\/17"}],"replies":[{"embeddable":true,"href":"https:\/\/revistaacropolis.com\/index.php\/wp-json\/wp\/v2\/comments?post=22150"}],"version-history":[{"count":1,"href":"https:\/\/revistaacropolis.com\/index.php\/wp-json\/wp\/v2\/posts\/22150\/revisions"}],"predecessor-version":[{"id":22152,"href":"https:\/\/revistaacropolis.com\/index.php\/wp-json\/wp\/v2\/posts\/22150\/revisions\/22152"}],"wp:featuredmedia":[{"embeddable":true,"href":"https:\/\/revistaacropolis.com\/index.php\/wp-json\/wp\/v2\/media\/22151"}],"wp:attachment":[{"href":"https:\/\/revistaacropolis.com\/index.php\/wp-json\/wp\/v2\/media?parent=22150"}],"wp:term":[{"taxonomy":"category","embeddable":true,"href":"https:\/\/revistaacropolis.com\/index.php\/wp-json\/wp\/v2\/categories?post=22150"},{"taxonomy":"post_tag","embeddable":true,"href":"https:\/\/revistaacropolis.com\/index.php\/wp-json\/wp\/v2\/tags?post=22150"}],"curies":[{"name":"wp","href":"https:\/\/api.w.org\/{rel}","templated":true}]}}