{"id":22207,"date":"2026-01-28T11:56:04","date_gmt":"2026-01-28T17:56:04","guid":{"rendered":"https:\/\/revistaacropolis.com\/?p=22207"},"modified":"2026-01-28T11:56:07","modified_gmt":"2026-01-28T17:56:07","slug":"el-gobierno-municipal-de-tepeji-del-rio-sostuvo-una-reunion-de-trabajo-en-las-instalaciones-de-seguridad-publica-municipal","status":"publish","type":"post","link":"https:\/\/revistaacropolis.com\/index.php\/el-gobierno-municipal-de-tepeji-del-rio-sostuvo-una-reunion-de-trabajo-en-las-instalaciones-de-seguridad-publica-municipal\/sociedad\/","title":{"rendered":"El Gobierno Municipal de Tepeji del R\u00edo sostuvo una reuni\u00f3n de trabajo en las instalaciones de Seguridad P\u00fablica Municipal"},"content":{"rendered":"\n<p>El&nbsp;<strong>Gobierno Municipal de Tepeji del R\u00edo<\/strong>&nbsp;sostuvo una&nbsp;<strong>reuni\u00f3n de trabajo<\/strong>&nbsp;en las instalaciones de&nbsp;<strong>Seguridad P\u00fablica Municipal<\/strong>, encabezada por la&nbsp;<strong>presidenta municipal Tania Valdez Cu\u00e9llar<\/strong>, con la finalidad de refrendar el compromiso de esta administraci\u00f3n con las y los elementos de&nbsp;<strong>Seguridad P\u00fablica y Protecci\u00f3n Civil<\/strong>.<\/p>\n\n\n\n<p>Durante el encuentro, la presidenta municipal reconoci\u00f3 la&nbsp;<strong>labor, entrega y valor<\/strong>&nbsp;del personal operativo, destacando que invertir en quienes protegen a la ciudadan\u00eda&nbsp;<strong>no es un gasto, sino una prioridad<\/strong>. En este marco, se inform\u00f3 que el Ayuntamiento analiza la viabilidad de fortalecer el acceso a&nbsp;<strong>servicios de seguridad social<\/strong>, particularmente mediante un esquema que permita a las y los elementos contar con&nbsp;<strong>afiliaci\u00f3n al Instituto Mexicano del Seguro Social (IMSS)<\/strong>, bajo un modelo responsable y financieramente viable.<\/p>\n\n\n\n<p>Se explic\u00f3 que este ejercicio se encuentra en una&nbsp;<strong>fase de an\u00e1lisis y exploraci\u00f3n<\/strong>, tomando como referencia experiencias exitosas en otros municipios del estado, y que se realizar\u00e1 con&nbsp;<strong>total transparencia, corresponsabilidad y di\u00e1logo directo<\/strong>&nbsp;con el personal involucrado.&nbsp; Asimismo, se precis\u00f3 que este proceso&nbsp;<strong>no sustituye los servicios m\u00e9dicos<\/strong>actualmente vigentes, sino que busca ampliar y mejorar las prestaciones a mediano y largo plazo.<\/p>\n\n\n\n<p>La presidenta municipal reiter\u00f3 que el&nbsp;<strong>bienestar del personal operativo<\/strong>&nbsp;es una prioridad de su gobierno, subrayando que&nbsp;<strong>\u201cSeguridad P\u00fablica y Protecci\u00f3n Civil representan una inversi\u00f3n humana fundamental para el municipio\u201d<\/strong>, por lo que se continuar\u00e1 trabajando en alternativas que fortalezcan sus&nbsp;<strong>derechos laborales<\/strong>&nbsp;y condiciones de trabajo.<\/p>\n\n\n\n<p>El Gobierno Municipal reafirma su compromiso de seguir caminando&nbsp;<strong>de la mano del pueblo<\/strong>, fortaleciendo a las instituciones que cuidan y protegen a las&nbsp;<strong>familias tepejanas<\/strong>.<\/p>\n","protected":false},"excerpt":{"rendered":"<p>El&nbsp;Gobierno Municipal de Tepeji del R\u00edo&nbsp;sostuvo una&nbsp;reuni\u00f3n de trabajo&nbsp;en las instalaciones de&nbsp;Seguridad P\u00fablica Municipal, encabezada por la&nbsp;presidenta municipal Tania Valdez Cu\u00e9llar, con la finalidad de refrendar el compromiso de esta&hellip; <\/p>\n","protected":false},"author":17,"featured_media":22208,"comment_status":"closed","ping_status":"closed","sticky":false,"template":"","format":"standard","meta":{"two_page_speed":[],"_joinchat":[],"footnotes":""},"categories":[57],"tags":[89,50,2450,3096],"class_list":["post-22207","post","type-post","status-publish","format-standard","has-post-thumbnail","hentry","category-sociedad","tag-hidalgo","tag-morena","tag-seguridad-publica","tag-tepeji-del-rio-2"],"_links":{"self":[{"href":"https:\/\/revistaacropolis.com\/index.php\/wp-json\/wp\/v2\/posts\/22207","targetHints":{"allow":["GET"]}}],"collection":[{"href":"https:\/\/revistaacropolis.com\/index.php\/wp-json\/wp\/v2\/posts"}],"about":[{"href":"https:\/\/revistaacropolis.com\/index.php\/wp-json\/wp\/v2\/types\/post"}],"author":[{"embeddable":true,"href":"https:\/\/revistaacropolis.com\/index.php\/wp-json\/wp\/v2\/users\/17"}],"replies":[{"embeddable":true,"href":"https:\/\/revistaacropolis.com\/index.php\/wp-json\/wp\/v2\/comments?post=22207"}],"version-history":[{"count":1,"href":"https:\/\/revistaacropolis.com\/index.php\/wp-json\/wp\/v2\/posts\/22207\/revisions"}],"predecessor-version":[{"id":22209,"href":"https:\/\/revistaacropolis.com\/index.php\/wp-json\/wp\/v2\/posts\/22207\/revisions\/22209"}],"wp:featuredmedia":[{"embeddable":true,"href":"https:\/\/revistaacropolis.com\/index.php\/wp-json\/wp\/v2\/media\/22208"}],"wp:attachment":[{"href":"https:\/\/revistaacropolis.com\/index.php\/wp-json\/wp\/v2\/media?parent=22207"}],"wp:term":[{"taxonomy":"category","embeddable":true,"href":"https:\/\/revistaacropolis.com\/index.php\/wp-json\/wp\/v2\/categories?post=22207"},{"taxonomy":"post_tag","embeddable":true,"href":"https:\/\/revistaacropolis.com\/index.php\/wp-json\/wp\/v2\/tags?post=22207"}],"curies":[{"name":"wp","href":"https:\/\/api.w.org\/{rel}","templated":true}]}}