{"id":22571,"date":"2026-02-26T13:15:48","date_gmt":"2026-02-26T19:15:48","guid":{"rendered":"https:\/\/revistaacropolis.com\/?p=22571"},"modified":"2026-02-26T13:16:01","modified_gmt":"2026-02-26T19:16:01","slug":"eduardo-alamo-sanchez-vision-que-emprende-legado-que-trasciende","status":"publish","type":"post","link":"https:\/\/revistaacropolis.com\/index.php\/eduardo-alamo-sanchez-vision-que-emprende-legado-que-trasciende\/reportajes_especiales\/","title":{"rendered":"Eduardo \u00c1lamo S\u00e1nchez: Visi\u00f3n que emprende, legado que trasciende"},"content":{"rendered":"\n<p><strong>Eduardo \u00c1lamo S\u00e1nchez<\/strong> en un empresario que se ha caracterizado por construir su camino desde la <strong>constancia, la honestidad y una profunda vocaci\u00f3n por crear valor<\/strong>. Su historia no es la de un \u00e9xito inmediato, sino la de un crecimiento forjado con trabajo, decisiones firmes y una clara conciencia de responsabilidad personal y social.<\/p>\n\n\n\n<p><strong>Licenciado en Administraci\u00f3n de Empresas<\/strong> por la <strong>UVM Campus Toluca<\/strong>, Eduardo se form\u00f3 acad\u00e9micamente mientras ya se desenvolv\u00eda en la iniciativa privada. Desde muy joven mostr\u00f3 una inclinaci\u00f3n natural por el comercio y las ventas, impulsado tambi\u00e9n por una tradici\u00f3n familiar ligada al emprendimiento.&nbsp;<\/p>\n\n\n\n<p>Sus primeras experiencias laborales en la <strong>aduana<\/strong> y en el <strong>sector log\u00edstico<\/strong> le permitieron adquirir una comprensi\u00f3n s\u00f3lida del <strong>comercio exterior<\/strong>, la operaci\u00f3n empresarial y la importancia de la disciplina. Cada etapa, incluso las m\u00e1s complejas a nivel personal, fortaleci\u00f3 su car\u00e1cter y ampli\u00f3 su visi\u00f3n de negocio.<\/p>\n\n\n\n<p><strong>De la experiencia al prop\u00f3sito empresarial<\/strong><\/p>\n\n\n\n<p>Tras una trayectoria que incluy\u00f3 el servicio p\u00fablico y el contacto directo con desarrolladores, emprendedores y actores econ\u00f3micos, Eduardo identific\u00f3 una oportunidad clara: crear un proyecto familiar con impacto real. As\u00ed naci\u00f3 <strong>Ecology<\/strong>, una empresa enfocada en <strong>soluciones sustentables<\/strong>, particularmente en la comercializaci\u00f3n de <strong>calentadores solares<\/strong>.&nbsp;<\/p>\n\n\n\n<p>Lo que comenz\u00f3 con una inversi\u00f3n m\u00ednima creci\u00f3, paso a paso, hasta consolidarse como una marca con presencia en <strong>diversos estados del pa\u00eds<\/strong>, cientos de distribuidores y una estructura s\u00f3lida basada en la confianza y la \u00e9tica.<\/p>\n\n\n\n<p>Para Eduardo \u00c1lamo, el liderazgo se ejerce con el ejemplo. La <strong>perseverancia, la honestidad y el compromiso<\/strong> con la gente que integra su equipo son los valores que han guiado su crecimiento. Su visi\u00f3n va m\u00e1s all\u00e1 del \u00e9xito econ\u00f3mico: busca dejar un legado, construir oportunidades y demostrar que los negocios pueden crecer sin perder el sentido humano.<\/p>\n\n\n\n<blockquote class=\"wp-block-quote is-layout-flow wp-block-quote-is-layout-flow\">\n<figure class=\"wp-block-pullquote\"><blockquote><p><em>\u201cMi nombre es Eduardo \u00c1lamo, fundador de Ecology aqu\u00ed en Pachuca. Si lo puedes ver en tu mente, lo puedes crear.\u201d<\/em><\/p><\/blockquote><\/figure>\n<\/blockquote>\n","protected":false},"excerpt":{"rendered":"<p>Eduardo \u00c1lamo S\u00e1nchez en un empresario que se ha caracterizado por construir su camino desde la constancia, la honestidad y una profunda vocaci\u00f3n por crear valor. Su historia no es&hellip; <\/p>\n","protected":false},"author":17,"featured_media":22572,"comment_status":"closed","ping_status":"closed","sticky":false,"template":"","format":"standard","meta":{"two_page_speed":[],"_joinchat":[],"footnotes":""},"categories":[54],"tags":[3352,89,91],"class_list":["post-22571","post","type-post","status-publish","format-standard","has-post-thumbnail","hentry","category-reportajes_especiales","tag-100-hombres-de-altura","tag-hidalgo","tag-pachuca"],"_links":{"self":[{"href":"https:\/\/revistaacropolis.com\/index.php\/wp-json\/wp\/v2\/posts\/22571","targetHints":{"allow":["GET"]}}],"collection":[{"href":"https:\/\/revistaacropolis.com\/index.php\/wp-json\/wp\/v2\/posts"}],"about":[{"href":"https:\/\/revistaacropolis.com\/index.php\/wp-json\/wp\/v2\/types\/post"}],"author":[{"embeddable":true,"href":"https:\/\/revistaacropolis.com\/index.php\/wp-json\/wp\/v2\/users\/17"}],"replies":[{"embeddable":true,"href":"https:\/\/revistaacropolis.com\/index.php\/wp-json\/wp\/v2\/comments?post=22571"}],"version-history":[{"count":1,"href":"https:\/\/revistaacropolis.com\/index.php\/wp-json\/wp\/v2\/posts\/22571\/revisions"}],"predecessor-version":[{"id":22573,"href":"https:\/\/revistaacropolis.com\/index.php\/wp-json\/wp\/v2\/posts\/22571\/revisions\/22573"}],"wp:featuredmedia":[{"embeddable":true,"href":"https:\/\/revistaacropolis.com\/index.php\/wp-json\/wp\/v2\/media\/22572"}],"wp:attachment":[{"href":"https:\/\/revistaacropolis.com\/index.php\/wp-json\/wp\/v2\/media?parent=22571"}],"wp:term":[{"taxonomy":"category","embeddable":true,"href":"https:\/\/revistaacropolis.com\/index.php\/wp-json\/wp\/v2\/categories?post=22571"},{"taxonomy":"post_tag","embeddable":true,"href":"https:\/\/revistaacropolis.com\/index.php\/wp-json\/wp\/v2\/tags?post=22571"}],"curies":[{"name":"wp","href":"https:\/\/api.w.org\/{rel}","templated":true}]}}