{"id":22584,"date":"2026-02-27T12:00:25","date_gmt":"2026-02-27T18:00:25","guid":{"rendered":"https:\/\/revistaacropolis.com\/?p=22584"},"modified":"2026-02-27T13:38:17","modified_gmt":"2026-02-27T19:38:17","slug":"100-hombres-de-altura-acropolis-enaltece-el-legado-de-hidalguenses-que-inspiran-desde-la-cima","status":"publish","type":"post","link":"https:\/\/revistaacropolis.com\/index.php\/100-hombres-de-altura-acropolis-enaltece-el-legado-de-hidalguenses-que-inspiran-desde-la-cima\/reportajes_especiales\/","title":{"rendered":"\u201c100 Hombres de Altura\u201d: Acr\u00f3polis enaltece el legado de hidalguenses que inspiran desde la cima"},"content":{"rendered":"\n<p>En un ambiente de celebraci\u00f3n y orgullo, <strong>Grupo Acr\u00f3polis<\/strong> present\u00f3 su edici\u00f3n especial <strong>\u201c100 Hombres de Altura\u201d<\/strong>, un proyecto editorial que reconoce el legado de hidalguenses que han trascendido por su <strong>esfuerzo, disciplina y compromiso con la sociedad<\/strong>.<\/p>\n\n\n\n<p>Durante el evento, <strong>Paola Cruz<\/strong>, presidenta de <strong>Grupo Acr\u00f3polis<\/strong>, destac\u00f3 que esta edici\u00f3n tambi\u00e9n enmarca los <strong>11 a\u00f1os<\/strong> del medio de comunicaci\u00f3n, consolidado como un espacio que visibiliza historias que inspiran. \u201cCrear en grande\u201d \u2014dijo\u2014 es la filosof\u00eda que ha guiado al equipo para reconocer no solo profesiones, sino al ser humano detr\u00e1s de cada trayectoria.<\/p>\n\n\n\n<figure class=\"wp-block-image size-full\"><img fetchpriority=\"high\" decoding=\"async\" width=\"940\" height=\"788\" src=\"https:\/\/revistaacropolis.com\/wp-content\/uploads\/2026\/02\/REPLICA-O-NOTA-6.png\" alt=\"\" class=\"wp-image-22588\" srcset=\"https:\/\/revistaacropolis.com\/wp-content\/uploads\/2026\/02\/REPLICA-O-NOTA-6.png 940w, https:\/\/revistaacropolis.com\/wp-content\/uploads\/2026\/02\/REPLICA-O-NOTA-6-300x251.png 300w, https:\/\/revistaacropolis.com\/wp-content\/uploads\/2026\/02\/REPLICA-O-NOTA-6-768x644.png 768w, https:\/\/revistaacropolis.com\/wp-content\/uploads\/2026\/02\/REPLICA-O-NOTA-6-600x503.png 600w\" sizes=\"(max-width: 940px) 100vw, 940px\" \/><\/figure>\n\n\n\n<p><strong>Abel Ignacio<\/strong>, director operativo, subray\u00f3 que la esencia de <strong>Acr\u00f3polis<\/strong> es contar historias reales, alejadas de la especulaci\u00f3n, para fortalecer el criterio y la conciencia social.\u00a0<\/p>\n\n\n\n<figure class=\"wp-block-image size-full\"><img decoding=\"async\" width=\"940\" height=\"788\" src=\"https:\/\/revistaacropolis.com\/wp-content\/uploads\/2026\/02\/REPLICA-O-NOTA-8.png\" alt=\"\" class=\"wp-image-22587\" srcset=\"https:\/\/revistaacropolis.com\/wp-content\/uploads\/2026\/02\/REPLICA-O-NOTA-8.png 940w, https:\/\/revistaacropolis.com\/wp-content\/uploads\/2026\/02\/REPLICA-O-NOTA-8-300x251.png 300w, https:\/\/revistaacropolis.com\/wp-content\/uploads\/2026\/02\/REPLICA-O-NOTA-8-768x644.png 768w, https:\/\/revistaacropolis.com\/wp-content\/uploads\/2026\/02\/REPLICA-O-NOTA-8-600x503.png 600w\" sizes=\"(max-width: 940px) 100vw, 940px\" \/><\/figure>\n\n\n\n<p>La velada incluy\u00f3 la entrega de reconocimientos a <strong>empresarios y l\u00edderes<\/strong> que han marcado pauta en distintos sectores.<\/p>\n\n\n\n<p>Uno de los momentos m\u00e1s emotivos fue la participaci\u00f3n de <strong>Jos\u00e9 Ram\u00f3n Amieva G\u00e1lvez<\/strong>, presidente del <strong>Tribunal Federal de Justicia Administrativa<\/strong>, quien narr\u00f3 pasajes de su historia personal. Record\u00f3 que en su juventud deb\u00eda trasladarse diariamente en transporte p\u00fablico a la <strong>Ciudad de M\u00e9xico<\/strong> para estudiar, ya que en <strong>Hidalgo<\/strong> no exist\u00edan suficientes espacios educativos. Evoc\u00f3 c\u00f3mo dorm\u00eda de pie durante el trayecto, como muchos trabajadores y estudiantes, impulsado por el deseo de superarse.<\/p>\n\n\n\n<blockquote class=\"wp-block-quote is-layout-flow wp-block-quote-is-layout-flow\">\n<figure class=\"wp-block-pullquote\"><blockquote><p><em>\u201cLo que no cambia en nosotros es la voluntad, el deseo y la visi\u00f3n de volverlo a intentar\u201d,<\/em> expres\u00f3.<\/p><\/blockquote><\/figure>\n<\/blockquote>\n\n\n\n<p>Tambi\u00e9n tom\u00f3 la palabra <strong>Alberto Ginez Altamirano<\/strong>, director general de <strong>Grupo Ginez<\/strong>, quien agradeci\u00f3 la distinci\u00f3n y record\u00f3 los inicios de su relaci\u00f3n con <strong>Revista Acr\u00f3polis<\/strong>. Comparti\u00f3 que hace a\u00f1os traslad\u00f3 el corporativo de su holding empresarial de la <strong>Ciudad de M\u00e9xico<\/strong> a <strong>Pachuca<\/strong>, convencido del potencial hidalguense. Se dijo honrado de formar parte de los <strong>\u201c100 Hombres de Altura\u201d<\/strong> y destac\u00f3 el orgullo de pertenecer a una tierra que, afirm\u00f3, est\u00e1 llena de talento y trabajo constante.<\/p>\n\n\n\n<figure class=\"wp-block-image size-full\"><img decoding=\"async\" width=\"940\" height=\"788\" src=\"https:\/\/revistaacropolis.com\/wp-content\/uploads\/2026\/02\/REPLICA-O-NOTA-3.png\" alt=\"\" class=\"wp-image-22591\" srcset=\"https:\/\/revistaacropolis.com\/wp-content\/uploads\/2026\/02\/REPLICA-O-NOTA-3.png 940w, https:\/\/revistaacropolis.com\/wp-content\/uploads\/2026\/02\/REPLICA-O-NOTA-3-300x251.png 300w, https:\/\/revistaacropolis.com\/wp-content\/uploads\/2026\/02\/REPLICA-O-NOTA-3-768x644.png 768w, https:\/\/revistaacropolis.com\/wp-content\/uploads\/2026\/02\/REPLICA-O-NOTA-3-600x503.png 600w\" sizes=\"(max-width: 940px) 100vw, 940px\" \/><\/figure>\n\n\n\n<p>La edici\u00f3n <strong>\u201c100 Hombres de Altura\u201d<\/strong> se consolida as\u00ed como un homenaje a quienes, desde distintos \u00e1mbitos, elevan el nombre de <strong>Hidalgo<\/strong> y demuestran que el esfuerzo perseverante es la base de toda historia de \u00e9xito.<\/p>\n","protected":false},"excerpt":{"rendered":"<p>En un ambiente de celebraci\u00f3n y orgullo, Grupo Acr\u00f3polis present\u00f3 su edici\u00f3n especial \u201c100 Hombres de Altura\u201d, un proyecto editorial que reconoce el legado de hidalguenses que han trascendido por&hellip; <\/p>\n","protected":false},"author":17,"featured_media":22594,"comment_status":"closed","ping_status":"closed","sticky":false,"template":"","format":"standard","meta":{"two_page_speed":[],"_joinchat":[],"footnotes":""},"categories":[54],"tags":[3352,89,91],"class_list":["post-22584","post","type-post","status-publish","format-standard","has-post-thumbnail","hentry","category-reportajes_especiales","tag-100-hombres-de-altura","tag-hidalgo","tag-pachuca"],"_links":{"self":[{"href":"https:\/\/revistaacropolis.com\/index.php\/wp-json\/wp\/v2\/posts\/22584","targetHints":{"allow":["GET"]}}],"collection":[{"href":"https:\/\/revistaacropolis.com\/index.php\/wp-json\/wp\/v2\/posts"}],"about":[{"href":"https:\/\/revistaacropolis.com\/index.php\/wp-json\/wp\/v2\/types\/post"}],"author":[{"embeddable":true,"href":"https:\/\/revistaacropolis.com\/index.php\/wp-json\/wp\/v2\/users\/17"}],"replies":[{"embeddable":true,"href":"https:\/\/revistaacropolis.com\/index.php\/wp-json\/wp\/v2\/comments?post=22584"}],"version-history":[{"count":2,"href":"https:\/\/revistaacropolis.com\/index.php\/wp-json\/wp\/v2\/posts\/22584\/revisions"}],"predecessor-version":[{"id":22592,"href":"https:\/\/revistaacropolis.com\/index.php\/wp-json\/wp\/v2\/posts\/22584\/revisions\/22592"}],"wp:featuredmedia":[{"embeddable":true,"href":"https:\/\/revistaacropolis.com\/index.php\/wp-json\/wp\/v2\/media\/22594"}],"wp:attachment":[{"href":"https:\/\/revistaacropolis.com\/index.php\/wp-json\/wp\/v2\/media?parent=22584"}],"wp:term":[{"taxonomy":"category","embeddable":true,"href":"https:\/\/revistaacropolis.com\/index.php\/wp-json\/wp\/v2\/categories?post=22584"},{"taxonomy":"post_tag","embeddable":true,"href":"https:\/\/revistaacropolis.com\/index.php\/wp-json\/wp\/v2\/tags?post=22584"}],"curies":[{"name":"wp","href":"https:\/\/api.w.org\/{rel}","templated":true}]}}