{"id":22723,"date":"2026-03-11T17:32:50","date_gmt":"2026-03-11T23:32:50","guid":{"rendered":"https:\/\/revistaacropolis.com\/?p=22723"},"modified":"2026-03-11T17:33:03","modified_gmt":"2026-03-11T23:33:03","slug":"mario-david-medina-impulsa-fortalecimiento-de-la-seguridad-publica-en-tlaxiaca","status":"publish","type":"post","link":"https:\/\/revistaacropolis.com\/index.php\/mario-david-medina-impulsa-fortalecimiento-de-la-seguridad-publica-en-tlaxiaca\/politica\/","title":{"rendered":"Mario David Medina impulsa fortalecimiento de la seguridad p\u00fablica en Tlaxiaca"},"content":{"rendered":"\n<p>\u2022 Nuevas patrullas,\u00a0motopatrullas y equipos de radiocomunicaci\u00f3n se integran a las labores de vigilancia en el municipio<\/p>\n\n\n\n<p>El presidente municipal de <strong>San Agust\u00edn Tlaxiaca,\u00a0Mario David Medina<\/strong>,\u00a0encabez\u00f3 la entrega de <strong>nuevas patrullas,\u00a0motopatrullas y equipos de radiocomunicaci\u00f3n <\/strong>que se incorporan a las <strong>labores de seguridad p\u00fablica con el objetivo de reforzar la vigilancia y la atenci\u00f3n a la ciudadan\u00eda.<\/strong><\/p>\n\n\n\n<figure class=\"wp-block-gallery has-nested-images columns-default is-cropped wp-block-gallery-1 is-layout-flex wp-block-gallery-is-layout-flex\">\n<figure class=\"wp-block-image size-large\"><img fetchpriority=\"high\" decoding=\"async\" width=\"1024\" height=\"576\" data-id=\"22724\" src=\"https:\/\/revistaacropolis.com\/wp-content\/uploads\/2026\/03\/Portadas-Paginas-web-28-1024x576.png\" alt=\"\" class=\"wp-image-22724\" srcset=\"https:\/\/revistaacropolis.com\/wp-content\/uploads\/2026\/03\/Portadas-Paginas-web-28-1024x576.png 1024w, https:\/\/revistaacropolis.com\/wp-content\/uploads\/2026\/03\/Portadas-Paginas-web-28-300x169.png 300w, https:\/\/revistaacropolis.com\/wp-content\/uploads\/2026\/03\/Portadas-Paginas-web-28-768x432.png 768w, https:\/\/revistaacropolis.com\/wp-content\/uploads\/2026\/03\/Portadas-Paginas-web-28-600x337.png 600w, https:\/\/revistaacropolis.com\/wp-content\/uploads\/2026\/03\/Portadas-Paginas-web-28.png 1366w\" sizes=\"(max-width: 1024px) 100vw, 1024px\" \/><\/figure>\n<\/figure>\n\n\n\n<p><strong>Este equipamiento permitir\u00e1 reforzar la capacidad operativa de los elementos de seguridad p\u00fablica,&nbsp;<\/strong><strong>mejorar los tiempos de respuesta ante reportes y ampliar la cobertura de patrullaje en colonias y comunidades.&nbsp;<\/strong><strong>Las nuevas unidades se integran a las tareas diarias de prevenci\u00f3n y disuasi\u00f3n del delito,&nbsp;<\/strong><strong>mientras que las motopatrullas facilitar\u00e1n la movilidad en zonas de dif\u00edcil acceso y permitir\u00e1n una reacci\u00f3n m\u00e1s \u00e1gil ante situaciones que requieran atenci\u00f3n inmediata.<\/strong><\/p>\n\n\n\n<p>Asimismo,&nbsp;<strong>los equipos de radiocomunicaci\u00f3n contribuir\u00e1n a mejorar la coordinaci\u00f3n entre los elementos en campo y el centro de mando,&nbsp;<\/strong><strong>fortaleciendo la comunicaci\u00f3n operativa durante los recorridos de vigilancia y los servicios de auxilio a la poblaci\u00f3n.<\/strong><\/p>\n\n\n\n<p>Durante el banderazo de salida de las unidades,&nbsp;<strong>el alcalde Mario David Medina se\u00f1al\u00f3 que esta inversi\u00f3n forma parte de las acciones que el gobierno municipal impulsa para fortalecer a la corporaci\u00f3n policial y brindar mejores condiciones para el desempe\u00f1o de su labor.<\/strong><\/p>\n\n\n\n<p><strong>El presidente municipal destac\u00f3 que la seguridad es una de las prioridades de su administraci\u00f3n,&nbsp;<\/strong><strong>por lo que se continuar\u00e1 trabajando en el fortalecimiento institucional y en la mejora de las capacidades operativas de la polic\u00eda municipal.<\/strong><\/p>\n\n\n\n<p>La inversi\u00f3n total destinada a este rubro,&nbsp;se traducen en mayor presencia policial,&nbsp;<strong>mejores herramientas de trabajo para los elementos y una atenci\u00f3n m\u00e1s oportuna a las necesidades de la poblaci\u00f3n.<\/strong><\/p>\n\n\n\n<figure class=\"wp-block-gallery has-nested-images columns-default is-cropped wp-block-gallery-2 is-layout-flex wp-block-gallery-is-layout-flex\">\n<figure class=\"wp-block-image size-large\"><img decoding=\"async\" width=\"1024\" height=\"576\" data-id=\"22725\" src=\"https:\/\/revistaacropolis.com\/wp-content\/uploads\/2026\/03\/Portadas-Paginas-web-30-1024x576.png\" alt=\"\" class=\"wp-image-22725\" srcset=\"https:\/\/revistaacropolis.com\/wp-content\/uploads\/2026\/03\/Portadas-Paginas-web-30-1024x576.png 1024w, https:\/\/revistaacropolis.com\/wp-content\/uploads\/2026\/03\/Portadas-Paginas-web-30-300x169.png 300w, https:\/\/revistaacropolis.com\/wp-content\/uploads\/2026\/03\/Portadas-Paginas-web-30-768x432.png 768w, https:\/\/revistaacropolis.com\/wp-content\/uploads\/2026\/03\/Portadas-Paginas-web-30-600x337.png 600w, https:\/\/revistaacropolis.com\/wp-content\/uploads\/2026\/03\/Portadas-Paginas-web-30.png 1366w\" sizes=\"(max-width: 1024px) 100vw, 1024px\" \/><\/figure>\n<\/figure>\n","protected":false},"excerpt":{"rendered":"<p>\u2022 Nuevas patrullas,\u00a0motopatrullas y equipos de radiocomunicaci\u00f3n se integran a las labores de vigilancia en el municipio El presidente municipal de San Agust\u00edn Tlaxiaca,\u00a0Mario David Medina,\u00a0encabez\u00f3 la entrega de nuevas&hellip; <\/p>\n","protected":false},"author":16,"featured_media":22726,"comment_status":"closed","ping_status":"closed","sticky":false,"template":"","format":"standard","meta":{"two_page_speed":[],"_joinchat":[],"footnotes":""},"categories":[1],"tags":[],"class_list":["post-22723","post","type-post","status-publish","format-standard","has-post-thumbnail","hentry","category-politica"],"_links":{"self":[{"href":"https:\/\/revistaacropolis.com\/index.php\/wp-json\/wp\/v2\/posts\/22723","targetHints":{"allow":["GET"]}}],"collection":[{"href":"https:\/\/revistaacropolis.com\/index.php\/wp-json\/wp\/v2\/posts"}],"about":[{"href":"https:\/\/revistaacropolis.com\/index.php\/wp-json\/wp\/v2\/types\/post"}],"author":[{"embeddable":true,"href":"https:\/\/revistaacropolis.com\/index.php\/wp-json\/wp\/v2\/users\/16"}],"replies":[{"embeddable":true,"href":"https:\/\/revistaacropolis.com\/index.php\/wp-json\/wp\/v2\/comments?post=22723"}],"version-history":[{"count":1,"href":"https:\/\/revistaacropolis.com\/index.php\/wp-json\/wp\/v2\/posts\/22723\/revisions"}],"predecessor-version":[{"id":22727,"href":"https:\/\/revistaacropolis.com\/index.php\/wp-json\/wp\/v2\/posts\/22723\/revisions\/22727"}],"wp:featuredmedia":[{"embeddable":true,"href":"https:\/\/revistaacropolis.com\/index.php\/wp-json\/wp\/v2\/media\/22726"}],"wp:attachment":[{"href":"https:\/\/revistaacropolis.com\/index.php\/wp-json\/wp\/v2\/media?parent=22723"}],"wp:term":[{"taxonomy":"category","embeddable":true,"href":"https:\/\/revistaacropolis.com\/index.php\/wp-json\/wp\/v2\/categories?post=22723"},{"taxonomy":"post_tag","embeddable":true,"href":"https:\/\/revistaacropolis.com\/index.php\/wp-json\/wp\/v2\/tags?post=22723"}],"curies":[{"name":"wp","href":"https:\/\/api.w.org\/{rel}","templated":true}]}}