{"id":22728,"date":"2026-03-11T23:51:20","date_gmt":"2026-03-12T05:51:20","guid":{"rendered":"https:\/\/revistaacropolis.com\/?p=22728"},"modified":"2026-03-11T23:53:26","modified_gmt":"2026-03-12T05:53:26","slug":"cobertura-acro-canadevi-hidalgo-renueva-su-mesa-directiva","status":"publish","type":"post","link":"https:\/\/revistaacropolis.com\/index.php\/cobertura-acro-canadevi-hidalgo-renueva-su-mesa-directiva\/politica\/","title":{"rendered":"\ud83d\udfe3\u00a0Cobertura\u00a0Acro\u00a0|\u00a0CANADEVI\u00a0Hidalgo\u00a0renueva\u00a0su\u00a0Mesa\u00a0Directiva"},"content":{"rendered":"\n<p>Durante&nbsp;su&nbsp;Asamblea&nbsp;General&nbsp;Ordinaria,&nbsp;la&nbsp;<strong>C\u00e1mara<\/strong><strong>&nbsp;<\/strong><strong>Nacional<\/strong><strong>&nbsp;<\/strong><strong>de<\/strong><strong>&nbsp;<\/strong><strong>la<\/strong><strong>&nbsp;<\/strong><strong>Industria<\/strong><strong>&nbsp;<\/strong><strong>de<\/strong><strong>&nbsp;<\/strong><strong>Desarrollo<\/strong><strong>&nbsp;<\/strong><strong>y<\/strong><strong>&nbsp;<\/strong><strong>Promoci\u00f3n<\/strong><strong>&nbsp;<\/strong><strong>de<\/strong><strong>&nbsp;<\/strong><strong>Vivienda<\/strong>&nbsp;(CANADEVI&nbsp;Hidalgo)&nbsp;<strong>marc\u00f3<\/strong><strong>&nbsp;<\/strong><strong>un<\/strong><strong>&nbsp;<\/strong><strong>momento<\/strong><strong>&nbsp;<\/strong><strong>de<\/strong><strong>&nbsp;<\/strong><strong>transici\u00f3n<\/strong><strong>&nbsp;<\/strong><strong>institucional<\/strong><strong>&nbsp;<\/strong><strong>al<\/strong><strong>&nbsp;<\/strong><strong>presentar<\/strong><strong>&nbsp;<\/strong><strong>los<\/strong><strong>&nbsp;<\/strong><strong>resultados<\/strong><strong>&nbsp;<\/strong><strong>del<\/strong><strong>&nbsp;<\/strong><strong>Informe<\/strong><strong>&nbsp;<\/strong><strong>de<\/strong><strong>&nbsp;<\/strong><strong>Actividades<\/strong><strong>&nbsp;2025&nbsp;<\/strong><strong>y<\/strong><strong>&nbsp;<\/strong><strong>designar<\/strong><strong>&nbsp;<\/strong><strong>a<\/strong><strong>&nbsp;<\/strong><strong>su<\/strong><strong>&nbsp;<\/strong><strong>nueva<\/strong><strong>&nbsp;<\/strong><strong>dirigencia<\/strong>.<\/p>\n\n\n\n<p>El&nbsp;<strong>informe<\/strong><strong>&nbsp;<\/strong><strong>fue<\/strong><strong>&nbsp;<\/strong><strong>presentado<\/strong><strong>&nbsp;<\/strong><strong>por<\/strong><strong>&nbsp;<\/strong><strong>el<\/strong><strong>&nbsp;<\/strong><strong>Lic<\/strong>.&nbsp;Miguel&nbsp;\u00c1ngel&nbsp;Jim\u00e9nez,&nbsp;presidente&nbsp;saliente,&nbsp;<strong>cuya<\/strong><strong>&nbsp;<\/strong><strong>gesti\u00f3n<\/strong><strong>&nbsp;<\/strong><strong>fue<\/strong><strong>&nbsp;<\/strong><strong>reconocida<\/strong><strong>&nbsp;<\/strong><strong>por<\/strong><strong>&nbsp;<\/strong><strong>fortalecer<\/strong><strong>&nbsp;<\/strong><strong>el<\/strong><strong>&nbsp;<\/strong><strong>trabajo<\/strong><strong>&nbsp;<\/strong><strong>del<\/strong><strong>&nbsp;<\/strong><strong>organismo<\/strong>,&nbsp;<strong>consolidar<\/strong><strong>&nbsp;<\/strong><strong>la<\/strong><strong>&nbsp;<\/strong><strong>participaci\u00f3n<\/strong><strong>&nbsp;<\/strong><strong>del<\/strong><strong>&nbsp;<\/strong><strong>sector<\/strong><strong>&nbsp;<\/strong><strong>y<\/strong><strong>&nbsp;<\/strong><strong>dejar<\/strong><strong>&nbsp;<\/strong><strong>una<\/strong><strong>&nbsp;<\/strong><strong>base<\/strong><strong>&nbsp;<\/strong><strong>s\u00f3lida<\/strong><strong>&nbsp;<\/strong><strong>para<\/strong><strong>&nbsp;<\/strong><strong>continuar<\/strong><strong>&nbsp;<\/strong><strong>impulsando<\/strong><strong>&nbsp;<\/strong><strong>el<\/strong><strong>&nbsp;<\/strong><strong>desarrollo<\/strong><strong>&nbsp;<\/strong><strong>de<\/strong><strong>&nbsp;<\/strong><strong>la<\/strong><strong>&nbsp;<\/strong><strong>vivienda<\/strong>&nbsp;en&nbsp;el&nbsp;estado.<\/p>\n\n\n\n<figure class=\"wp-block-gallery has-nested-images columns-default is-cropped wp-block-gallery-1 is-layout-flex wp-block-gallery-is-layout-flex\">\n<figure class=\"wp-block-image size-large\"><img fetchpriority=\"high\" decoding=\"async\" width=\"1024\" height=\"576\" data-id=\"22729\" src=\"https:\/\/revistaacropolis.com\/wp-content\/uploads\/2026\/03\/Portadas-Paginas-web-31-1024x576.png\" alt=\"\" class=\"wp-image-22729\" srcset=\"https:\/\/revistaacropolis.com\/wp-content\/uploads\/2026\/03\/Portadas-Paginas-web-31-1024x576.png 1024w, https:\/\/revistaacropolis.com\/wp-content\/uploads\/2026\/03\/Portadas-Paginas-web-31-300x169.png 300w, https:\/\/revistaacropolis.com\/wp-content\/uploads\/2026\/03\/Portadas-Paginas-web-31-768x432.png 768w, https:\/\/revistaacropolis.com\/wp-content\/uploads\/2026\/03\/Portadas-Paginas-web-31-1536x864.png 1536w, https:\/\/revistaacropolis.com\/wp-content\/uploads\/2026\/03\/Portadas-Paginas-web-31-2048x1151.png 2048w, https:\/\/revistaacropolis.com\/wp-content\/uploads\/2026\/03\/Portadas-Paginas-web-31-600x337.png 600w\" sizes=\"(max-width: 1024px) 100vw, 1024px\" \/><\/figure>\n<\/figure>\n\n\n\n<p>En&nbsp;el&nbsp;<strong>marco<\/strong><strong>&nbsp;<\/strong><strong>de<\/strong><strong>&nbsp;<\/strong><strong>esta<\/strong><strong>&nbsp;<\/strong><strong>sesi\u00f3n<\/strong><strong>&nbsp;<\/strong><strong>se<\/strong><strong>&nbsp;<\/strong><strong>llev\u00f3<\/strong><strong>&nbsp;<\/strong><strong>a<\/strong><strong>&nbsp;<\/strong><strong>cabo<\/strong><strong>&nbsp;<\/strong><strong>la<\/strong><strong>&nbsp;<\/strong><strong>designaci\u00f3n<\/strong><strong>&nbsp;<\/strong><strong>de<\/strong><strong>&nbsp;<\/strong><strong>la<\/strong><strong>&nbsp;<\/strong><strong>Mesa<\/strong><strong>&nbsp;<\/strong><strong>Directiva<\/strong>&nbsp;2026\u20132027,&nbsp;encabezada&nbsp;por&nbsp;la&nbsp;Arq.&nbsp;Ana&nbsp;Karen&nbsp;Ju\u00e1rez&nbsp;Navarrete,&nbsp;quien&nbsp;<strong>asumir\u00e1<\/strong><strong>&nbsp;<\/strong><strong>el<\/strong><strong>&nbsp;<\/strong><strong>liderazgo<\/strong><strong>&nbsp;<\/strong><strong>del<\/strong><strong>&nbsp;<\/strong><strong>organismo<\/strong><strong>&nbsp;<\/strong><strong>con<\/strong><strong>&nbsp;<\/strong><strong>la<\/strong><strong>&nbsp;<\/strong><strong>visi\u00f3n<\/strong><strong>&nbsp;<\/strong><strong>de<\/strong><strong>&nbsp;<\/strong><strong>seguir<\/strong><strong>&nbsp;<\/strong><strong>fortaleciendo<\/strong><strong>&nbsp;<\/strong><strong>al<\/strong><strong>&nbsp;<\/strong><strong>sector<\/strong><strong>&nbsp;<\/strong><strong>y<\/strong><strong>&nbsp;<\/strong><strong>sumar<\/strong><strong>&nbsp;<\/strong><strong>nuevas<\/strong><strong>&nbsp;<\/strong><strong>perspectivas<\/strong><strong>&nbsp;<\/strong><strong>de<\/strong><strong>&nbsp;<\/strong><strong>trabajo<\/strong>.<\/p>\n\n\n\n<p>Desde&nbsp;<strong>CANADEVI<\/strong><strong>&nbsp;<\/strong><strong>Hidalgo<\/strong><strong>&nbsp;<\/strong><strong>se<\/strong><strong>&nbsp;<\/strong><strong>destac\u00f3<\/strong><strong>&nbsp;<\/strong><strong>que<\/strong><strong>&nbsp;<\/strong><strong>este<\/strong><strong>&nbsp;<\/strong><strong>relevo<\/strong><strong>&nbsp;<\/strong><strong>representa<\/strong><strong>&nbsp;<\/strong><strong>continuidad<\/strong>,&nbsp;colaboraci\u00f3n&nbsp;y&nbsp;renovaci\u00f3n,&nbsp;<strong>manteniendo<\/strong><strong>&nbsp;<\/strong><strong>el<\/strong><strong>&nbsp;<\/strong><strong>compromiso<\/strong><strong>&nbsp;<\/strong><strong>de<\/strong><strong>&nbsp;<\/strong><strong>impulsar<\/strong><strong>&nbsp;<\/strong><strong>proyectos<\/strong><strong>&nbsp;<\/strong><strong>que<\/strong><strong>&nbsp;<\/strong><strong>contribuyan<\/strong><strong>&nbsp;<\/strong><strong>al<\/strong><strong>&nbsp;<\/strong><strong>desarrollo<\/strong><strong>&nbsp;<\/strong><strong>urbano<\/strong><strong>&nbsp;<\/strong><strong>y<\/strong><strong>&nbsp;<\/strong><strong>econ\u00f3mico<\/strong><strong>&nbsp;<\/strong><strong>de<\/strong><strong>&nbsp;<\/strong><strong>Hidalgo<\/strong>.<\/p>\n\n\n\n<p>\ud83d\udcf8&nbsp;Revista&nbsp;Acr\u00f3polis\u00ae,&nbsp;<strong>visibilizando<\/strong><strong>&nbsp;<\/strong><strong>a<\/strong><strong>&nbsp;<\/strong><strong>las<\/strong><strong>&nbsp;<\/strong><strong>instituciones<\/strong><strong>&nbsp;<\/strong><strong>y<\/strong><strong>&nbsp;<\/strong><strong>l\u00edderes<\/strong><strong>&nbsp;<\/strong><strong>que<\/strong><strong>&nbsp;<\/strong><strong>construyen<\/strong><strong>&nbsp;<\/strong><strong>el<\/strong><strong>&nbsp;<\/strong><strong>futuro<\/strong><strong>&nbsp;<\/strong><strong>del<\/strong><strong>&nbsp;<\/strong><strong>sector<\/strong><strong>&nbsp;<\/strong><strong>empresarial<\/strong>.<\/p>\n\n\n\n<figure class=\"wp-block-gallery has-nested-images columns-default is-cropped wp-block-gallery-2 is-layout-flex wp-block-gallery-is-layout-flex\">\n<figure class=\"wp-block-image size-large\"><img decoding=\"async\" width=\"1024\" height=\"576\" data-id=\"22730\" src=\"https:\/\/revistaacropolis.com\/wp-content\/uploads\/2026\/03\/Portadas-Paginas-web-33-1024x576.png\" alt=\"\" class=\"wp-image-22730\" srcset=\"https:\/\/revistaacropolis.com\/wp-content\/uploads\/2026\/03\/Portadas-Paginas-web-33-1024x576.png 1024w, https:\/\/revistaacropolis.com\/wp-content\/uploads\/2026\/03\/Portadas-Paginas-web-33-300x169.png 300w, https:\/\/revistaacropolis.com\/wp-content\/uploads\/2026\/03\/Portadas-Paginas-web-33-768x432.png 768w, https:\/\/revistaacropolis.com\/wp-content\/uploads\/2026\/03\/Portadas-Paginas-web-33-1536x864.png 1536w, https:\/\/revistaacropolis.com\/wp-content\/uploads\/2026\/03\/Portadas-Paginas-web-33-2048x1151.png 2048w, https:\/\/revistaacropolis.com\/wp-content\/uploads\/2026\/03\/Portadas-Paginas-web-33-600x337.png 600w\" sizes=\"(max-width: 1024px) 100vw, 1024px\" \/><\/figure>\n<\/figure>\n\n\n\n<p>#<strong>CoberturaAcro<\/strong><strong>&nbsp;#<\/strong><strong>CANADEVIHidalgo<\/strong><strong>&nbsp;#<\/strong><strong>RevistaAcr\u00f3polis<\/strong><strong>&nbsp;#<\/strong><strong>SectorVivienda<\/strong><strong>&nbsp;#<\/strong><strong>EmpresariosDeAltura<\/strong><strong>&nbsp;#<\/strong><strong>Hidalgo<\/strong><\/p>\n\n\n\n<p><\/p>\n","protected":false},"excerpt":{"rendered":"<p>Durante&nbsp;su&nbsp;Asamblea&nbsp;General&nbsp;Ordinaria,&nbsp;la&nbsp;C\u00e1mara&nbsp;Nacional&nbsp;de&nbsp;la&nbsp;Industria&nbsp;de&nbsp;Desarrollo&nbsp;y&nbsp;Promoci\u00f3n&nbsp;de&nbsp;Vivienda&nbsp;(CANADEVI&nbsp;Hidalgo)&nbsp;marc\u00f3&nbsp;un&nbsp;momento&nbsp;de&nbsp;transici\u00f3n&nbsp;institucional&nbsp;al&nbsp;presentar&nbsp;los&nbsp;resultados&nbsp;del&nbsp;Informe&nbsp;de&nbsp;Actividades&nbsp;2025&nbsp;y&nbsp;designar&nbsp;a&nbsp;su&nbsp;nueva&nbsp;dirigencia. El&nbsp;informe&nbsp;fue&nbsp;presentado&nbsp;por&nbsp;el&nbsp;Lic.&nbsp;Miguel&nbsp;\u00c1ngel&nbsp;Jim\u00e9nez,&nbsp;presidente&nbsp;saliente,&nbsp;cuya&nbsp;gesti\u00f3n&nbsp;fue&nbsp;reconocida&nbsp;por&nbsp;fortalecer&nbsp;el&nbsp;trabajo&nbsp;del&nbsp;organismo,&nbsp;consolidar&nbsp;la&nbsp;participaci\u00f3n&nbsp;del&nbsp;sector&nbsp;y&nbsp;dejar&nbsp;una&nbsp;base&nbsp;s\u00f3lida&nbsp;para&nbsp;continuar&nbsp;impulsando&nbsp;el&nbsp;desarrollo&nbsp;de&nbsp;la&nbsp;vivienda&nbsp;en&nbsp;el&nbsp;estado. En&nbsp;el&nbsp;marco&nbsp;de&nbsp;esta&nbsp;sesi\u00f3n&nbsp;se&nbsp;llev\u00f3&nbsp;a&nbsp;cabo&nbsp;la&nbsp;designaci\u00f3n&nbsp;de&nbsp;la&nbsp;Mesa&nbsp;Directiva&nbsp;2026\u20132027,&nbsp;encabezada&nbsp;por&nbsp;la&nbsp;Arq.&nbsp;Ana&nbsp;Karen&nbsp;Ju\u00e1rez&nbsp;Navarrete,&nbsp;quien&nbsp;asumir\u00e1&nbsp;el&nbsp;liderazgo&nbsp;del&nbsp;organismo&nbsp;con&nbsp;la&nbsp;visi\u00f3n&nbsp;de&nbsp;seguir&nbsp;fortaleciendo&nbsp;al&nbsp;sector&nbsp;y&nbsp;sumar&nbsp;nuevas&nbsp;perspectivas&nbsp;de&nbsp;trabajo. Desde&nbsp;CANADEVI&nbsp;Hidalgo&nbsp;se&nbsp;destac\u00f3&nbsp;que&nbsp;este&nbsp;relevo&nbsp;representa&nbsp;continuidad,&nbsp;colaboraci\u00f3n&nbsp;y&nbsp;renovaci\u00f3n,&nbsp;manteniendo&nbsp;el&nbsp;compromiso&nbsp;de&nbsp;impulsar&nbsp;proyectos&nbsp;que&nbsp;contribuyan&nbsp;al&nbsp;desarrollo&nbsp;urbano&nbsp;y&nbsp;econ\u00f3mico&nbsp;de&nbsp;Hidalgo. \ud83d\udcf8&nbsp;Revista&nbsp;Acr\u00f3polis\u00ae,&nbsp;visibilizando&nbsp;a&nbsp;las&nbsp;instituciones&nbsp;y&nbsp;l\u00edderes&nbsp;que&nbsp;construyen&nbsp;el&nbsp;futuro&nbsp;del&nbsp;sector&nbsp;empresarial. #CoberturaAcro&nbsp;#CANADEVIHidalgo&nbsp;#RevistaAcr\u00f3polis&nbsp;#SectorVivienda&nbsp;#EmpresariosDeAltura&nbsp;#Hidalgo<\/p>\n","protected":false},"author":16,"featured_media":22731,"comment_status":"closed","ping_status":"closed","sticky":false,"template":"","format":"standard","meta":{"two_page_speed":[],"_joinchat":[],"footnotes":""},"categories":[1],"tags":[],"class_list":["post-22728","post","type-post","status-publish","format-standard","has-post-thumbnail","hentry","category-politica"],"_links":{"self":[{"href":"https:\/\/revistaacropolis.com\/index.php\/wp-json\/wp\/v2\/posts\/22728","targetHints":{"allow":["GET"]}}],"collection":[{"href":"https:\/\/revistaacropolis.com\/index.php\/wp-json\/wp\/v2\/posts"}],"about":[{"href":"https:\/\/revistaacropolis.com\/index.php\/wp-json\/wp\/v2\/types\/post"}],"author":[{"embeddable":true,"href":"https:\/\/revistaacropolis.com\/index.php\/wp-json\/wp\/v2\/users\/16"}],"replies":[{"embeddable":true,"href":"https:\/\/revistaacropolis.com\/index.php\/wp-json\/wp\/v2\/comments?post=22728"}],"version-history":[{"count":2,"href":"https:\/\/revistaacropolis.com\/index.php\/wp-json\/wp\/v2\/posts\/22728\/revisions"}],"predecessor-version":[{"id":22734,"href":"https:\/\/revistaacropolis.com\/index.php\/wp-json\/wp\/v2\/posts\/22728\/revisions\/22734"}],"wp:featuredmedia":[{"embeddable":true,"href":"https:\/\/revistaacropolis.com\/index.php\/wp-json\/wp\/v2\/media\/22731"}],"wp:attachment":[{"href":"https:\/\/revistaacropolis.com\/index.php\/wp-json\/wp\/v2\/media?parent=22728"}],"wp:term":[{"taxonomy":"category","embeddable":true,"href":"https:\/\/revistaacropolis.com\/index.php\/wp-json\/wp\/v2\/categories?post=22728"},{"taxonomy":"post_tag","embeddable":true,"href":"https:\/\/revistaacropolis.com\/index.php\/wp-json\/wp\/v2\/tags?post=22728"}],"curies":[{"name":"wp","href":"https:\/\/api.w.org\/{rel}","templated":true}]}}