{"id":22735,"date":"2026-03-12T00:06:52","date_gmt":"2026-03-12T06:06:52","guid":{"rendered":"https:\/\/revistaacropolis.com\/?p=22735"},"modified":"2026-03-12T00:07:23","modified_gmt":"2026-03-12T06:07:23","slug":"congreso-de-hidalgo-impulsa-el-dialogo-sobre-liderazgo-de-mujeres-con-conversatorio","status":"publish","type":"post","link":"https:\/\/revistaacropolis.com\/index.php\/congreso-de-hidalgo-impulsa-el-dialogo-sobre-liderazgo-de-mujeres-con-conversatorio\/politica\/","title":{"rendered":"Congreso de Hidalgo impulsa el di\u00e1logo sobre liderazgo de mujeres con conversatorio"},"content":{"rendered":"\n<p>En el marco del D\u00eda Internacional de la Mujer, conmemorado cada 8 de marzo, diputadas integrantes de la <strong>LXVI Legislatura<\/strong> y el diputado presidente de la Junta de Gobierno del <strong>Congreso del Estado de Hidalgo<\/strong>, <strong>Andr\u00e9s Vel\u00e1zquez V\u00e1zquez<\/strong>, organizaron el conversatorio <strong>\u201cMujeres en el poder, voces que lideran\u201d<\/strong>, un espacio de di\u00e1logo y reflexi\u00f3n orientado a fortalecer la participaci\u00f3n y representaci\u00f3n de las mujeres en el \u00e1mbito p\u00fablico, con sede en el Instituto Tecnol\u00f3gico de Pachuca.<\/p>\n\n\n\n<figure class=\"wp-block-gallery has-nested-images columns-default is-cropped wp-block-gallery-1 is-layout-flex wp-block-gallery-is-layout-flex\">\n<figure class=\"wp-block-image size-large\"><img fetchpriority=\"high\" decoding=\"async\" width=\"1024\" height=\"576\" data-id=\"22740\" src=\"https:\/\/revistaacropolis.com\/wp-content\/uploads\/2026\/03\/Portadas-Paginas-web-42-1024x576.png\" alt=\"\" class=\"wp-image-22740\" srcset=\"https:\/\/revistaacropolis.com\/wp-content\/uploads\/2026\/03\/Portadas-Paginas-web-42-1024x576.png 1024w, https:\/\/revistaacropolis.com\/wp-content\/uploads\/2026\/03\/Portadas-Paginas-web-42-300x169.png 300w, https:\/\/revistaacropolis.com\/wp-content\/uploads\/2026\/03\/Portadas-Paginas-web-42-768x432.png 768w, https:\/\/revistaacropolis.com\/wp-content\/uploads\/2026\/03\/Portadas-Paginas-web-42-600x337.png 600w, https:\/\/revistaacropolis.com\/wp-content\/uploads\/2026\/03\/Portadas-Paginas-web-42.png 1366w\" sizes=\"(max-width: 1024px) 100vw, 1024px\" \/><\/figure>\n<\/figure>\n\n\n\n<p>En este encuentro participaron <strong>Dalia del Carmen Fern\u00e1ndez S\u00e1nchez<\/strong>, representante de Morena ante el Instituto Estatal Electoral de Hidalgo; <strong>Juana Mar\u00eda M\u00e1rquez Parrasales<\/strong>, presidenta del Comit\u00e9 de Direcci\u00f3n Estatal de Nueva Alianza Hidalgo; <strong>Rosalba Ray\u00f3n Castel\u00e1n<\/strong>, coordinadora estatal de Mujeres en Movimiento Hidalgo; <strong>Corina Jim\u00e9nez Melo<\/strong>, presidenta municipal de Calnali; <strong>Margarita Ramos Villeda<\/strong>, representante del Partido de la Revoluci\u00f3n Democr\u00e1tica en Hidalgo; <strong>Selene Olvera Nieto<\/strong>, secretaria de Mujeres del CDE del Partido Verde; <strong>Marcela Isidro Garc\u00eda<\/strong>, presidenta del Partido Acci\u00f3n Nacional en Hidalgo; as\u00ed como <strong>Mirna Esmeralda Hern\u00e1ndez Morales<\/strong>, diputada local suplente del Partido Revolucionario Institucional en la entidad.<\/p>\n\n\n\n<figure class=\"wp-block-gallery has-nested-images columns-default is-cropped wp-block-gallery-2 is-layout-flex wp-block-gallery-is-layout-flex\">\n<figure class=\"wp-block-image size-large\"><img decoding=\"async\" width=\"1024\" height=\"576\" data-id=\"22736\" src=\"https:\/\/revistaacropolis.com\/wp-content\/uploads\/2026\/03\/Portadas-Paginas-web-35-1024x576.png\" alt=\"\" class=\"wp-image-22736\" srcset=\"https:\/\/revistaacropolis.com\/wp-content\/uploads\/2026\/03\/Portadas-Paginas-web-35-1024x576.png 1024w, https:\/\/revistaacropolis.com\/wp-content\/uploads\/2026\/03\/Portadas-Paginas-web-35-300x169.png 300w, https:\/\/revistaacropolis.com\/wp-content\/uploads\/2026\/03\/Portadas-Paginas-web-35-768x432.png 768w, https:\/\/revistaacropolis.com\/wp-content\/uploads\/2026\/03\/Portadas-Paginas-web-35-1536x864.png 1536w, https:\/\/revistaacropolis.com\/wp-content\/uploads\/2026\/03\/Portadas-Paginas-web-35-2048x1151.png 2048w, https:\/\/revistaacropolis.com\/wp-content\/uploads\/2026\/03\/Portadas-Paginas-web-35-600x337.png 600w\" sizes=\"(max-width: 1024px) 100vw, 1024px\" \/><\/figure>\n<\/figure>\n\n\n\n<p>Durante esta actividad, las ponentes coincidieron en la necesidad de continuar impulsando acciones que fortalezcan la igualdad sustantiva, la participaci\u00f3n pol\u00edtica de las mujeres y el acceso a espacios de decisi\u00f3n en condiciones de equidad, destacando que Hidalgo cuenta con mujeres preparadas y con liderazgo para asumir responsabilidades en los m\u00e1s altos niveles de gobierno.<\/p>\n\n\n\n<p>Al respecto, <strong>Dalia del Carmen Fern\u00e1ndez <\/strong>consider\u00f3 que Hidalgo est\u00e1 preparado para ser gobernado por una mujer, \u201cel estado est\u00e1 listo, yo creo que las diputadas asumen su compromiso hist\u00f3rico para esta paridad, incluyendo la gubernatura\u201d.<\/p>\n\n\n\n<p><strong>Juana Mar\u00eda M\u00e1rquez<\/strong> celebr\u00f3 que \u201choy contamos con 16 mujeres dentro del Congreso local. Tenemos 41 municipios gobernados por mujeres y habr\u00eda que se\u00f1alar tambi\u00e9n el n\u00famero de mujeres que tienen una responsabilidad dentro de las estructuras del estado. Muchas mujeres tienen ya un puesto, un cargo p\u00fablico, un espacio de toma de decisiones\u201d.<\/p>\n\n\n\n<p><strong>Rosalba Ray\u00f3n <\/strong>expres\u00f3 que en Hidalgo \u201cpronto vamos a tener una gobernadora, sin duda alguna, porque gobernar no solamente significa administrar, es una toma de decisiones y las mujeres hist\u00f3ricamente hemos dirigido una casa, hist\u00f3ricamente hemos dado la batalla con nuestros hijos e hijas\u201d.<\/p>\n\n\n\n<figure class=\"wp-block-gallery has-nested-images columns-default is-cropped wp-block-gallery-3 is-layout-flex wp-block-gallery-is-layout-flex\">\n<figure class=\"wp-block-image size-large\"><img decoding=\"async\" width=\"1024\" height=\"576\" data-id=\"22737\" src=\"https:\/\/revistaacropolis.com\/wp-content\/uploads\/2026\/03\/Portadas-Paginas-web-36-1024x576.png\" alt=\"\" class=\"wp-image-22737\" srcset=\"https:\/\/revistaacropolis.com\/wp-content\/uploads\/2026\/03\/Portadas-Paginas-web-36-1024x576.png 1024w, https:\/\/revistaacropolis.com\/wp-content\/uploads\/2026\/03\/Portadas-Paginas-web-36-300x169.png 300w, https:\/\/revistaacropolis.com\/wp-content\/uploads\/2026\/03\/Portadas-Paginas-web-36-768x432.png 768w, https:\/\/revistaacropolis.com\/wp-content\/uploads\/2026\/03\/Portadas-Paginas-web-36-1536x864.png 1536w, https:\/\/revistaacropolis.com\/wp-content\/uploads\/2026\/03\/Portadas-Paginas-web-36-2048x1151.png 2048w, https:\/\/revistaacropolis.com\/wp-content\/uploads\/2026\/03\/Portadas-Paginas-web-36-600x337.png 600w\" sizes=\"(max-width: 1024px) 100vw, 1024px\" \/><\/figure>\n<\/figure>\n\n\n\n<p>La edil <strong>Corina Jim\u00e9nez<\/strong> resalt\u00f3: \u201ccreo que lo \u00fanico que le falta a nuestro estado es ser gobernado por una mujer. Obviamente depende del proyecto y de los planes que presente cada candidata\u201d.<\/p>\n\n\n\n<p><strong>Margarita Ramos <\/strong>consider\u00f3 que quienes deben gobernar el estado son las mujeres que \u201chayan trabajado, las que hayan recorrido el territorio, las que abracen las causas, las que se hayan formado, las que tienen valores, principios y los replican en el d\u00eda a d\u00eda. No las mujeres que los hombres quieran\u201d.<\/p>\n\n\n\n<p><strong>Selene Olvera <\/strong>record\u00f3 que las mujeres representan m\u00e1s de la mitad de la poblaci\u00f3n en la entidad, pero, sobre todo, \u201crepresentamos la base del tejido social que sostiene a nuestras comunidades\u201d.<\/p>\n\n\n\n<p>Mientras que <strong>Marcela Isidro <\/strong>asever\u00f3 que, desde Acci\u00f3n Nacional, \u201ccreemos que las mujeres son parte fundamental para el proyecto que hoy requiere Hidalgo. Las mujeres saben encabezar proyectos, externar opiniones y tambi\u00e9n escuchar\u201d.<\/p>\n\n\n\n<p>Por \u00faltimo, <strong>Mirna Hern\u00e1ndez <\/strong>precis\u00f3: \u201cqueremos una gobernadora de seis a\u00f1os, no de dos. Queremos una gobernadora que verdaderamente nos represente y tenga tiempo de hacer las cosas. Creo verdaderamente que la uni\u00f3n hace la fuerza\u201d.<\/p>\n\n\n\n<p>Las participantes tambi\u00e9n intercambiaron experiencias y reflexiones en torno a los avances, desaf\u00edos y oportunidades que enfrentan las mujeres en el ejercicio de cargos de responsabilidad p\u00fablica, as\u00ed como la importancia de consolidar entornos libres de violencia y con perspectiva de g\u00e9nero que permitan garantizar una participaci\u00f3n plena en la toma de decisiones.<\/p>\n\n\n\n<p>Adem\u00e1s, las legisladoras <strong>Mar\u00eda del Rosario Guerrero Mart\u00ednez<\/strong>, <strong>Paloma Barrag\u00e1n Santos<\/strong>, <strong>Cynthia Citlali Delgado Mendoza<\/strong>, <strong>Alma Rosa El\u00edas Paso<\/strong>, <strong>Diana Rangel Z\u00fa\u00f1iga<\/strong>, <strong>Yarabi Gonz\u00e1lez Mart\u00ednez<\/strong>, <strong>Lizbeth Ira\u00eds Ordaz Islas<\/strong>, <strong>Tania Er\u00e9ndira Meza Escorza<\/strong>, <strong>Hilda Miranda Miranda<\/strong>, <strong>M\u00f3nica Leanett Reyes Mart\u00ednez<\/strong>, <strong>Juana Olivia Alarc\u00f3n Rivera<\/strong>, <strong>Orqu\u00eddea Larragoiti Osorio<\/strong>, <strong>Karla Perales Arrieta<\/strong>, <strong>Mar\u00eda Guadalupe Cruz Monta\u00f1o<\/strong>, <strong>Johana Montcerrat Hern\u00e1ndez P\u00e9rez<\/strong> y <strong>Claudia Lilia Luna Islas<\/strong> firmaron el acuerdo de agenda legislativa con perspectiva feminista, con el compromiso de seguir impulsando acciones que fortalezcan los derechos de las mujeres en la entidad.<\/p>\n\n\n\n<p>El Congreso del Estado refrenda con este tipo de ejercicios su compromiso de promover espacios de di\u00e1logo plural que contribuyan al fortalecimiento de la vida democr\u00e1tica y al reconocimiento del papel fundamental de las mujeres en la construcci\u00f3n de un estado m\u00e1s justo e incluyente.Al evento tambi\u00e9n asistieron el diputado <strong>Aldo Meza Hern\u00e1ndez<\/strong>, presidente de la directiva de marzo; <strong>Miguel \u00c1ngel Lee Rodr\u00edguez<\/strong>, director del Instituto Tecnol\u00f3gico de Pachuca; as\u00ed como invitadas especiales, directores y personal del Congreso.<\/p>\n","protected":false},"excerpt":{"rendered":"<p>En el marco del D\u00eda Internacional de la Mujer, conmemorado cada 8 de marzo, diputadas integrantes de la LXVI Legislatura y el diputado presidente de la Junta de Gobierno del&hellip; <\/p>\n","protected":false},"author":16,"featured_media":22738,"comment_status":"closed","ping_status":"closed","sticky":false,"template":"","format":"standard","meta":{"two_page_speed":[],"_joinchat":[],"footnotes":""},"categories":[1],"tags":[],"class_list":["post-22735","post","type-post","status-publish","format-standard","has-post-thumbnail","hentry","category-politica"],"_links":{"self":[{"href":"https:\/\/revistaacropolis.com\/index.php\/wp-json\/wp\/v2\/posts\/22735","targetHints":{"allow":["GET"]}}],"collection":[{"href":"https:\/\/revistaacropolis.com\/index.php\/wp-json\/wp\/v2\/posts"}],"about":[{"href":"https:\/\/revistaacropolis.com\/index.php\/wp-json\/wp\/v2\/types\/post"}],"author":[{"embeddable":true,"href":"https:\/\/revistaacropolis.com\/index.php\/wp-json\/wp\/v2\/users\/16"}],"replies":[{"embeddable":true,"href":"https:\/\/revistaacropolis.com\/index.php\/wp-json\/wp\/v2\/comments?post=22735"}],"version-history":[{"count":1,"href":"https:\/\/revistaacropolis.com\/index.php\/wp-json\/wp\/v2\/posts\/22735\/revisions"}],"predecessor-version":[{"id":22741,"href":"https:\/\/revistaacropolis.com\/index.php\/wp-json\/wp\/v2\/posts\/22735\/revisions\/22741"}],"wp:featuredmedia":[{"embeddable":true,"href":"https:\/\/revistaacropolis.com\/index.php\/wp-json\/wp\/v2\/media\/22738"}],"wp:attachment":[{"href":"https:\/\/revistaacropolis.com\/index.php\/wp-json\/wp\/v2\/media?parent=22735"}],"wp:term":[{"taxonomy":"category","embeddable":true,"href":"https:\/\/revistaacropolis.com\/index.php\/wp-json\/wp\/v2\/categories?post=22735"},{"taxonomy":"post_tag","embeddable":true,"href":"https:\/\/revistaacropolis.com\/index.php\/wp-json\/wp\/v2\/tags?post=22735"}],"curies":[{"name":"wp","href":"https:\/\/api.w.org\/{rel}","templated":true}]}}