{"id":22750,"date":"2026-03-16T13:53:34","date_gmt":"2026-03-16T19:53:34","guid":{"rendered":"https:\/\/revistaacropolis.com\/?p=22750"},"modified":"2026-03-16T13:53:35","modified_gmt":"2026-03-16T19:53:35","slug":"rebeca-fernandez-asume-presidencia-del-colegio-de-contadores-publicos-de-hidalgo","status":"publish","type":"post","link":"https:\/\/revistaacropolis.com\/index.php\/rebeca-fernandez-asume-presidencia-del-colegio-de-contadores-publicos-de-hidalgo\/politica\/","title":{"rendered":"Rebeca Fern\u00e1ndez asume presidencia del Colegio de Contadores P\u00fablicos de Hidalgo"},"content":{"rendered":"\n<hr class=\"wp-block-separator has-alpha-channel-opacity\"\/>\n\n\n\n<p>La <strong>maestra Rebeca Fern\u00e1ndez Rold\u00e1n rindi\u00f3 protesta como presidenta del Colegio de Contadores P\u00fablicos de Hidalgo para el periodo 2026-2027<\/strong>, durante una ceremonia en la que se destac\u00f3 el papel de la contadur\u00eda p\u00fablica en la transparencia, la rendici\u00f3n de cuentas y la modernizaci\u00f3n profesional en el estado.<\/p>\n\n\n\n<p>Al asumir el cargo, Fern\u00e1ndez Rold\u00e1n afirm\u00f3 que su gesti\u00f3n buscar\u00e1 <strong>posicionar al colegio como un referente t\u00e9cnico en Hidalgo<\/strong> ante autoridades y sociedad civil, adem\u00e1s de <strong>impulsar la actualizaci\u00f3n profesional y la adopci\u00f3n de herramientas tecnol\u00f3gicas<\/strong> ante los retos de la inteligencia artificial y la automatizaci\u00f3n.<\/p>\n\n\n\n<p>\u201cBuscaremos que el colegio sea referente natural de opini\u00f3n t\u00e9cnica en Hidalgo, influyendo con rigor en las pol\u00edticas p\u00fablicas y colocando al asociado en el centro de nuestra vida institucional\u201d, se\u00f1al\u00f3.<\/p>\n\n\n\n<p>La nueva presidenta explic\u00f3 que su <strong>plan de trabajo<\/strong> contempla fortalecer la capacitaci\u00f3n, <strong>modernizar el ecosistema tecnol\u00f3gico<\/strong> del organismo y consolidar el programa <strong>Juventud Contable<\/strong> para atraer a estudiantes y nuevos profesionistas al gremio.<\/p>\n\n\n\n<p>Asimismo, destac\u00f3 que la misi\u00f3n del colegio ser\u00e1 proteger y fortalecer a la comunidad contable bajo <strong>principios de \u00e9tica, responsabilidad y actualizaci\u00f3n permanente<\/strong>, con el objetivo de consolidar una organizaci\u00f3n moderna y propositiva dentro de la regi\u00f3n centro del pa\u00eds.<\/p>\n\n\n\n<figure class=\"wp-block-image size-large\"><img fetchpriority=\"high\" decoding=\"async\" width=\"1024\" height=\"576\" src=\"https:\/\/revistaacropolis.com\/wp-content\/uploads\/2026\/03\/Portadas-Paginas-web-45-1024x576.png\" alt=\"\" class=\"wp-image-22752\" srcset=\"https:\/\/revistaacropolis.com\/wp-content\/uploads\/2026\/03\/Portadas-Paginas-web-45-1024x576.png 1024w, https:\/\/revistaacropolis.com\/wp-content\/uploads\/2026\/03\/Portadas-Paginas-web-45-300x169.png 300w, https:\/\/revistaacropolis.com\/wp-content\/uploads\/2026\/03\/Portadas-Paginas-web-45-768x432.png 768w, https:\/\/revistaacropolis.com\/wp-content\/uploads\/2026\/03\/Portadas-Paginas-web-45-1536x864.png 1536w, https:\/\/revistaacropolis.com\/wp-content\/uploads\/2026\/03\/Portadas-Paginas-web-45-2048x1152.png 2048w, https:\/\/revistaacropolis.com\/wp-content\/uploads\/2026\/03\/Portadas-Paginas-web-45-600x337.png 600w\" sizes=\"(max-width: 1024px) 100vw, 1024px\" \/><\/figure>\n\n\n\n<p>Durante el evento, el <strong>presidente saliente Francisco Boadono R\u00edos<\/strong> present\u00f3 su informe de actividades del periodo 2024-2025, en el que destac\u00f3 el <strong>crecimiento de la membres\u00eda del colegio, que pas\u00f3 de 83 a 89 asociados<\/strong>, as\u00ed como el cumplimiento de programas de capacitaci\u00f3n en \u00e1reas como fiscal, auditor\u00eda, contabilidad gubernamental y prevenci\u00f3n de lavado de dinero.<\/p>\n\n\n\n<p>Tambi\u00e9n inform\u00f3 que el organismo <strong>mantiene finanzas sanas<\/strong>, sin adeudos fiscales ni con el instituto nacional, adem\u00e1s de <strong>avances en el proyecto de mejora de sus instalaciones<\/strong>, que incluye obras de mantenimiento e infraestructura para fortalecer las actividades del gremio.<\/p>\n\n\n\n<p>La ceremonia cont\u00f3 con la presencia de la <strong>presidenta del Instituto Mexicano de Contadores P\u00fablicos, Ludivina Leija Rodr\u00edguez<\/strong>, quien reconoci\u00f3 la trayectoria del colegio hidalguense y destac\u00f3 el <strong>crecimiento de la participaci\u00f3n femenina<\/strong> en la contadur\u00eda p\u00fablica.<\/p>\n\n\n\n<p>Detall\u00f3 que actualmente <strong>cerca del 40 por ciento de los integrantes del instituto son mujeres<\/strong> y subray\u00f3 que existen programas para impulsar su incorporaci\u00f3n y liderazgo dentro de la profesi\u00f3n.<\/p>\n\n\n\n<p>En representaci\u00f3n del gobierno estatal, el <strong>contralor \u00c1lvaro Bardales Ram\u00edrez<\/strong> se\u00f1al\u00f3 que la contadur\u00eda p\u00fablica es un <strong>pilar para la fiscalizaci\u00f3n y la rendici\u00f3n de cuentas<\/strong>, al contribuir al control interno y al combate a la corrupci\u00f3n tanto en el sector p\u00fablico como en el privado.<\/p>\n\n\n\n<p>El funcionario, quien acudi\u00f3 en nombre del gobernador Julio Menchaca Salazar, reconoci\u00f3 la colaboraci\u00f3n del colegio con las instituciones p\u00fablicas y su aportaci\u00f3n al fortalecimiento de la transparencia en el estado.<\/p>\n\n\n\n<figure class=\"wp-block-image size-large\"><img decoding=\"async\" width=\"1024\" height=\"576\" src=\"https:\/\/revistaacropolis.com\/wp-content\/uploads\/2026\/03\/Portadas-Paginas-web-47-1024x576.png\" alt=\"\" class=\"wp-image-22753\" srcset=\"https:\/\/revistaacropolis.com\/wp-content\/uploads\/2026\/03\/Portadas-Paginas-web-47-1024x576.png 1024w, https:\/\/revistaacropolis.com\/wp-content\/uploads\/2026\/03\/Portadas-Paginas-web-47-300x169.png 300w, https:\/\/revistaacropolis.com\/wp-content\/uploads\/2026\/03\/Portadas-Paginas-web-47-768x432.png 768w, https:\/\/revistaacropolis.com\/wp-content\/uploads\/2026\/03\/Portadas-Paginas-web-47-1536x864.png 1536w, https:\/\/revistaacropolis.com\/wp-content\/uploads\/2026\/03\/Portadas-Paginas-web-47-2048x1152.png 2048w, https:\/\/revistaacropolis.com\/wp-content\/uploads\/2026\/03\/Portadas-Paginas-web-47-600x337.png 600w\" sizes=\"(max-width: 1024px) 100vw, 1024px\" \/><\/figure>\n","protected":false},"excerpt":{"rendered":"<p>La maestra Rebeca Fern\u00e1ndez Rold\u00e1n rindi\u00f3 protesta como presidenta del Colegio de Contadores P\u00fablicos de Hidalgo para el periodo 2026-2027, durante una ceremonia en la que se destac\u00f3 el papel&hellip; <\/p>\n","protected":false},"author":16,"featured_media":22751,"comment_status":"closed","ping_status":"closed","sticky":false,"template":"","format":"standard","meta":{"two_page_speed":[],"_joinchat":[],"footnotes":""},"categories":[1],"tags":[],"class_list":["post-22750","post","type-post","status-publish","format-standard","has-post-thumbnail","hentry","category-politica"],"_links":{"self":[{"href":"https:\/\/revistaacropolis.com\/index.php\/wp-json\/wp\/v2\/posts\/22750","targetHints":{"allow":["GET"]}}],"collection":[{"href":"https:\/\/revistaacropolis.com\/index.php\/wp-json\/wp\/v2\/posts"}],"about":[{"href":"https:\/\/revistaacropolis.com\/index.php\/wp-json\/wp\/v2\/types\/post"}],"author":[{"embeddable":true,"href":"https:\/\/revistaacropolis.com\/index.php\/wp-json\/wp\/v2\/users\/16"}],"replies":[{"embeddable":true,"href":"https:\/\/revistaacropolis.com\/index.php\/wp-json\/wp\/v2\/comments?post=22750"}],"version-history":[{"count":1,"href":"https:\/\/revistaacropolis.com\/index.php\/wp-json\/wp\/v2\/posts\/22750\/revisions"}],"predecessor-version":[{"id":22754,"href":"https:\/\/revistaacropolis.com\/index.php\/wp-json\/wp\/v2\/posts\/22750\/revisions\/22754"}],"wp:featuredmedia":[{"embeddable":true,"href":"https:\/\/revistaacropolis.com\/index.php\/wp-json\/wp\/v2\/media\/22751"}],"wp:attachment":[{"href":"https:\/\/revistaacropolis.com\/index.php\/wp-json\/wp\/v2\/media?parent=22750"}],"wp:term":[{"taxonomy":"category","embeddable":true,"href":"https:\/\/revistaacropolis.com\/index.php\/wp-json\/wp\/v2\/categories?post=22750"},{"taxonomy":"post_tag","embeddable":true,"href":"https:\/\/revistaacropolis.com\/index.php\/wp-json\/wp\/v2\/tags?post=22750"}],"curies":[{"name":"wp","href":"https:\/\/api.w.org\/{rel}","templated":true}]}}