{"id":22770,"date":"2026-03-18T16:56:32","date_gmt":"2026-03-18T22:56:32","guid":{"rendered":"https:\/\/revistaacropolis.com\/?p=22770"},"modified":"2026-03-18T16:57:08","modified_gmt":"2026-03-18T22:57:08","slug":"busca-mineral-de-la-reforma-mayor-desarrollo-a-traves-de-la-planeacion","status":"publish","type":"post","link":"https:\/\/revistaacropolis.com\/index.php\/busca-mineral-de-la-reforma-mayor-desarrollo-a-traves-de-la-planeacion\/politica\/","title":{"rendered":"BUSCA MINERAL DE LA REFORMA MAYOR DESARROLLO A TRAV\u00c9S DE LA PLANEACI\u00d3N"},"content":{"rendered":"\n<h4 class=\"wp-block-heading\">Se present\u00f3 el Programa Anual de Evaluaci\u00f3n y el Programa Municipal de Poblaci\u00f3n.<\/h4>\n\n\n\n<p><strong>El alcalde de Mineral de la Reforma, Eduardo Med\u00e9cigo Rubio, encabez\u00f3 la Primera Sesi\u00f3n del Comit\u00e9 de Planeaci\u00f3n para el Desarrollo Municipal (Copladem) 2026<\/strong>; a este evento, asistieron como parte del consejo, la presidenta del DIF local, Samantha Esparza; as\u00ed como secretarias y secretarios municipales e integrantes del Cabildo.<\/p>\n\n\n\n<p>El alcalde de la Ciudad de la Comunidad subray\u00f3 que <strong>\u201cel Copladem es el coraz\u00f3n de la administraci\u00f3n, ya que es ah\u00ed donde las ideas se convierten en proyectos y estos en bienestar para las y los mineralreformenses. Este proceso de planeaci\u00f3n es el que sostiene todo el desarrollo de la administraci\u00f3n p\u00fablica\u201d.<\/strong><\/p>\n\n\n\n<p>Durante el desarrollo de esta actividad, <strong>la Titular de la Unidad de Planeaci\u00f3n y Evaluaci\u00f3n municipal, Meyl\u00e1n Espejel Moreno, present\u00f3 el Programa Anual de Evaluaci\u00f3n (PAE), y el Programa Municipal de Poblaci\u00f3n; as\u00ed como el calendario anual de las sesiones ordinarias del Copladem.<\/strong><\/p>\n\n\n\n<p>La funcionaria municipal explic\u00f3 que <strong>el PAE est\u00e1 dividido en 2 evaluaciones; la primera, de Factibilidad, ser\u00e1 con la implementaci\u00f3n del programa de Desarrollo Agropecuario y Seguridad Alimentaria<\/strong> [&#8230;] El calendario de ejecuci\u00f3n es de abril a julio.<\/p>\n\n\n\n<p><strong>La segunda, de Consistencia y Resultados se ejecutar\u00e1 con el programa Procuraci\u00f3n F\u00edsica, Mental y Social de la Comunidad Mineralreformense, mismo que implementa el Sistema Municipal DIF.<\/strong> Esta etapa se realizar\u00e1 de agosto a noviembre.<\/p>\n\n\n\n<p>Respecto al <strong>Programa Municipal de Poblaci\u00f3n, Meyl\u00e1n Espejel detall\u00f3 que es un instrumento estrat\u00e9gico de pol\u00edtica p\u00fablica, para entender qui\u00e9nes viven en el municipio, c\u00f3mo viven y c\u00f3mo van a cambiar en el futuro.<\/strong> Es una hoja de ruta que cruza los datos demogr\u00e1ficos con las necesidades sociales.<\/p>\n\n\n\n<figure class=\"wp-block-gallery has-nested-images columns-default is-cropped wp-block-gallery-1 is-layout-flex wp-block-gallery-is-layout-flex\">\n<figure class=\"wp-block-image size-large\"><img fetchpriority=\"high\" decoding=\"async\" width=\"1024\" height=\"576\" data-id=\"22773\" src=\"https:\/\/revistaacropolis.com\/wp-content\/uploads\/2026\/03\/Portadas-Paginas-web-50-1024x576.png\" alt=\"\" class=\"wp-image-22773\" srcset=\"https:\/\/revistaacropolis.com\/wp-content\/uploads\/2026\/03\/Portadas-Paginas-web-50-1024x576.png 1024w, https:\/\/revistaacropolis.com\/wp-content\/uploads\/2026\/03\/Portadas-Paginas-web-50-300x169.png 300w, https:\/\/revistaacropolis.com\/wp-content\/uploads\/2026\/03\/Portadas-Paginas-web-50-768x432.png 768w, https:\/\/revistaacropolis.com\/wp-content\/uploads\/2026\/03\/Portadas-Paginas-web-50-1536x864.png 1536w, https:\/\/revistaacropolis.com\/wp-content\/uploads\/2026\/03\/Portadas-Paginas-web-50-2048x1151.png 2048w, https:\/\/revistaacropolis.com\/wp-content\/uploads\/2026\/03\/Portadas-Paginas-web-50-600x337.png 600w\" sizes=\"(max-width: 1024px) 100vw, 1024px\" \/><\/figure>\n<\/figure>\n\n\n\n<p>Agreg\u00f3 que <strong>sirve para planear el crecimiento urbano, identificar grupos vulnerables, gestionar la movilidad y generar condiciones para la atracci\u00f3n de inversi\u00f3n. Todo ello, a trav\u00e9s de 5 objetivos, 10 principios rectores, 7 tem\u00e1ticas, 7 objetivos estrat\u00e9gicos, a trav\u00e9s de 17 indicadores alineados al Plan Municipal de Desarrollo 2024\u20132027.<\/strong><\/p>\n\n\n\n<p>Finalmente, David Arturo Rodr\u00edguez Calzad\u00edaz, director general de Planeaci\u00f3n y Participaci\u00f3n Ciudadana del gobierno del estado, <strong>reconoci\u00f3 las acciones establecidas en este comit\u00e9 est\u00e1n enfocadas a apoyar zonas hist\u00f3ricamente abandonadas, lo que demuestra un verdadero compromiso con el pueblo de Mineral de la Reforma.<\/strong><\/p>\n\n\n\n<figure class=\"wp-block-gallery has-nested-images columns-default is-cropped wp-block-gallery-2 is-layout-flex wp-block-gallery-is-layout-flex\">\n<figure class=\"wp-block-image size-large\"><img decoding=\"async\" width=\"1024\" height=\"576\" data-id=\"22774\" src=\"https:\/\/revistaacropolis.com\/wp-content\/uploads\/2026\/03\/Portadas-Paginas-web-51-1024x576.png\" alt=\"\" class=\"wp-image-22774\" srcset=\"https:\/\/revistaacropolis.com\/wp-content\/uploads\/2026\/03\/Portadas-Paginas-web-51-1024x576.png 1024w, https:\/\/revistaacropolis.com\/wp-content\/uploads\/2026\/03\/Portadas-Paginas-web-51-300x169.png 300w, https:\/\/revistaacropolis.com\/wp-content\/uploads\/2026\/03\/Portadas-Paginas-web-51-768x432.png 768w, https:\/\/revistaacropolis.com\/wp-content\/uploads\/2026\/03\/Portadas-Paginas-web-51-1536x864.png 1536w, https:\/\/revistaacropolis.com\/wp-content\/uploads\/2026\/03\/Portadas-Paginas-web-51-2048x1151.png 2048w, https:\/\/revistaacropolis.com\/wp-content\/uploads\/2026\/03\/Portadas-Paginas-web-51-600x337.png 600w\" sizes=\"(max-width: 1024px) 100vw, 1024px\" \/><\/figure>\n<\/figure>\n","protected":false},"excerpt":{"rendered":"<p>Se present\u00f3 el Programa Anual de Evaluaci\u00f3n y el Programa Municipal de Poblaci\u00f3n. El alcalde de Mineral de la Reforma, Eduardo Med\u00e9cigo Rubio, encabez\u00f3 la Primera Sesi\u00f3n del Comit\u00e9 de&hellip; <\/p>\n","protected":false},"author":16,"featured_media":22771,"comment_status":"closed","ping_status":"closed","sticky":false,"template":"","format":"standard","meta":{"two_page_speed":[],"_joinchat":[],"footnotes":""},"categories":[1],"tags":[],"class_list":["post-22770","post","type-post","status-publish","format-standard","has-post-thumbnail","hentry","category-politica"],"_links":{"self":[{"href":"https:\/\/revistaacropolis.com\/index.php\/wp-json\/wp\/v2\/posts\/22770","targetHints":{"allow":["GET"]}}],"collection":[{"href":"https:\/\/revistaacropolis.com\/index.php\/wp-json\/wp\/v2\/posts"}],"about":[{"href":"https:\/\/revistaacropolis.com\/index.php\/wp-json\/wp\/v2\/types\/post"}],"author":[{"embeddable":true,"href":"https:\/\/revistaacropolis.com\/index.php\/wp-json\/wp\/v2\/users\/16"}],"replies":[{"embeddable":true,"href":"https:\/\/revistaacropolis.com\/index.php\/wp-json\/wp\/v2\/comments?post=22770"}],"version-history":[{"count":2,"href":"https:\/\/revistaacropolis.com\/index.php\/wp-json\/wp\/v2\/posts\/22770\/revisions"}],"predecessor-version":[{"id":22775,"href":"https:\/\/revistaacropolis.com\/index.php\/wp-json\/wp\/v2\/posts\/22770\/revisions\/22775"}],"wp:featuredmedia":[{"embeddable":true,"href":"https:\/\/revistaacropolis.com\/index.php\/wp-json\/wp\/v2\/media\/22771"}],"wp:attachment":[{"href":"https:\/\/revistaacropolis.com\/index.php\/wp-json\/wp\/v2\/media?parent=22770"}],"wp:term":[{"taxonomy":"category","embeddable":true,"href":"https:\/\/revistaacropolis.com\/index.php\/wp-json\/wp\/v2\/categories?post=22770"},{"taxonomy":"post_tag","embeddable":true,"href":"https:\/\/revistaacropolis.com\/index.php\/wp-json\/wp\/v2\/tags?post=22770"}],"curies":[{"name":"wp","href":"https:\/\/api.w.org\/{rel}","templated":true}]}}