{"id":23402,"date":"2026-04-29T12:47:56","date_gmt":"2026-04-29T18:47:56","guid":{"rendered":"https:\/\/revistaacropolis.com\/?p=23402"},"modified":"2026-04-29T12:47:59","modified_gmt":"2026-04-29T18:47:59","slug":"impulsa-cristhian-martinez-el-turismo-la-cultura-y-la-gastronomia-con-la-feria-del-helado-artesanal-2026","status":"publish","type":"post","link":"https:\/\/revistaacropolis.com\/index.php\/impulsa-cristhian-martinez-el-turismo-la-cultura-y-la-gastronomia-con-la-feria-del-helado-artesanal-2026\/sociedad\/","title":{"rendered":"Impulsa Cristhian Mart\u00ednez el turismo, la cultura y la gastronom\u00eda con la Feria del Helado Artesanal 2026"},"content":{"rendered":"\n<p>La Feria del Helado Artesanal 2026 regresa como uno de los eventos m\u00e1s representativos de la regi\u00f3n,&nbsp;<strong>consolidando a Tula de Allende como una de las paradas m\u00e1s importantes dentro de la Ruta del Helado Artesanal Hidalgo<\/strong>, al reunir tradici\u00f3n, innovaci\u00f3n y una amplia oferta gastron\u00f3mica que fortalece el turismo y la econom\u00eda local.<\/p>\n\n\n\n<p>Como parte del compromiso del presidente municipal de Tula de Allende, Cristhian Mart\u00ednez, con el fortalecimiento de la gastronom\u00eda, el turismo y la cultura,&nbsp;<strong>los pr\u00f3ximos 2 y 3 de mayo, a partir de las 10:00 horas, el Teatro al aire libre, ser\u00e1 sede de esta importante feria<\/strong>, aunado al primer aniversario del distintivo Pueblos con Sabor y la celebraci\u00f3n del D\u00eda Internacional de la Danza.<\/p>\n\n\n\n<p>Este a\u00f1o,&nbsp;<strong>m\u00e1s de 20 productores ofrecer\u00e1n a las y los asistentes una experiencia \u00fanica con m\u00e1s de 300 sabores distintos<\/strong>, que van desde los m\u00e1s ex\u00f3ticos como chinicuil, mole o chile serrano, hasta los tradicionales como lim\u00f3n, mango y chocolate, resaltando la creatividad y riqueza culinaria de la regi\u00f3n.<\/p>\n\n\n\n<p>El evento contar\u00e1 con un amplio programa art\u00edstico y cultural, entrega de reconocimientos y&nbsp;<strong>un concurso que premiar\u00e1 a los tres mejores sabores<\/strong>. Adem\u00e1s de pabellones artesanales y gastron\u00f3micos que permitir\u00e1n la promoci\u00f3n y comercializaci\u00f3n de productos y alimentos elaborados en la regi\u00f3n.<\/p>\n\n\n\n<p>De esta forma, la administraci\u00f3n que encabeza el presidente Cristhian Mart\u00ednez,&nbsp;<strong>refrenda su compromiso de generar espacios que impulsen la gastronom\u00eda local<\/strong>, fortalezcan la cultura, promuevan el turismo y contribuyan al desarrollo econ\u00f3mico de las y los tulenses.<\/p>\n\n\n\n<figure class=\"wp-block-gallery has-nested-images columns-default is-cropped wp-block-gallery-1 is-layout-flex wp-block-gallery-is-layout-flex\">\n<figure class=\"wp-block-image\"><img fetchpriority=\"high\" decoding=\"async\" width=\"2049\" height=\"1152\" data-id=\"23407\" src=\"https:\/\/revistaacropolis.com\/wp-content\/uploads\/2026\/04\/Portadas-Paginas-web-2026-04-29T124721.669.png\" alt=\"\" class=\"wp-image-23407\" srcset=\"https:\/\/revistaacropolis.com\/wp-content\/uploads\/2026\/04\/Portadas-Paginas-web-2026-04-29T124721.669.png 2049w, https:\/\/revistaacropolis.com\/wp-content\/uploads\/2026\/04\/Portadas-Paginas-web-2026-04-29T124721.669-300x169.png 300w, https:\/\/revistaacropolis.com\/wp-content\/uploads\/2026\/04\/Portadas-Paginas-web-2026-04-29T124721.669-1024x576.png 1024w, https:\/\/revistaacropolis.com\/wp-content\/uploads\/2026\/04\/Portadas-Paginas-web-2026-04-29T124721.669-768x432.png 768w, https:\/\/revistaacropolis.com\/wp-content\/uploads\/2026\/04\/Portadas-Paginas-web-2026-04-29T124721.669-1536x864.png 1536w, https:\/\/revistaacropolis.com\/wp-content\/uploads\/2026\/04\/Portadas-Paginas-web-2026-04-29T124721.669-600x337.png 600w\" sizes=\"(max-width: 2049px) 100vw, 2049px\" \/><\/figure>\n\n\n\n<figure class=\"wp-block-image\"><img decoding=\"async\" width=\"2049\" height=\"1152\" data-id=\"23406\" src=\"https:\/\/revistaacropolis.com\/wp-content\/uploads\/2026\/04\/Portadas-Paginas-web-2026-04-29T124643.682.png\" alt=\"\" class=\"wp-image-23406\" srcset=\"https:\/\/revistaacropolis.com\/wp-content\/uploads\/2026\/04\/Portadas-Paginas-web-2026-04-29T124643.682.png 2049w, https:\/\/revistaacropolis.com\/wp-content\/uploads\/2026\/04\/Portadas-Paginas-web-2026-04-29T124643.682-300x169.png 300w, https:\/\/revistaacropolis.com\/wp-content\/uploads\/2026\/04\/Portadas-Paginas-web-2026-04-29T124643.682-1024x576.png 1024w, https:\/\/revistaacropolis.com\/wp-content\/uploads\/2026\/04\/Portadas-Paginas-web-2026-04-29T124643.682-768x432.png 768w, https:\/\/revistaacropolis.com\/wp-content\/uploads\/2026\/04\/Portadas-Paginas-web-2026-04-29T124643.682-1536x864.png 1536w, https:\/\/revistaacropolis.com\/wp-content\/uploads\/2026\/04\/Portadas-Paginas-web-2026-04-29T124643.682-600x337.png 600w\" sizes=\"(max-width: 2049px) 100vw, 2049px\" \/><\/figure>\n\n\n\n<figure class=\"wp-block-image\"><img decoding=\"async\" width=\"2049\" height=\"1152\" data-id=\"23405\" src=\"https:\/\/revistaacropolis.com\/wp-content\/uploads\/2026\/04\/Portadas-Paginas-web-2026-04-29T124648.682.png\" alt=\"\" class=\"wp-image-23405\" srcset=\"https:\/\/revistaacropolis.com\/wp-content\/uploads\/2026\/04\/Portadas-Paginas-web-2026-04-29T124648.682.png 2049w, https:\/\/revistaacropolis.com\/wp-content\/uploads\/2026\/04\/Portadas-Paginas-web-2026-04-29T124648.682-300x169.png 300w, https:\/\/revistaacropolis.com\/wp-content\/uploads\/2026\/04\/Portadas-Paginas-web-2026-04-29T124648.682-1024x576.png 1024w, https:\/\/revistaacropolis.com\/wp-content\/uploads\/2026\/04\/Portadas-Paginas-web-2026-04-29T124648.682-768x432.png 768w, https:\/\/revistaacropolis.com\/wp-content\/uploads\/2026\/04\/Portadas-Paginas-web-2026-04-29T124648.682-1536x864.png 1536w, https:\/\/revistaacropolis.com\/wp-content\/uploads\/2026\/04\/Portadas-Paginas-web-2026-04-29T124648.682-600x337.png 600w\" sizes=\"(max-width: 2049px) 100vw, 2049px\" \/><\/figure>\n\n\n\n<figure class=\"wp-block-image\"><img loading=\"lazy\" decoding=\"async\" width=\"2049\" height=\"1152\" data-id=\"23404\" src=\"https:\/\/revistaacropolis.com\/wp-content\/uploads\/2026\/04\/Portadas-Paginas-web-2026-04-29T124657.299.png\" alt=\"\" class=\"wp-image-23404\" srcset=\"https:\/\/revistaacropolis.com\/wp-content\/uploads\/2026\/04\/Portadas-Paginas-web-2026-04-29T124657.299.png 2049w, https:\/\/revistaacropolis.com\/wp-content\/uploads\/2026\/04\/Portadas-Paginas-web-2026-04-29T124657.299-300x169.png 300w, https:\/\/revistaacropolis.com\/wp-content\/uploads\/2026\/04\/Portadas-Paginas-web-2026-04-29T124657.299-1024x576.png 1024w, https:\/\/revistaacropolis.com\/wp-content\/uploads\/2026\/04\/Portadas-Paginas-web-2026-04-29T124657.299-768x432.png 768w, https:\/\/revistaacropolis.com\/wp-content\/uploads\/2026\/04\/Portadas-Paginas-web-2026-04-29T124657.299-1536x864.png 1536w, https:\/\/revistaacropolis.com\/wp-content\/uploads\/2026\/04\/Portadas-Paginas-web-2026-04-29T124657.299-600x337.png 600w\" sizes=\"(max-width: 2049px) 100vw, 2049px\" \/><\/figure>\n\n\n\n<figure class=\"wp-block-image\"><img loading=\"lazy\" decoding=\"async\" width=\"2049\" height=\"1152\" data-id=\"23403\" src=\"https:\/\/revistaacropolis.com\/wp-content\/uploads\/2026\/04\/Portadas-Paginas-web-2026-04-29T124703.041.png\" alt=\"\" class=\"wp-image-23403\" srcset=\"https:\/\/revistaacropolis.com\/wp-content\/uploads\/2026\/04\/Portadas-Paginas-web-2026-04-29T124703.041.png 2049w, https:\/\/revistaacropolis.com\/wp-content\/uploads\/2026\/04\/Portadas-Paginas-web-2026-04-29T124703.041-300x169.png 300w, https:\/\/revistaacropolis.com\/wp-content\/uploads\/2026\/04\/Portadas-Paginas-web-2026-04-29T124703.041-1024x576.png 1024w, https:\/\/revistaacropolis.com\/wp-content\/uploads\/2026\/04\/Portadas-Paginas-web-2026-04-29T124703.041-768x432.png 768w, https:\/\/revistaacropolis.com\/wp-content\/uploads\/2026\/04\/Portadas-Paginas-web-2026-04-29T124703.041-1536x864.png 1536w, https:\/\/revistaacropolis.com\/wp-content\/uploads\/2026\/04\/Portadas-Paginas-web-2026-04-29T124703.041-600x337.png 600w\" sizes=\"(max-width: 2049px) 100vw, 2049px\" \/><\/figure>\n<\/figure>\n\n\n\n<p><\/p>\n","protected":false},"excerpt":{"rendered":"<p>La Feria del Helado Artesanal 2026 regresa como uno de los eventos m\u00e1s representativos de la regi\u00f3n,&nbsp;consolidando a Tula de Allende como una de las paradas m\u00e1s importantes dentro de&hellip; <\/p>\n","protected":false},"author":17,"featured_media":23404,"comment_status":"closed","ping_status":"closed","sticky":false,"template":"","format":"standard","meta":{"two_page_speed":[],"_joinchat":[],"footnotes":""},"categories":[57],"tags":[2835,3494,89,2834,284],"class_list":["post-23402","post","type-post","status-publish","format-standard","has-post-thumbnail","hentry","category-sociedad","tag-cristhian-martinez","tag-feria-del-helado-artesanal-2026","tag-hidalgo","tag-tula-de-allende","tag-turismo"],"_links":{"self":[{"href":"https:\/\/revistaacropolis.com\/index.php\/wp-json\/wp\/v2\/posts\/23402","targetHints":{"allow":["GET"]}}],"collection":[{"href":"https:\/\/revistaacropolis.com\/index.php\/wp-json\/wp\/v2\/posts"}],"about":[{"href":"https:\/\/revistaacropolis.com\/index.php\/wp-json\/wp\/v2\/types\/post"}],"author":[{"embeddable":true,"href":"https:\/\/revistaacropolis.com\/index.php\/wp-json\/wp\/v2\/users\/17"}],"replies":[{"embeddable":true,"href":"https:\/\/revistaacropolis.com\/index.php\/wp-json\/wp\/v2\/comments?post=23402"}],"version-history":[{"count":1,"href":"https:\/\/revistaacropolis.com\/index.php\/wp-json\/wp\/v2\/posts\/23402\/revisions"}],"predecessor-version":[{"id":23408,"href":"https:\/\/revistaacropolis.com\/index.php\/wp-json\/wp\/v2\/posts\/23402\/revisions\/23408"}],"wp:featuredmedia":[{"embeddable":true,"href":"https:\/\/revistaacropolis.com\/index.php\/wp-json\/wp\/v2\/media\/23404"}],"wp:attachment":[{"href":"https:\/\/revistaacropolis.com\/index.php\/wp-json\/wp\/v2\/media?parent=23402"}],"wp:term":[{"taxonomy":"category","embeddable":true,"href":"https:\/\/revistaacropolis.com\/index.php\/wp-json\/wp\/v2\/categories?post=23402"},{"taxonomy":"post_tag","embeddable":true,"href":"https:\/\/revistaacropolis.com\/index.php\/wp-json\/wp\/v2\/tags?post=23402"}],"curies":[{"name":"wp","href":"https:\/\/api.w.org\/{rel}","templated":true}]}}