{"id":24264,"date":"2026-08-31T09:16:58","date_gmt":"2026-08-31T15:16:58","guid":{"rendered":"https:\/\/revistaacropolis.com\/?p=24264"},"modified":"2026-08-31T09:17:09","modified_gmt":"2026-08-31T15:17:09","slug":"reintegran-a-su-habitat-a-puercoespin-atendido-por-la-unidad-de-fauna-de-pachuca","status":"publish","type":"post","link":"https:\/\/revistaacropolis.com\/index.php\/reintegran-a-su-habitat-a-puercoespin-atendido-por-la-unidad-de-fauna-de-pachuca\/municipios-de-altura\/","title":{"rendered":"Reintegran a su h\u00e1bitat a puercoesp\u00edn atendido por la Unidad de Fauna de Pachuca"},"content":{"rendered":"\n<p class=\"wp-block-paragraph\"><strong>La Unidad de Fauna y Rehabilitaci\u00f3n Silvestre de Pachuca,<\/strong> en coordinaci\u00f3n con la Procuradur\u00eda Federal de Protecci\u00f3n al Ambiente (PROFEPA), llev\u00f3 a cabo la liberaci\u00f3n de un puercoesp\u00edn que fue localizado amarrado mientras caminaba con una persona en el municipio de Eloxochitl\u00e1n.<\/p>\n\n\n\n<p class=\"wp-block-paragraph\"><strong>El ejemplar fue trasladado a la Unidad, donde recibi\u00f3 valoraci\u00f3n, atenci\u00f3n y los cuidados necesarios para su recuperaci\u00f3n.<\/strong> Durante su estancia se dio seguimiento a su estado f\u00edsico y se atendieron las lesiones que presentaba.<\/p>\n\n\n\n<p class=\"wp-block-paragraph\"><strong>Una vez constatado que se encontraba en condiciones adecuadas para regresar a su entorno natural,<\/strong> el ejemplar fue reintegrado a su h\u00e1bitat, en una regi\u00f3n de bosque tropical del municipio de Calnali, donde podr\u00e1 continuar su ciclo de vida en condiciones adecuadas y en un entorno acorde con sus necesidades.<\/p>\n\n\n\n<p class=\"wp-block-paragraph\"><strong>Esta representa la primera liberaci\u00f3n de un ejemplar de puercoesp\u00edn realizada por la Unidad de Fauna,<\/strong> fortaleciendo las acciones de atenci\u00f3n, recuperaci\u00f3n y reintegraci\u00f3n de especies de fauna silvestre a sus ecosistemas naturales.<\/p>\n\n\n\n<p class=\"wp-block-paragraph\">Con esta acci\u00f3n, suman 106 animales rehabilitados y liberados con \u00e9xito en lo que va del a\u00f1o. <strong>Estos trabajos refrendan el compromiso del presidente Jorge Reyes de fortalecer la protecci\u00f3n de la fauna silvestre y promover una atenci\u00f3n responsable de los ejemplares que son encontrados fuera de su entorno.<\/strong><\/p>\n","protected":false},"excerpt":{"rendered":"<p>La Unidad de Fauna y Rehabilitaci\u00f3n Silvestre de Pachuca, en coordinaci\u00f3n con la Procuradur\u00eda Federal de Protecci\u00f3n al Ambiente (PROFEPA), llev\u00f3 a cabo la liberaci\u00f3n de un puercoesp\u00edn que fue&hellip; <\/p>\n","protected":false},"author":22,"featured_media":24265,"comment_status":"closed","ping_status":"closed","sticky":false,"template":"","format":"standard","meta":{"two_page_speed":[],"_joinchat":[],"footnotes":""},"categories":[3357],"tags":[3636,2719,3616],"class_list":["post-24264","post","type-post","status-publish","format-standard","has-post-thumbnail","hentry","category-municipios-de-altura","tag-eloxochitlan","tag-profepa","tag-unidad-de-fauna-y-rehabilitacion-silvestre-de-pachuca"],"_links":{"self":[{"href":"https:\/\/revistaacropolis.com\/index.php\/wp-json\/wp\/v2\/posts\/24264","targetHints":{"allow":["GET"]}}],"collection":[{"href":"https:\/\/revistaacropolis.com\/index.php\/wp-json\/wp\/v2\/posts"}],"about":[{"href":"https:\/\/revistaacropolis.com\/index.php\/wp-json\/wp\/v2\/types\/post"}],"author":[{"embeddable":true,"href":"https:\/\/revistaacropolis.com\/index.php\/wp-json\/wp\/v2\/users\/22"}],"replies":[{"embeddable":true,"href":"https:\/\/revistaacropolis.com\/index.php\/wp-json\/wp\/v2\/comments?post=24264"}],"version-history":[{"count":1,"href":"https:\/\/revistaacropolis.com\/index.php\/wp-json\/wp\/v2\/posts\/24264\/revisions"}],"predecessor-version":[{"id":24266,"href":"https:\/\/revistaacropolis.com\/index.php\/wp-json\/wp\/v2\/posts\/24264\/revisions\/24266"}],"wp:featuredmedia":[{"embeddable":true,"href":"https:\/\/revistaacropolis.com\/index.php\/wp-json\/wp\/v2\/media\/24265"}],"wp:attachment":[{"href":"https:\/\/revistaacropolis.com\/index.php\/wp-json\/wp\/v2\/media?parent=24264"}],"wp:term":[{"taxonomy":"category","embeddable":true,"href":"https:\/\/revistaacropolis.com\/index.php\/wp-json\/wp\/v2\/categories?post=24264"},{"taxonomy":"post_tag","embeddable":true,"href":"https:\/\/revistaacropolis.com\/index.php\/wp-json\/wp\/v2\/tags?post=24264"}],"curies":[{"name":"wp","href":"https:\/\/api.w.org\/{rel}","templated":true}]}}