{"id":24267,"date":"2026-08-31T09:21:00","date_gmt":"2026-08-31T15:21:00","guid":{"rendered":"https:\/\/revistaacropolis.com\/?p=24267"},"modified":"2026-08-31T09:21:12","modified_gmt":"2026-08-31T15:21:12","slug":"cristhian-martinez-inaugura-nuevo-modulo-turistico-en-el-centro-de-tula-de-allende","status":"publish","type":"post","link":"https:\/\/revistaacropolis.com\/index.php\/cristhian-martinez-inaugura-nuevo-modulo-turistico-en-el-centro-de-tula-de-allende\/municipios-de-altura\/","title":{"rendered":"Cristhian Mart\u00ednez inaugura nuevo m\u00f3dulo tur\u00edstico en el centro de Tula de Allende"},"content":{"rendered":"\n<p class=\"wp-block-paragraph\">Con el objetivo de fortalecer la atenci\u00f3n a visitantes y mejorar la imagen urbana del municipio, <strong>el presidente municipal Cristhian Mart\u00ednez inaugur\u00f3 el nuevo m\u00f3dulo tur\u00edstico ubicado en el Centro de Tula de Allende.<\/strong><\/p>\n\n\n\n<p class=\"wp-block-paragraph\"><strong>Este espacio representa la recuperaci\u00f3n de un punto estrat\u00e9gico para la orientaci\u00f3n y atenci\u00f3n de turistas,<\/strong> luego de que durante m\u00e1s de diez a\u00f1os permaneciera sin recibir trabajos de rehabilitaci\u00f3n y mejora.<\/p>\n\n\n\n<p class=\"wp-block-paragraph\">Durante la inauguraci\u00f3n, <strong>el alcalde destac\u00f3 la importancia de contar con infraestructura adecuada para recibir a quienes llegan a Tula,<\/strong> as\u00ed como de recuperar espacios que forman parte de la imagen del coraz\u00f3n de la capital tolteca.<\/p>\n\n\n\n<p class=\"wp-block-paragraph\"><strong>El nuevo m\u00f3dulo tur\u00edstico contribuir\u00e1 a brindar informaci\u00f3n sobre los principales atractivos,<\/strong> actividades y sitios de inter\u00e9s de Tula de Allende, adem\u00e1s de fortalecer las acciones encaminadas a posicionar al municipio como un referente tur\u00edstico en Hidalgo.<\/p>\n\n\n\n<p class=\"wp-block-paragraph\">La administraci\u00f3n municipal refrend\u00f3 su compromiso de mejorar los espacios p\u00fablicos, <strong>fortalecer la vocaci\u00f3n tur\u00edstica de Tula y generar condiciones para que habitantes y visitantes disfruten de un municipio con mejor infraestructura y servicios.<\/strong><\/p>\n","protected":false},"excerpt":{"rendered":"<p>Con el objetivo de fortalecer la atenci\u00f3n a visitantes y mejorar la imagen urbana del municipio, el presidente municipal Cristhian Mart\u00ednez inaugur\u00f3 el nuevo m\u00f3dulo tur\u00edstico ubicado en el Centro&hellip; <\/p>\n","protected":false},"author":22,"featured_media":24268,"comment_status":"closed","ping_status":"closed","sticky":false,"template":"","format":"standard","meta":{"two_page_speed":[],"_joinchat":[],"footnotes":""},"categories":[3357],"tags":[3421,89,3638,2834],"class_list":["post-24267","post","type-post","status-publish","format-standard","has-post-thumbnail","hentry","category-municipios-de-altura","tag-cristhian-martinez-2","tag-hidalgo","tag-modulo-turistico","tag-tula-de-allende"],"_links":{"self":[{"href":"https:\/\/revistaacropolis.com\/index.php\/wp-json\/wp\/v2\/posts\/24267","targetHints":{"allow":["GET"]}}],"collection":[{"href":"https:\/\/revistaacropolis.com\/index.php\/wp-json\/wp\/v2\/posts"}],"about":[{"href":"https:\/\/revistaacropolis.com\/index.php\/wp-json\/wp\/v2\/types\/post"}],"author":[{"embeddable":true,"href":"https:\/\/revistaacropolis.com\/index.php\/wp-json\/wp\/v2\/users\/22"}],"replies":[{"embeddable":true,"href":"https:\/\/revistaacropolis.com\/index.php\/wp-json\/wp\/v2\/comments?post=24267"}],"version-history":[{"count":1,"href":"https:\/\/revistaacropolis.com\/index.php\/wp-json\/wp\/v2\/posts\/24267\/revisions"}],"predecessor-version":[{"id":24269,"href":"https:\/\/revistaacropolis.com\/index.php\/wp-json\/wp\/v2\/posts\/24267\/revisions\/24269"}],"wp:featuredmedia":[{"embeddable":true,"href":"https:\/\/revistaacropolis.com\/index.php\/wp-json\/wp\/v2\/media\/24268"}],"wp:attachment":[{"href":"https:\/\/revistaacropolis.com\/index.php\/wp-json\/wp\/v2\/media?parent=24267"}],"wp:term":[{"taxonomy":"category","embeddable":true,"href":"https:\/\/revistaacropolis.com\/index.php\/wp-json\/wp\/v2\/categories?post=24267"},{"taxonomy":"post_tag","embeddable":true,"href":"https:\/\/revistaacropolis.com\/index.php\/wp-json\/wp\/v2\/tags?post=24267"}],"curies":[{"name":"wp","href":"https:\/\/api.w.org\/{rel}","templated":true}]}}