{"id":24270,"date":"2026-08-31T09:31:34","date_gmt":"2026-08-31T15:31:34","guid":{"rendered":"https:\/\/revistaacropolis.com\/?p=24270"},"modified":"2026-08-31T09:33:18","modified_gmt":"2026-08-31T15:33:18","slug":"reconoce-mineral-de-la-reforma-a-sus-adultos-mayores","status":"publish","type":"post","link":"https:\/\/revistaacropolis.com\/index.php\/reconoce-mineral-de-la-reforma-a-sus-adultos-mayores\/municipios-de-altura\/","title":{"rendered":"RECONOCE MINERAL DE LA REFORMA A SUS ADULTOS MAYORES"},"content":{"rendered":"\n<ul class=\"wp-block-list\">\n<li><strong>Se coron\u00f3 a 21 reinas representativas de 24 grupos de este sector de la poblaci\u00f3n.<\/strong><\/li>\n<\/ul>\n\n\n\n<p class=\"wp-block-paragraph\">Con gran alegr\u00eda y entusiasmo, se llev\u00f3 a cabo el cierre de la Semana del Adulto Mayor, actividad que encabezaron la presidenta honor\u00edfica del Patronato del Sistema Municipal DIF, <strong>Samantha Esparza Hern\u00e1ndez,<\/strong> y el alcalde, Eduardo Med\u00e9cigo Rubio, jornada que permiti\u00f3 celebrar, convivir y reafirmar el papel fundamental que este sector de la poblaci\u00f3n tiene en las familias y en Mineral de la Reforma.<\/p>\n\n\n\n<p class=\"wp-block-paragraph\"><strong>De acuerdo con Samantha Esparza,<\/strong> durante estos d\u00edas, se desarrollaron talleres, pl\u00e1ticas y diversas actividades enfocadas a las y los adultos; asimismo, se reconoci\u00f3 que cada uno y una de ellas representan una historia de esfuerzo, trabajo, ense\u00f1anzas y valores transmitidos de generaci\u00f3n en generaci\u00f3n.<\/p>\n\n\n\n<figure class=\"wp-block-pullquote\"><blockquote><p><strong>Una vejez digna implica respeto,<\/strong> garant\u00eda de derechos, acceso a la salud, participaci\u00f3n activa y la oportunidad de seguir disfrutando plenamente de la vida\u201d, destac\u00f3 la presidenta honor\u00edfica del DIF.<\/p><\/blockquote><\/figure>\n\n\n\n<p class=\"wp-block-paragraph\">Por su parte, <strong>Eduardo Med\u00e9cigo asever\u00f3 que en Mineral de la Reforma hay gente con experiencia,<\/strong> que ha dedicado su vida al desarrollo de la entidad y de sus familias; de igual manera, puntualiz\u00f3 que en esta etapa de la vida les corresponde disfrutar la cosecha de todo lo que sembraron durante el recorrido de sus etapas.<\/p>\n\n\n\n<p class=\"wp-block-paragraph\">Por lo anterior, <strong>las autoridades reiteraron el compromiso de seguir acercando servicios y espacios que favorezcan la convivencia,<\/strong> mantenerse activos y el acompa\u00f1amiento de este sector de la poblaci\u00f3n.<\/p>\n\n\n\n<p class=\"wp-block-paragraph\"><strong>Samantha Esparza agradeci\u00f3 de manera especial al presidente municipal,<\/strong> Eduardo Med\u00e9cigo, por su respaldo y por impulsar la visi\u00f3n de construir una Ciudad de la Comunidad, en la que el bienestar de las familias y de las personas adultas mayores sea una prioridad.<\/p>\n\n\n\n<p class=\"wp-block-paragraph\">Como parte de las actividades de cierre, se coron\u00f3 a 21 reinas representativas de 24 grupos de adultos mayores que existen en el municipio, <strong>al cierre de estas actividades asistieron alrededor de 800 personas de la tercera edad.<\/strong><\/p>\n","protected":false},"excerpt":{"rendered":"<p>Con gran alegr\u00eda y entusiasmo, se llev\u00f3 a cabo el cierre de la Semana del Adulto Mayor, actividad que encabezaron la presidenta honor\u00edfica del Patronato del Sistema Municipal DIF, Samantha&hellip; <\/p>\n","protected":false},"author":22,"featured_media":24271,"comment_status":"closed","ping_status":"closed","sticky":false,"template":"","format":"standard","meta":{"two_page_speed":[],"_joinchat":[],"footnotes":""},"categories":[3357],"tags":[44,89,3503,3514],"class_list":["post-24270","post","type-post","status-publish","format-standard","has-post-thumbnail","hentry","category-municipios-de-altura","tag-adultos-mayores","tag-hidalgo","tag-lalo-medecigo","tag-sam-esparza"],"_links":{"self":[{"href":"https:\/\/revistaacropolis.com\/index.php\/wp-json\/wp\/v2\/posts\/24270","targetHints":{"allow":["GET"]}}],"collection":[{"href":"https:\/\/revistaacropolis.com\/index.php\/wp-json\/wp\/v2\/posts"}],"about":[{"href":"https:\/\/revistaacropolis.com\/index.php\/wp-json\/wp\/v2\/types\/post"}],"author":[{"embeddable":true,"href":"https:\/\/revistaacropolis.com\/index.php\/wp-json\/wp\/v2\/users\/22"}],"replies":[{"embeddable":true,"href":"https:\/\/revistaacropolis.com\/index.php\/wp-json\/wp\/v2\/comments?post=24270"}],"version-history":[{"count":1,"href":"https:\/\/revistaacropolis.com\/index.php\/wp-json\/wp\/v2\/posts\/24270\/revisions"}],"predecessor-version":[{"id":24272,"href":"https:\/\/revistaacropolis.com\/index.php\/wp-json\/wp\/v2\/posts\/24270\/revisions\/24272"}],"wp:featuredmedia":[{"embeddable":true,"href":"https:\/\/revistaacropolis.com\/index.php\/wp-json\/wp\/v2\/media\/24271"}],"wp:attachment":[{"href":"https:\/\/revistaacropolis.com\/index.php\/wp-json\/wp\/v2\/media?parent=24270"}],"wp:term":[{"taxonomy":"category","embeddable":true,"href":"https:\/\/revistaacropolis.com\/index.php\/wp-json\/wp\/v2\/categories?post=24270"},{"taxonomy":"post_tag","embeddable":true,"href":"https:\/\/revistaacropolis.com\/index.php\/wp-json\/wp\/v2\/tags?post=24270"}],"curies":[{"name":"wp","href":"https:\/\/api.w.org\/{rel}","templated":true}]}}