{"id":24273,"date":"2026-08-31T11:05:19","date_gmt":"2026-08-31T17:05:19","guid":{"rendered":"https:\/\/revistaacropolis.com\/?p=24273"},"modified":"2026-08-31T11:06:07","modified_gmt":"2026-08-31T17:06:07","slug":"la-politica-se-mide-en-la-confianza-de-la-gente-andres-velazquez-vazquez-presenta-su-segundo-informe-de-actividades","status":"publish","type":"post","link":"https:\/\/revistaacropolis.com\/index.php\/la-politica-se-mide-en-la-confianza-de-la-gente-andres-velazquez-vazquez-presenta-su-segundo-informe-de-actividades\/politica\/","title":{"rendered":"\u201cLa pol\u00edtica se mide en la confianza de la gente\u201d: Andr\u00e9s Vel\u00e1zquez V\u00e1zquez presenta su Segundo Informe de Actividades"},"content":{"rendered":"\n<p class=\"wp-block-paragraph\">Con un mensaje centrado en la cercan\u00eda ciudadana, la coordinaci\u00f3n institucional y los resultados legislativos, el diputado Andr\u00e9s Vel\u00e1zquez V\u00e1zquez, <strong>presidente de la Junta de Gobierno del Congreso del Estado de Hidalgo y representante del Distrito XIII Pachuca Poniente,<\/strong> present\u00f3 su Segundo Informe de Actividades, en el que destac\u00f3 que la pol\u00edtica adquiere sentido cuando se traduce en soluciones y bienestar para las familias.<\/p>\n\n\n\n<p class=\"wp-block-paragraph\">Ante el gobernador de Hidalgo, <strong>Julio Menchaca Salazar y la magistrada presidenta del Poder Judicial,<\/strong> Rebeca Aladro Echeverr\u00eda, legisladoras y legisladores, representantes de distintos sectores sociales, medios de comunicaci\u00f3n y ciudadanos, Vel\u00e1zquez V\u00e1zquez afirm\u00f3 que la confianza de la poblaci\u00f3n es la verdadera medida del trabajo pol\u00edtico.<\/p>\n\n\n\n<figure class=\"wp-block-pullquote\"><blockquote><p>Las palabras pueden emocionar por un momento, <strong>pero solo el trabajo constante permanece en la memoria del pueblo de Hidalgo\u201d,<\/strong> resalt\u00f3 en su mensaje.<\/p><\/blockquote><\/figure>\n\n\n\n<h5 class=\"wp-block-heading\"><strong>Legislar para transformar<\/strong><\/h5>\n\n\n\n<p class=\"wp-block-paragraph\"><strong>Durante el periodo informado,<\/strong> el diputado registr\u00f3 un 99 por ciento de asistencia a las sesiones, present\u00f3 223 iniciativas y se adhiri\u00f3 a 19 propuestas, lo que representa 242 intervenciones legislativas en la materia.<\/p>\n\n\n\n<p class=\"wp-block-paragraph\">Asimismo, particip\u00f3 en la presentaci\u00f3n de 37 acuerdos econ\u00f3micos, de los cuales 19 fueron aprobados, y acumul\u00f3 690 minutos en tribuna, contribuyendo al debate, <strong>di\u00e1logo y construcci\u00f3n legislativa.<\/strong><\/p>\n\n\n\n<p class=\"wp-block-paragraph\">De acuerdo con los resultados presentados, <strong>Andr\u00e9s Vel\u00e1zquez V\u00e1zquez ocupa el primer lugar en n\u00famero de iniciativas aprobadas en la actual Legislatura.<\/strong><\/p>\n\n\n\n<h4 class=\"wp-block-heading\"><strong>Una agenda legislativa con enfoque social<\/strong><\/h4>\n\n\n\n<p class=\"wp-block-paragraph\"><strong>Entre las iniciativas impulsadas durante este segundo a\u00f1o destacan aquellas relacionadas con la salud mental,<\/strong> prevenci\u00f3n del suicidio y no discriminaci\u00f3n por orientaci\u00f3n sexual e identidad de g\u00e9nero, as\u00ed como propuestas para fortalecer la protecci\u00f3n y el bienestar animal.<\/p>\n\n\n\n<p class=\"wp-block-paragraph\">A ello se suman propuestas orientadas a actualizar y fortalecer el marco jur\u00eddico local; <strong>la creaci\u00f3n de Procuradur\u00edas Municipales de Protecci\u00f3n de Ni\u00f1as,<\/strong> Ni\u00f1os y Adolescentes, as\u00ed como reformas encaminadas a reforzar el marco jur\u00eddico de protecci\u00f3n de este sector.<\/p>\n\n\n\n<p class=\"wp-block-paragraph\">El conjunto de estas propuestas, se\u00f1al\u00f3, <strong>refleja una agenda encaminada a construir un Hidalgo m\u00e1s incluyente,<\/strong> protector, justo y con mejores condiciones de bienestar.<\/p>\n\n\n\n<h4 class=\"wp-block-heading\"><strong>Cuentas claras y fiscalizaci\u00f3n<\/strong><\/h4>\n\n\n\n<p class=\"wp-block-paragraph\"><strong>El informe tambi\u00e9n destac\u00f3 el trabajo realizado desde la Comisi\u00f3n Inspectora de la Auditor\u00eda Superior del Estado de Hidalgo,<\/strong> de la cual es presidente, donde se llevaron a cabo nueve sesiones, se dio seguimiento a cinco logros de fiscalizaci\u00f3n con sus respectivos informes entregados a la comisi\u00f3n y se registr\u00f3 100 por ciento de asistencia.<\/p>\n\n\n\n<p class=\"wp-block-paragraph\">Para el legislador, <strong>la responsabilidad p\u00fablica implica necesariamente transparencia,<\/strong> honestidad y rendici\u00f3n de cuentas.<\/p>\n\n\n\n<h4 class=\"wp-block-heading\"><strong>Reconocer a quienes hacen grande a Hidalgo<\/strong><\/h4>\n\n\n\n<p class=\"wp-block-paragraph\"><strong>Desde la Comisi\u00f3n Especial para la entrega de la Medalla Miguel Hidalgo y Costilla y la Presea Pedro Mar\u00eda Anaya,<\/strong> el diputado gestion\u00f3 la entrega de dos reconocimientos a hidalguenses sobresalientes.<\/p>\n\n\n\n<p class=\"wp-block-paragraph\">Asimismo, <strong>record\u00f3 la entrega de la distinci\u00f3n \u201cLa Mina del Tiempo\u201d,<\/strong> como homenaje a personas que desde \u00e1mbitos como la cultura, ciencia, emprendimiento, sector empresarial, deporte, servicio p\u00fablico y compromiso social han contribuido a engrandecer al estado y al pa\u00eds.<\/p>\n\n\n\n<h4 class=\"wp-block-heading\"><strong>Un Congreso cercano y abierto a la ciudadan\u00eda<\/strong><\/h4>\n\n\n\n<p class=\"wp-block-paragraph\"><strong>Durante su segundo a\u00f1o de actividades, el legislador destac\u00f3 la apertura de la Casa del Pueblo a estudiantes, organizaciones sociales, sectores productivos, mujeres, j\u00f3venes, adultos mayores, integrantes de la comunidad LGBTIQ+, ejidatarios y ciudadan\u00eda en general.<\/strong> \u201cEntendimos que el Congreso no pod\u00eda seguir siendo un Poder distante\u201d, se\u00f1al\u00f3.<\/p>\n\n\n\n<p class=\"wp-block-paragraph\">En este sentido, <strong>resalt\u00f3 la atenci\u00f3n brindada desde su Casa de Atenci\u00f3n Ciudadana,<\/strong> donde acumul\u00f3 m\u00e1s de mil audiencias ciudadanas, adem\u00e1s de m\u00e1s de 500 reuniones en el Congreso del Estado con representantes de diferentes sectores y m\u00e1s de 400 peticiones recibidas mediante redes sociales.<\/p>\n\n\n\n<h4 class=\"wp-block-heading\"><strong>Gesti\u00f3n social con rostro humano<\/strong><\/h4>\n\n\n\n<p class=\"wp-block-paragraph\"><strong>Durante el periodo informado,<\/strong> el diputado entreg\u00f3 apoyos para medicamentos, tratamientos m\u00e9dicos, insumos ortop\u00e9dicos, traslados y herramientas de trabajo, acciones que, de acuerdo con el legislador, contribuyeron a atender las necesidades de casi 2 mil personas.<\/p>\n\n\n\n<p class=\"wp-block-paragraph\"><strong>Tambi\u00e9n impuls\u00f3 actividades culturales,<\/strong> deportivas y educativas, apoyos para fiestas patronales, uniformes de equipos deportivos, proyectos escolares y expresiones art\u00edsticas, entre ellas la creaci\u00f3n de murales en los tradicionales barrios altos de Pachuca.<\/p>\n\n\n\n<p class=\"wp-block-paragraph\">El diputado destac\u00f3 adem\u00e1s las jornadas de esterilizaci\u00f3n de perros y gatos, como parte de una visi\u00f3n de gobierno sensible y responsable con el bienestar animal. <strong>Ante las afectaciones provocadas por la vaguada monz\u00f3nica, se\u00f1al\u00f3 que su equipo mantuvo presencia en territorio para acompa\u00f1ar a las familias que enfrentaron momentos de adversidad.<\/strong><\/p>\n\n\n\n<h4 class=\"wp-block-heading\"><strong>Coordinaci\u00f3n entre gobiernos<\/strong><\/h4>\n\n\n\n<p class=\"wp-block-paragraph\"><strong>El presidente de la Junta de Gobierno reconoci\u00f3 el trabajo de la primera presidenta de M\u00e9xico,<\/strong> la doctora Claudia Sheinbaum Pardo, y destac\u00f3 que desde el Congreso de Hidalgo se aprobaron 28 minutas federales, como parte del acompa\u00f1amiento legislativo a la transformaci\u00f3n nacional.<\/p>\n\n\n\n<p class=\"wp-block-paragraph\">Asimismo, <strong>reconoci\u00f3 al gobernador Julio Menchaca Salazar por las iniciativas presentadas ante el Congreso y el respaldo a la construcci\u00f3n del nuevo Sal\u00f3n de Plenos,<\/strong> obra que calific\u00f3 como muestra del fortalecimiento institucional.<\/p>\n\n\n\n<p class=\"wp-block-paragraph\"><strong>Tambi\u00e9n reconoci\u00f3 el trabajo de la magistrada presidenta del Poder Judicial,<\/strong> Rebeca Aladro Echeverr\u00eda, particularmente por las propuestas encaminadas a fortalecer la mediaci\u00f3n y conciliaci\u00f3n como mecanismos para resolver conflictos familiares y civiles de manera m\u00e1s \u00e1gil.<\/p>\n\n\n\n<h4 class=\"wp-block-heading\"><strong>Resultados para Pachuca<\/strong><\/h4>\n\n\n\n<p class=\"wp-block-paragraph\"><strong>Como representante del Distrito XIII Pachuca Poniente,<\/strong> el diputado afirm\u00f3 que mantiene presente el origen y las necesidades de la poblaci\u00f3n que representa.<\/p>\n\n\n\n<p class=\"wp-block-paragraph\">Reconoci\u00f3 el trabajo del presidente municipal de Pachuca, Jorge Reyes Hern\u00e1ndez, <strong>y destac\u00f3 que una de las iniciativas presentadas ante el Congreso permiti\u00f3 avanzar para que m\u00e1s de 2 mil trabajadores del municipio tengan acceso a seguridad social mediante el Instituto Mexicano del Seguro Social (IMSS).<\/strong><\/p>\n\n\n\n<h4 class=\"wp-block-heading\"><strong>Fortalecimiento municipal y agenda de mujeres<\/strong><\/h4>\n\n\n\n<p class=\"wp-block-paragraph\">En materia de fortalecimiento a los municipios, inform\u00f3 que el Congreso aprob\u00f3 financiamiento por parte de Banobras por m\u00e1s de 125 millones de pesos, <strong>recursos que permitir\u00e1n a los gobiernos municipales contar con mayores herramientas para desarrollar obras y acciones en beneficio de sus comunidades.<\/strong><\/p>\n\n\n\n<p class=\"wp-block-paragraph\">Asimismo, <strong>destac\u00f3 las reformas e iniciativas impulsadas para fortalecer los derechos de las mujeres,<\/strong> ampliar su participaci\u00f3n y garantizar condiciones de igualdad y protecci\u00f3n.<\/p>\n\n\n\n<h4 class=\"wp-block-heading\"><strong>Una pol\u00edtica que pone a las personas en el centro<\/strong><\/h4>\n\n\n\n<p class=\"wp-block-paragraph\"><strong>El diputado Andr\u00e9s Vel\u00e1zquez V\u00e1zquez agradeci\u00f3 a su familia,<\/strong> su principal fortaleza, a su equipo de trabajo y al partido que pertenece, Morena.<\/p>\n\n\n\n<p class=\"wp-block-paragraph\"><strong>Asegur\u00f3 que todav\u00eda existen grandes retos, pero sostuvo que una pol\u00edtica con sentido humano puede transformar realidades.<\/strong> \u201cHoy puedo decir con serenidad que he honrado la confianza que me otorgaron. No con promesas. Con resultados. No con protagonismos. Con trabajo. No con discursos vac\u00edos. Con cercan\u00eda\u201d.<\/p>\n\n\n\n<p class=\"wp-block-paragraph\">Fiel a una de las frases que ha acompa\u00f1ado su trayectoria p\u00fablica, cerr\u00f3 recordando que \u201ca la vida se viene a sumar amigos\u201d, <strong>reafirmando su cercan\u00eda con la ciudadan\u00eda y su compromiso de continuar trabajando desde el Congreso del Estado de Hidalgo.<\/strong><\/p>\n\n\n\n<p class=\"wp-block-paragraph\"><strong>Julio Menchaca Salazar,<\/strong> gobernador del estado, felicit\u00f3 al diputado por este ejercicio de rendici\u00f3n de cuentas y reconoci\u00f3 el esfuerzo conjunto de legisladores, gobiernos municipales, trabajadores, empresarios y distintos sectores sociales para construir un Hidalgo con mayores oportunidades y mejores condiciones de vida.<\/p>\n","protected":false},"excerpt":{"rendered":"<p>Con un mensaje centrado en la cercan\u00eda ciudadana, la coordinaci\u00f3n institucional y los resultados legislativos, el diputado Andr\u00e9s Vel\u00e1zquez V\u00e1zquez, presidente de la Junta de Gobierno del Congreso del Estado&hellip; <\/p>\n","protected":false},"author":22,"featured_media":24274,"comment_status":"closed","ping_status":"closed","sticky":false,"template":"","format":"standard","meta":{"two_page_speed":[],"_joinchat":[],"footnotes":""},"categories":[1],"tags":[3377,3549,89,3639],"class_list":["post-24273","post","type-post","status-publish","format-standard","has-post-thumbnail","hentry","category-politica","tag-andres-velazquez-vazquez","tag-congreso-del-estado-de-hidalgo","tag-hidalgo","tag-segundo-informe-de-actividades"],"_links":{"self":[{"href":"https:\/\/revistaacropolis.com\/index.php\/wp-json\/wp\/v2\/posts\/24273","targetHints":{"allow":["GET"]}}],"collection":[{"href":"https:\/\/revistaacropolis.com\/index.php\/wp-json\/wp\/v2\/posts"}],"about":[{"href":"https:\/\/revistaacropolis.com\/index.php\/wp-json\/wp\/v2\/types\/post"}],"author":[{"embeddable":true,"href":"https:\/\/revistaacropolis.com\/index.php\/wp-json\/wp\/v2\/users\/22"}],"replies":[{"embeddable":true,"href":"https:\/\/revistaacropolis.com\/index.php\/wp-json\/wp\/v2\/comments?post=24273"}],"version-history":[{"count":1,"href":"https:\/\/revistaacropolis.com\/index.php\/wp-json\/wp\/v2\/posts\/24273\/revisions"}],"predecessor-version":[{"id":24275,"href":"https:\/\/revistaacropolis.com\/index.php\/wp-json\/wp\/v2\/posts\/24273\/revisions\/24275"}],"wp:featuredmedia":[{"embeddable":true,"href":"https:\/\/revistaacropolis.com\/index.php\/wp-json\/wp\/v2\/media\/24274"}],"wp:attachment":[{"href":"https:\/\/revistaacropolis.com\/index.php\/wp-json\/wp\/v2\/media?parent=24273"}],"wp:term":[{"taxonomy":"category","embeddable":true,"href":"https:\/\/revistaacropolis.com\/index.php\/wp-json\/wp\/v2\/categories?post=24273"},{"taxonomy":"post_tag","embeddable":true,"href":"https:\/\/revistaacropolis.com\/index.php\/wp-json\/wp\/v2\/tags?post=24273"}],"curies":[{"name":"wp","href":"https:\/\/api.w.org\/{rel}","templated":true}]}}