{"id":24276,"date":"2026-09-03T09:26:03","date_gmt":"2026-09-03T15:26:03","guid":{"rendered":"https:\/\/revistaacropolis.com\/?p=24276"},"modified":"2026-09-03T09:26:04","modified_gmt":"2026-09-03T15:26:04","slug":"pachuca-no-se-detiene-suma-11-espacios-mas-a-su-programa-de-iluminacion","status":"publish","type":"post","link":"https:\/\/revistaacropolis.com\/index.php\/pachuca-no-se-detiene-suma-11-espacios-mas-a-su-programa-de-iluminacion\/politica\/","title":{"rendered":"Pachuca no se detiene: suma 11 espacios m\u00e1s a su programa de iluminaci\u00f3n"},"content":{"rendered":"\n<ul class=\"wp-block-list\">\n<li><strong>Los trabajos abarcan una superficie conjunta de 27 mil 800 metros cuadrados<\/strong><\/li>\n<\/ul>\n\n\n\n<ul class=\"wp-block-list\">\n<li><strong>Los espacios intervenidos forman parte de un programa que contempla m\u00e1s de 100 parques y espacios p\u00fablicos<\/strong><\/li>\n<\/ul>\n\n\n\n<p class=\"wp-block-paragraph\"><strong>El Ayuntamiento de Pachuca da continuidad al programa de mejoramiento del alumbrado p\u00fablico con el encendido de 11 parques y espacios p\u00fablicos de la capital hidalguense,<\/strong> acciones que contribuyen a fortalecer la seguridad, la convivencia y el aprovechamiento de estos lugares por parte de las familias.<\/p>\n\n\n\n<p class=\"wp-block-paragraph\">A trav\u00e9s de la Direcci\u00f3n de Alumbrado P\u00fablico, se realizaron trabajos de iluminaci\u00f3n en distintos puntos de la ciudad, <strong>atendiendo espacios que presentaban condiciones de iluminaci\u00f3n insuficiente.<\/strong><\/p>\n\n\n\n<p class=\"wp-block-paragraph\"><strong>Los sitios intervenidos son Parque Punta Azul, Parque de Poblamiento \u201cSolidaridad\u201d, Parque de Poblamiento 1 \u201cEmiliano Zapata\u201d, Canchas El Palmar, Parque El Palmar, Parque Piracantos, Parque Blvd.<\/strong> Minero \u201cPiracantos\u201d, Parque Piracantos (Cl\u00ednica), Parque de avenida Insurgentes esquina con avenida 1 Piracantos, Parque Piracantos calle avenida 1 y Parque de avenida Insurgentes.<\/p>\n\n\n\n<p class=\"wp-block-paragraph\">En conjunto, estos espacios representan una superficie de 27 mil 800 metros cuadrados y benefician a m\u00e1s de 23 mil habitantes, <strong>quienes cuentan con \u00e1reas p\u00fablicas mejor iluminadas para realizar actividades deportivas,<\/strong> recreativas y de convivencia.<\/p>\n\n\n\n<p class=\"wp-block-paragraph\"><strong>El presidente municipal de Pachuca,<\/strong> Jorge Reyes, destac\u00f3 que el mejoramiento del alumbrado p\u00fablico forma parte de las acciones permanentes para recuperar y dignificar los espacios de la ciudad.<\/p>\n\n\n\n<figure class=\"wp-block-pullquote\"><blockquote><p><strong>Iluminar nuestros parques y espacios p\u00fablicos significa devolverle a las familias lugares donde puedan convivir, hacer deporte y caminar con mayor tranquilidad.<\/strong> Estamos atendiendo las necesidades que nos plantea la ciudadan\u00eda y seguiremos trabajando para mejorar los servicios p\u00fablicos de Pachuca\u201d, se\u00f1al\u00f3.<\/p><\/blockquote><\/figure>\n\n\n\n<p class=\"wp-block-paragraph\"><strong>Los 11 espacios intervenidos forman parte de un programa integral de iluminaci\u00f3n que contempla la atenci\u00f3n de m\u00e1s de 100 parques y espacios p\u00fablicos de Pachuca,<\/strong> con el prop\u00f3sito de ampliar progresivamente las zonas que cuentan con mejores condiciones de visibilidad y uso para la ciudadan\u00eda.<\/p>\n","protected":false},"excerpt":{"rendered":"<p>El Ayuntamiento de Pachuca da continuidad al programa de mejoramiento del alumbrado p\u00fablico con el encendido de 11 parques y espacios p\u00fablicos de la capital hidalguense, acciones que contribuyen a&hellip; <\/p>\n","protected":false},"author":22,"featured_media":24278,"comment_status":"closed","ping_status":"closed","sticky":false,"template":"","format":"standard","meta":{"two_page_speed":[],"_joinchat":[],"footnotes":""},"categories":[1],"tags":[89,3641,2648,91],"class_list":["post-24276","post","type-post","status-publish","format-standard","has-post-thumbnail","hentry","category-politica","tag-hidalgo","tag-iluminacion","tag-jorge-reyes","tag-pachuca"],"_links":{"self":[{"href":"https:\/\/revistaacropolis.com\/index.php\/wp-json\/wp\/v2\/posts\/24276","targetHints":{"allow":["GET"]}}],"collection":[{"href":"https:\/\/revistaacropolis.com\/index.php\/wp-json\/wp\/v2\/posts"}],"about":[{"href":"https:\/\/revistaacropolis.com\/index.php\/wp-json\/wp\/v2\/types\/post"}],"author":[{"embeddable":true,"href":"https:\/\/revistaacropolis.com\/index.php\/wp-json\/wp\/v2\/users\/22"}],"replies":[{"embeddable":true,"href":"https:\/\/revistaacropolis.com\/index.php\/wp-json\/wp\/v2\/comments?post=24276"}],"version-history":[{"count":1,"href":"https:\/\/revistaacropolis.com\/index.php\/wp-json\/wp\/v2\/posts\/24276\/revisions"}],"predecessor-version":[{"id":24279,"href":"https:\/\/revistaacropolis.com\/index.php\/wp-json\/wp\/v2\/posts\/24276\/revisions\/24279"}],"wp:featuredmedia":[{"embeddable":true,"href":"https:\/\/revistaacropolis.com\/index.php\/wp-json\/wp\/v2\/media\/24278"}],"wp:attachment":[{"href":"https:\/\/revistaacropolis.com\/index.php\/wp-json\/wp\/v2\/media?parent=24276"}],"wp:term":[{"taxonomy":"category","embeddable":true,"href":"https:\/\/revistaacropolis.com\/index.php\/wp-json\/wp\/v2\/categories?post=24276"},{"taxonomy":"post_tag","embeddable":true,"href":"https:\/\/revistaacropolis.com\/index.php\/wp-json\/wp\/v2\/tags?post=24276"}],"curies":[{"name":"wp","href":"https:\/\/api.w.org\/{rel}","templated":true}]}}