{"id":24290,"date":"2026-09-03T10:36:43","date_gmt":"2026-09-03T16:36:43","guid":{"rendered":"https:\/\/revistaacropolis.com\/?p=24290"},"modified":"2026-09-03T10:36:44","modified_gmt":"2026-09-03T16:36:44","slug":"tras-mas-de-50-anos-de-abandono-arranca-la-reconstruccion-total-de-la-avenida-melchor-ocampo-en-tula","status":"publish","type":"post","link":"https:\/\/revistaacropolis.com\/index.php\/tras-mas-de-50-anos-de-abandono-arranca-la-reconstruccion-total-de-la-avenida-melchor-ocampo-en-tula\/politica\/","title":{"rendered":"Tras m\u00e1s de 50 a\u00f1os de abandono, arranca la reconstrucci\u00f3n total de la Avenida Melchor Ocampo en Tula"},"content":{"rendered":"\n<p class=\"wp-block-paragraph\">El presidente municipal de Tula, Cristhian Mart\u00ednez, <strong>encabez\u00f3 el arranque de los trabajos de reconstrucci\u00f3n de la Avenida Melchor Ocampo,<\/strong> una obra integral que tiene como objetivo mejorar la movilidad, fortalecer la seguridad vial y peatonal, as\u00ed como renovar la imagen urbana del primer cuadro de la ciudad.<\/p>\n\n\n\n<p class=\"wp-block-paragraph\"><strong>El proyecto contempla la rehabilitaci\u00f3n de 8 mil 715.02 metros cuadrados de pavimento hidr\u00e1ulico, adem\u00e1s de la construcci\u00f3n y rehabilitaci\u00f3n de banquetas y guarniciones.<\/strong> Tambi\u00e9n incluye la instalaci\u00f3n de alumbrado p\u00fablico, el cambio total de la red de agua potable y la incorporaci\u00f3n de infraestructura para el manejo de aguas pluviales y sanitarias.<\/p>\n\n\n\n<p class=\"wp-block-paragraph\">Durante el evento, el alcalde destac\u00f3 que la renovaci\u00f3n de la imagen urbana contempla \u00e1reas verdes, vegetaci\u00f3n ornamental y un programa de reforestaci\u00f3n con 180 \u00e1rboles. <strong>Asimismo, el proyecto considera la incorporaci\u00f3n y adecuaci\u00f3n de una rotonda, con la finalidad de favorecer la circulaci\u00f3n vehicular y contribuir a una movilidad m\u00e1s ordenada y segura.<\/strong><\/p>\n\n\n\n<p class=\"wp-block-paragraph\"><strong>Como parte de los elementos distintivos de la nueva imagen de la avenida,<\/strong> se contempla la instalaci\u00f3n de una escultura de un toro elaborada en l\u00e1mina de cobre, as\u00ed como una fuente ornamental prefabricada de concreto.<\/p>\n\n\n\n<p class=\"wp-block-paragraph\"><strong>Cristhian Mart\u00ednez subray\u00f3 que la Avenida Melchor Ocampo ten\u00eda m\u00e1s de 50 a\u00f1os sin una intervenci\u00f3n integral y record\u00f3 que este espacio fue uno de los puntos afectados hace cinco a\u00f1os por la inundaci\u00f3n,<\/strong> derivada, entre otros factores, de una infraestructura pluvial deficiente.<\/p>\n\n\n\n<p class=\"wp-block-paragraph\">En este sentido, se\u00f1al\u00f3 que la reconstrucci\u00f3n representa no solo una mejora de infraestructura urbana, <strong>sino tambi\u00e9n un acto de justicia territorial y social para las familias y comerciantes de esta zona del municipio.<\/strong><\/p>\n\n\n\n<p class=\"wp-block-paragraph\">Por su parte, <strong>el titular de la Comisi\u00f3n de Agua Potable y Alcantarillado de Tula (CAPyAT),<\/strong> Mario Serrano, destac\u00f3 que uno de los componentes prioritarios del proyecto es la renovaci\u00f3n integral de la red de agua potable, as\u00ed como la construcci\u00f3n de infraestructura para el drenaje pluvial y sanitario, este \u00faltimo pr\u00e1cticamente inexistente en la zona.<\/p>\n\n\n\n<p class=\"wp-block-paragraph\"><strong>Explic\u00f3 que estas deficiencias han generado importantes problemas,<\/strong> particularmente durante la temporada de lluvias, por lo que la intervenci\u00f3n permitir\u00e1 atender una problem\u00e1tica que durante a\u00f1os ha afectado al primer cuadro de la ciudad.<\/p>\n\n\n\n<p class=\"wp-block-paragraph\"><strong>La reconstrucci\u00f3n de la Avenida Melchor Ocampo contempla una inversi\u00f3n de 50,<\/strong>731,073.68 pesos y se prev\u00e9 que los trabajos concluyan en diciembre.<\/p>\n\n\n\n<p class=\"wp-block-paragraph\">Para reducir las afectaciones a la circulaci\u00f3n, las labores iniciar\u00e1n en los carriles centrales, <strong>mientras que los carriles laterales permanecer\u00e1n habilitados para permitir el tr\u00e1nsito vehicular durante el desarrollo de la obra.<\/strong><\/p>\n","protected":false},"excerpt":{"rendered":"<p>El presidente municipal de Tula, Cristhian Mart\u00ednez, encabez\u00f3 el arranque de los trabajos de reconstrucci\u00f3n de la Avenida Melchor Ocampo, una obra integral que tiene como objetivo mejorar la movilidad,&hellip; <\/p>\n","protected":false},"author":22,"featured_media":24291,"comment_status":"closed","ping_status":"closed","sticky":false,"template":"","format":"standard","meta":{"two_page_speed":[],"_joinchat":[],"footnotes":""},"categories":[1],"tags":[3647,3421,89,2834],"class_list":["post-24290","post","type-post","status-publish","format-standard","has-post-thumbnail","hentry","category-politica","tag-avenida-melchor-ocampo","tag-cristhian-martinez-2","tag-hidalgo","tag-tula-de-allende"],"_links":{"self":[{"href":"https:\/\/revistaacropolis.com\/index.php\/wp-json\/wp\/v2\/posts\/24290","targetHints":{"allow":["GET"]}}],"collection":[{"href":"https:\/\/revistaacropolis.com\/index.php\/wp-json\/wp\/v2\/posts"}],"about":[{"href":"https:\/\/revistaacropolis.com\/index.php\/wp-json\/wp\/v2\/types\/post"}],"author":[{"embeddable":true,"href":"https:\/\/revistaacropolis.com\/index.php\/wp-json\/wp\/v2\/users\/22"}],"replies":[{"embeddable":true,"href":"https:\/\/revistaacropolis.com\/index.php\/wp-json\/wp\/v2\/comments?post=24290"}],"version-history":[{"count":1,"href":"https:\/\/revistaacropolis.com\/index.php\/wp-json\/wp\/v2\/posts\/24290\/revisions"}],"predecessor-version":[{"id":24292,"href":"https:\/\/revistaacropolis.com\/index.php\/wp-json\/wp\/v2\/posts\/24290\/revisions\/24292"}],"wp:featuredmedia":[{"embeddable":true,"href":"https:\/\/revistaacropolis.com\/index.php\/wp-json\/wp\/v2\/media\/24291"}],"wp:attachment":[{"href":"https:\/\/revistaacropolis.com\/index.php\/wp-json\/wp\/v2\/media?parent=24290"}],"wp:term":[{"taxonomy":"category","embeddable":true,"href":"https:\/\/revistaacropolis.com\/index.php\/wp-json\/wp\/v2\/categories?post=24290"},{"taxonomy":"post_tag","embeddable":true,"href":"https:\/\/revistaacropolis.com\/index.php\/wp-json\/wp\/v2\/tags?post=24290"}],"curies":[{"name":"wp","href":"https:\/\/api.w.org\/{rel}","templated":true}]}}