{"id":2583,"date":"2023-04-04T23:21:14","date_gmt":"2023-04-04T23:21:14","guid":{"rendered":"https:\/\/revistaacropolis.com\/?p=2583"},"modified":"2023-04-05T04:52:20","modified_gmt":"2023-04-05T04:52:20","slug":"trabaja-exsecretario-de-fayad-en-gobierno-de-menchaca-se-de-su-capacidad-y-de-sus-relaciones-dice","status":"publish","type":"post","link":"https:\/\/revistaacropolis.com\/index.php\/trabaja-exsecretario-de-fayad-en-gobierno-de-menchaca-se-de-su-capacidad-y-de-sus-relaciones-dice\/politica\/","title":{"rendered":"Trabaja exsecretario de Fayad en gobierno de Menchaca; \u00abs\u00e9 de su capacidad y de sus relaciones\u00bb, dice"},"content":{"rendered":"\n<p><strong>Jos\u00e9 Luis Romo Cruz, secretario del exgobernador Omar Fayad Meneses, labora en la administraci\u00f3n del gobernador Julio Menchaca Salazar,<\/strong> en la Secretar\u00eda de Desarrollo Econ\u00f3mico (Sedeco), confirm\u00f3 el mandatario estatal.<\/p>\n\n\n\n<blockquote class=\"wp-block-quote is-layout-flow wp-block-quote-is-layout-flow\">\n<p>Trabaj\u00f3 en proyectos espec\u00edficos en la administraci\u00f3n anterior que son convenientes para el estado, de inversiones muy importantes, y se trata de aprovechar eso que ha trabajado en el transcurso del tiempo\u00bb, expuso tras la firma de un acuerdo con la Secretar\u00eda de la Funci\u00f3n P\u00fablica (SFP).<\/p>\n<\/blockquote>\n\n\n\n<p>Asever\u00f3 que su administraci\u00f3n reconoce \u00abla capacidad\u00bb de los servidores p\u00fablicos.<\/p>\n\n\n\n<blockquote class=\"wp-block-quote is-layout-flow wp-block-quote-is-layout-flow\">\n<p>Yo le dije en campa\u00f1a y lo estoy sosteniendo: que las y los funcionarios que tuvieran la capacidad, no se trata de quitar a todos y poner a otros nuevos, sino que estamos reconocimiento la capacidad del trabajo de muchos\u00bb, dijo.<\/p>\n<\/blockquote>\n\n\n\n<p>Indic\u00f3 que Romo Cruz, quien <strong>fue secretario de Desarrollo Econ\u00f3mico y de la Pol\u00edtica P\u00fablica (ente que desapareci\u00f3 con la reforma a la Ley Org\u00e1nica de la Administraci\u00f3n P\u00fablica), as\u00ed como encargado del proceso de transici\u00f3n por parte del exmandatario priista, forma parte de la estructura del gobierno morenista,<\/strong> no como asesor extern\u00f3. Aunque no revel\u00f3 su puesto.<\/p>\n\n\n\n<p>Menchaca Salazar afirm\u00f3 que <strong>es el \u00fanico exsecretario de Fayad Meneses laborando en su administraci\u00f3n,<\/strong> aunque hay subsecretarios, que vend\u00edan trabajando en \u00e1reas t\u00e9cnicas, que se mantuvieron en el gobierno.<\/p>\n\n\n\n<div class=\"wp-block-query is-layout-flow wp-block-query-is-layout-flow\"><ul class=\"wp-block-post-template is-layout-flow wp-block-post-template-is-layout-flow\"><li class=\"wp-block-post post-23409 post type-post status-publish format-standard has-post-thumbnail hentry category-sociedad tag-cecilia-del-rayo-vargas-chacon tag-desayuno-empresarial tag-hidalgo tag-paola-cruz tag-redmuem tag-silvino-lopez-tovar\">\n\n<div class=\"wp-block-columns are-vertically-aligned-center is-layout-flex wp-container-core-columns-is-layout-9d6595d7 wp-block-columns-is-layout-flex\">\n<div class=\"wp-block-column is-vertically-aligned-center is-layout-flow wp-block-column-is-layout-flow\" style=\"flex-basis:25%\"><figure class=\"wp-block-post-featured-image\"><a href=\"https:\/\/revistaacropolis.com\/index.php\/redmuem-hidalgo-fortalece-su-comunidad-empresarial-en-desayuno-exclusivo\/sociedad\/\" target=\"_self\"  ><img fetchpriority=\"high\" decoding=\"async\" width=\"2049\" height=\"1152\" src=\"https:\/\/revistaacropolis.com\/wp-content\/uploads\/2026\/04\/Portadas-Paginas-web-2026-04-30T125532.404.png\" class=\"attachment-post-thumbnail size-post-thumbnail wp-post-image\" alt=\"Redmuem Hidalgo fortalece su comunidad empresarial en desayuno exclusivo\" style=\"object-fit:cover;\" srcset=\"https:\/\/revistaacropolis.com\/wp-content\/uploads\/2026\/04\/Portadas-Paginas-web-2026-04-30T125532.404.png 2049w, https:\/\/revistaacropolis.com\/wp-content\/uploads\/2026\/04\/Portadas-Paginas-web-2026-04-30T125532.404-300x169.png 300w, https:\/\/revistaacropolis.com\/wp-content\/uploads\/2026\/04\/Portadas-Paginas-web-2026-04-30T125532.404-1024x576.png 1024w, https:\/\/revistaacropolis.com\/wp-content\/uploads\/2026\/04\/Portadas-Paginas-web-2026-04-30T125532.404-768x432.png 768w, https:\/\/revistaacropolis.com\/wp-content\/uploads\/2026\/04\/Portadas-Paginas-web-2026-04-30T125532.404-1536x864.png 1536w, https:\/\/revistaacropolis.com\/wp-content\/uploads\/2026\/04\/Portadas-Paginas-web-2026-04-30T125532.404-600x337.png 600w\" sizes=\"(max-width: 2049px) 100vw, 2049px\" \/><\/a><\/figure><\/div>\n\n\n\n<div class=\"wp-block-column is-vertically-aligned-center has-small-font-size is-layout-flow wp-block-column-is-layout-flow\" style=\"flex-basis:75%\"><h2 class=\"wp-block-post-title has-small-font-size\"><a href=\"https:\/\/revistaacropolis.com\/index.php\/redmuem-hidalgo-fortalece-su-comunidad-empresarial-en-desayuno-exclusivo\/sociedad\/\" target=\"_self\" >Redmuem Hidalgo fortalece su comunidad empresarial en desayuno exclusivo<\/a><\/h2><\/div>\n<\/div>\n\n<\/li><li class=\"wp-block-post post-23402 post type-post status-publish format-standard has-post-thumbnail hentry category-sociedad tag-cristhian-martinez tag-feria-del-helado-artesanal-2026 tag-hidalgo tag-tula-de-allende tag-turismo\">\n\n<div class=\"wp-block-columns are-vertically-aligned-center is-layout-flex wp-container-core-columns-is-layout-9d6595d7 wp-block-columns-is-layout-flex\">\n<div class=\"wp-block-column is-vertically-aligned-center is-layout-flow wp-block-column-is-layout-flow\" style=\"flex-basis:25%\"><figure class=\"wp-block-post-featured-image\"><a href=\"https:\/\/revistaacropolis.com\/index.php\/impulsa-cristhian-martinez-el-turismo-la-cultura-y-la-gastronomia-con-la-feria-del-helado-artesanal-2026\/sociedad\/\" target=\"_self\"  ><img decoding=\"async\" width=\"2049\" height=\"1152\" src=\"https:\/\/revistaacropolis.com\/wp-content\/uploads\/2026\/04\/Portadas-Paginas-web-2026-04-29T124657.299.png\" class=\"attachment-post-thumbnail size-post-thumbnail wp-post-image\" alt=\"Impulsa Cristhian Mart\u00ednez el turismo, la cultura y la gastronom\u00eda con la Feria del Helado Artesanal 2026\" style=\"object-fit:cover;\" srcset=\"https:\/\/revistaacropolis.com\/wp-content\/uploads\/2026\/04\/Portadas-Paginas-web-2026-04-29T124657.299.png 2049w, https:\/\/revistaacropolis.com\/wp-content\/uploads\/2026\/04\/Portadas-Paginas-web-2026-04-29T124657.299-300x169.png 300w, https:\/\/revistaacropolis.com\/wp-content\/uploads\/2026\/04\/Portadas-Paginas-web-2026-04-29T124657.299-1024x576.png 1024w, https:\/\/revistaacropolis.com\/wp-content\/uploads\/2026\/04\/Portadas-Paginas-web-2026-04-29T124657.299-768x432.png 768w, https:\/\/revistaacropolis.com\/wp-content\/uploads\/2026\/04\/Portadas-Paginas-web-2026-04-29T124657.299-1536x864.png 1536w, https:\/\/revistaacropolis.com\/wp-content\/uploads\/2026\/04\/Portadas-Paginas-web-2026-04-29T124657.299-600x337.png 600w\" sizes=\"(max-width: 2049px) 100vw, 2049px\" \/><\/a><\/figure><\/div>\n\n\n\n<div class=\"wp-block-column is-vertically-aligned-center has-small-font-size is-layout-flow wp-block-column-is-layout-flow\" style=\"flex-basis:75%\"><h2 class=\"wp-block-post-title has-small-font-size\"><a href=\"https:\/\/revistaacropolis.com\/index.php\/impulsa-cristhian-martinez-el-turismo-la-cultura-y-la-gastronomia-con-la-feria-del-helado-artesanal-2026\/sociedad\/\" target=\"_self\" >Impulsa Cristhian Mart\u00ednez el turismo, la cultura y la gastronom\u00eda con la Feria del Helado Artesanal 2026<\/a><\/h2><\/div>\n<\/div>\n\n<\/li><\/ul><\/div>\n\n\n\n<p>El mandatario indic\u00f3 que <strong>Romo Cruz no es parte de los exsecretarios de la pasada administraci\u00f3n que son investigados por la llamada Estafa Siniestra<\/strong>, en la que se detectaron desv\u00edos de m\u00e1s de 500 millones de pesos en municipios, en complicidad con autoridades estatales.<\/p>\n\n\n\n<figure class=\"wp-block-pullquote\"><blockquote><p>\u00abTodos los que est\u00e1n siendo investigados no forman parte de esa invitaci\u00f3n. No hay ninguna responsabilidad (en su contra) que tenga yo conocimiento, y yo tambi\u00e9n s\u00e9 de su capacidad y de sus relaciones, aprovecharlas por el bien del Estado\u00bb, agreg\u00f3 Menchaca.<\/p><\/blockquote><\/figure>\n","protected":false},"excerpt":{"rendered":"<p>Jos\u00e9 Luis Romo Cruz, secretario del exgobernador Omar Fayad Meneses, labora en la administraci\u00f3n del gobernador Julio Menchaca Salazar, en la Secretar\u00eda de Desarrollo Econ\u00f3mico (Sedeco), confirm\u00f3 el mandatario estatal.&hellip; <\/p>\n","protected":false},"author":4,"featured_media":2584,"comment_status":"closed","ping_status":"closed","sticky":false,"template":"","format":"standard","meta":{"two_page_speed":[],"_joinchat":[],"footnotes":""},"categories":[1],"tags":[123,705,93],"class_list":["post-2583","post","type-post","status-publish","format-standard","has-post-thumbnail","hentry","category-politica","tag-fayad","tag-luis-romo","tag-menchaca"],"_links":{"self":[{"href":"https:\/\/revistaacropolis.com\/index.php\/wp-json\/wp\/v2\/posts\/2583","targetHints":{"allow":["GET"]}}],"collection":[{"href":"https:\/\/revistaacropolis.com\/index.php\/wp-json\/wp\/v2\/posts"}],"about":[{"href":"https:\/\/revistaacropolis.com\/index.php\/wp-json\/wp\/v2\/types\/post"}],"author":[{"embeddable":true,"href":"https:\/\/revistaacropolis.com\/index.php\/wp-json\/wp\/v2\/users\/4"}],"replies":[{"embeddable":true,"href":"https:\/\/revistaacropolis.com\/index.php\/wp-json\/wp\/v2\/comments?post=2583"}],"version-history":[{"count":5,"href":"https:\/\/revistaacropolis.com\/index.php\/wp-json\/wp\/v2\/posts\/2583\/revisions"}],"predecessor-version":[{"id":2615,"href":"https:\/\/revistaacropolis.com\/index.php\/wp-json\/wp\/v2\/posts\/2583\/revisions\/2615"}],"wp:featuredmedia":[{"embeddable":true,"href":"https:\/\/revistaacropolis.com\/index.php\/wp-json\/wp\/v2\/media\/2584"}],"wp:attachment":[{"href":"https:\/\/revistaacropolis.com\/index.php\/wp-json\/wp\/v2\/media?parent=2583"}],"wp:term":[{"taxonomy":"category","embeddable":true,"href":"https:\/\/revistaacropolis.com\/index.php\/wp-json\/wp\/v2\/categories?post=2583"},{"taxonomy":"post_tag","embeddable":true,"href":"https:\/\/revistaacropolis.com\/index.php\/wp-json\/wp\/v2\/tags?post=2583"}],"curies":[{"name":"wp","href":"https:\/\/api.w.org\/{rel}","templated":true}]}}