{"id":2616,"date":"2023-04-05T06:19:29","date_gmt":"2023-04-05T06:19:29","guid":{"rendered":"https:\/\/revistaacropolis.com\/?p=2616"},"modified":"2023-04-05T06:19:31","modified_gmt":"2023-04-05T06:19:31","slug":"esperan-mas-de-12-mil-personas-en-el-viacrusis-de-el-arbolito","status":"publish","type":"post","link":"https:\/\/revistaacropolis.com\/index.php\/esperan-mas-de-12-mil-personas-en-el-viacrusis-de-el-arbolito\/sociedad\/","title":{"rendered":"Esperan m\u00e1s de 12 mil personas en el Viacrusis de El Arbolito"},"content":{"rendered":"\n<p>Tras haber obtenido <strong>la denominaci\u00f3n de Barrio M\u00e1gico, este a\u00f1o la agrupaci\u00f3n Amigos de Jes\u00fas, organizadores del Viacrusis de El Arbolito,<\/strong> esperan una afluencia de visitantes de m\u00e1s de 12 mil personas al evento en su edici\u00f3n n\u00famero 54.<\/p>\n\n\n\n<p>En rueda de prensa, Eduardo Pichardo Monzalvo, organizador general, indic\u00f3 que antes de la pandemia del Covid-19<strong> asist\u00edan alrededor de 10 mil visitantes; sin embargo, consider\u00f3 que el nuevo programa tur\u00edstico federal atraer\u00e1 a m\u00e1s personas.<\/strong><\/p>\n\n\n\n<blockquote class=\"wp-block-quote is-layout-flow wp-block-quote-is-layout-flow\">\n<p>Creemos que s\u00ed va a levantar mucho las visitas y participaci\u00f3n de otros lados, porque adem\u00e1s de pintar murales (con el programa de Barrios M\u00e1gicos), se van a rescatar tradiciones\u201d, mencion\u00f3.<\/p>\n<\/blockquote>\n\n\n\n<p>Indic\u00f3 que en la representaci\u00f3n de la Pasi\u00f3n de Cristo participar\u00e1n 800 personas, entre ellos <strong>Adri\u00e1n P\u00e9rez Ju\u00e1rez, de 23 a\u00f1os de edad, quien se convertir\u00e1 en la persona m\u00e1s joven en interpretar a Jes\u00fas en el Viacrusis m\u00e1s antiguo<\/strong> de la capital hidalguense.<\/p>\n\n\n\n<p><\/p>\n\n\n\n<figure class=\"wp-block-image size-large\"><img fetchpriority=\"high\" decoding=\"async\" width=\"1024\" height=\"683\" src=\"https:\/\/revistaacropolis.com\/wp-content\/uploads\/2023\/04\/viacrusis-2-1024x683.jpeg\" alt=\"\" class=\"wp-image-2618\" srcset=\"https:\/\/revistaacropolis.com\/wp-content\/uploads\/2023\/04\/viacrusis-2-1024x683.jpeg 1024w, https:\/\/revistaacropolis.com\/wp-content\/uploads\/2023\/04\/viacrusis-2-300x200.jpeg 300w, https:\/\/revistaacropolis.com\/wp-content\/uploads\/2023\/04\/viacrusis-2-768x512.jpeg 768w, https:\/\/revistaacropolis.com\/wp-content\/uploads\/2023\/04\/viacrusis-2-600x400.jpeg 600w, https:\/\/revistaacropolis.com\/wp-content\/uploads\/2023\/04\/viacrusis-2.jpeg 1296w\" sizes=\"(max-width: 1024px) 100vw, 1024px\" \/><\/figure>\n\n\n\n<p>Detall\u00f3 que el evento <strong>comenzar\u00e1 a las 11:00 horas del pr\u00f3ximo viernes, <\/strong>partir\u00e1n de la Casa de la Cultura, para llegar al Gato Montes y volver a subir por la calle de Galeana hasta llegar a la mina del Cuixi, cumpliendo un recorrido de 3 kil\u00f3metros.<\/p>\n\n\n\n<p>Pichardo Monzalvo agreg\u00f3 que este a\u00f1o tendr\u00e1n una \u201csorpresa\u201d para los asistentes, en el domingo de resurrecci\u00f3n, la cual, dijo, ser\u00e1 relacionada con la tradici\u00f3n minera del barrio y con motivo de la nueva denominaci\u00f3n.<\/p>\n","protected":false},"excerpt":{"rendered":"<p>Tras haber obtenido la denominaci\u00f3n de Barrio M\u00e1gico, este a\u00f1o la agrupaci\u00f3n Amigos de Jes\u00fas, organizadores del Viacrusis de El Arbolito, esperan una afluencia de visitantes de m\u00e1s de 12&hellip; <\/p>\n","protected":false},"author":9,"featured_media":2617,"comment_status":"closed","ping_status":"closed","sticky":false,"template":"","format":"standard","meta":{"two_page_speed":[],"_joinchat":[],"footnotes":""},"categories":[57],"tags":[293,285,714],"class_list":["post-2616","post","type-post","status-publish","format-standard","has-post-thumbnail","hentry","category-sociedad","tag-barrio-magico","tag-el-arbolito","tag-viacrusis"],"_links":{"self":[{"href":"https:\/\/revistaacropolis.com\/index.php\/wp-json\/wp\/v2\/posts\/2616","targetHints":{"allow":["GET"]}}],"collection":[{"href":"https:\/\/revistaacropolis.com\/index.php\/wp-json\/wp\/v2\/posts"}],"about":[{"href":"https:\/\/revistaacropolis.com\/index.php\/wp-json\/wp\/v2\/types\/post"}],"author":[{"embeddable":true,"href":"https:\/\/revistaacropolis.com\/index.php\/wp-json\/wp\/v2\/users\/9"}],"replies":[{"embeddable":true,"href":"https:\/\/revistaacropolis.com\/index.php\/wp-json\/wp\/v2\/comments?post=2616"}],"version-history":[{"count":1,"href":"https:\/\/revistaacropolis.com\/index.php\/wp-json\/wp\/v2\/posts\/2616\/revisions"}],"predecessor-version":[{"id":2619,"href":"https:\/\/revistaacropolis.com\/index.php\/wp-json\/wp\/v2\/posts\/2616\/revisions\/2619"}],"wp:featuredmedia":[{"embeddable":true,"href":"https:\/\/revistaacropolis.com\/index.php\/wp-json\/wp\/v2\/media\/2617"}],"wp:attachment":[{"href":"https:\/\/revistaacropolis.com\/index.php\/wp-json\/wp\/v2\/media?parent=2616"}],"wp:term":[{"taxonomy":"category","embeddable":true,"href":"https:\/\/revistaacropolis.com\/index.php\/wp-json\/wp\/v2\/categories?post=2616"},{"taxonomy":"post_tag","embeddable":true,"href":"https:\/\/revistaacropolis.com\/index.php\/wp-json\/wp\/v2\/tags?post=2616"}],"curies":[{"name":"wp","href":"https:\/\/api.w.org\/{rel}","templated":true}]}}