{"id":2751,"date":"2023-04-10T23:11:44","date_gmt":"2023-04-10T23:11:44","guid":{"rendered":"https:\/\/revistaacropolis.com\/?p=2751"},"modified":"2023-04-10T23:12:05","modified_gmt":"2023-04-10T23:12:05","slug":"van-contra-otros-3-exfuncionarios-de-la-seph-por-contrato-de-140-mdp-por-supuesto-hackeo","status":"publish","type":"post","link":"https:\/\/revistaacropolis.com\/index.php\/van-contra-otros-3-exfuncionarios-de-la-seph-por-contrato-de-140-mdp-por-supuesto-hackeo\/politica\/","title":{"rendered":"Van contra otros 3 exfuncionarios de la SEPH por contrato de 140 mdp por supuesto hackeo"},"content":{"rendered":"\n<p>El encargado de la Procuradur\u00eda General de Justicia de Hidalgo (PGJH), <strong>Santiago Nieto Castillo, afirm\u00f3 que por el caso de la contrataci\u00f3n de una empresa fachada por 140 millones de pesos para atender un supuesto hackeo en la Secretar\u00eda de Educaci\u00f3n P\u00fablica de Hidalgo (SEPH) indagan a otros tres exfuncionarios<\/strong>; asimismo, ejercer\u00e1n acci\u00f3n penal contra personas responsables de la empresa fantasma.<\/p>\n\n\n\n<p>El mi\u00e9rcoles pasado, Pablo Moreno Calva, <strong>exsubsecretario de Administraci\u00f3n y Finanzas de la Secretar\u00eda de Educaci\u00f3n P\u00fablica de Hidalgo (SEPH), fue detenido por su presunta responsabilidad en el delito de peculado,<\/strong> relacionado con la contrataci\u00f3n de la firma fachada en marzo de 2022, y este d\u00eda se define si es vinculado a proceso.<\/p>\n\n\n\n<p>En entrevista, el extitular de la Unidad de Inteligencia Financiera (UIF) indic\u00f3 que <strong>tres exservidores est\u00e1n involucrados con dos representantes de las empresas fachas de la Estafa Siniestra.<\/strong><\/p>\n\n\n\n<blockquote class=\"wp-block-quote is-layout-flow wp-block-quote-is-layout-flow\">\n<p>\u00abEl primer caso de la SEPH ya se judicualiz\u00f3 contra el (exsub)secretario de Finanzas. Vamos a seguir la investigaci\u00f3n respecto de otros funcionarios participaron en la operaci\u00f3n\u00bb, apunt\u00f3.<\/p>\n<\/blockquote>\n\n\n\n<p>Reiter\u00f3 que la empresa cambi\u00f3 su objeto social dos d\u00edas antes de los supuestos hechos para poder trabajar en recuperaci\u00f3n de informaci\u00f3n por hackeo, pero no hay indicios de que la intervenci\u00f3n contra la SEPH haya ocurrido.<\/p>\n\n\n\n<p>Agreg\u00f3 que han solicitado informaci\u00f3n a la Comisi\u00f3n Nacional Bancaria de Valores (CNBV) y a la UIF para \u00aba partir de ah\u00ed ver el flujo de los recursos\u00bb. Indic\u00f3 que <strong>una parte \u00abimportante\u00bb del dinero \u00abse sac\u00f3 en efectivo de las empresas\u00bb.<\/strong><\/p>\n\n\n\n<figure class=\"wp-block-pullquote\"><blockquote><p>\u00abLo importante es que las personas que hayan ejercido de manera il\u00edcita los recursos, que hayan contratado empresas fachada, que hayan sacado el dinero en efectivo precisamente los meses previos de la campa\u00f1a electoral tengan una sanci\u00f3n, y sobre todo que se puedan restituir los bienes\u00bb.<\/p><cite>expuso.<\/cite><\/blockquote><\/figure>\n\n\n\n<p>Agreg\u00f3 que la <strong>PGJH cuenta con investigaciones por casos en SEPH, la Secretar\u00eda de Seguridad P\u00fablica de Hidalgo (SSPH) y la de Salud (SSH).<\/strong> Asimismo, est\u00e1n a la espera de cumplir con las seis \u00f3rdenes de aprehensi\u00f3n pendientes por la Estafa Siniestra; entre ellas, <strong>tres contra C\u00e9sar Rom\u00e1n Mora Velazquez, exsecretario de la Contralor\u00eda del sexenio de Omar Fayad Meneses.<\/strong><\/p>\n\n\n\n<p>Respecto a los siete alcalde que no han sido procesados por la Estafa Siniestra (hay seis vinculados a proceso y un pr\u00f3fugo), Nieto Castillo dijo que est\u00e1n en proceso de la integraci\u00f3n y recepci\u00f3n de informaci\u00f3n, particularmente bancaria.<\/p>\n\n\n\n<blockquote class=\"wp-block-quote is-layout-flow wp-block-quote-is-layout-flow\">\n<p>\u00abVamos a judicializan todo\u00bb, asever\u00f3 respecto de lo que denomina el primer nivel del esquema de desv\u00edos de recursos extraordinarios a trav\u00e9s de empresas fachada.<\/p>\n<\/blockquote>\n\n\n\n<div class=\"wp-block-query is-layout-flow wp-block-query-is-layout-flow\"><ul class=\"wp-block-post-template is-layout-flow wp-block-post-template-is-layout-flow\"><li class=\"wp-block-post post-23409 post type-post status-publish format-standard has-post-thumbnail hentry category-sociedad tag-cecilia-del-rayo-vargas-chacon tag-desayuno-empresarial tag-hidalgo tag-paola-cruz tag-redmuem tag-silvino-lopez-tovar\">\n\n<div class=\"wp-block-columns are-vertically-aligned-center has-small-font-size is-layout-flex wp-container-core-columns-is-layout-9d6595d7 wp-block-columns-is-layout-flex\">\n<div class=\"wp-block-column is-vertically-aligned-center is-layout-flow wp-block-column-is-layout-flow\" style=\"flex-basis:25%\"><figure class=\"wp-block-post-featured-image\"><a href=\"https:\/\/revistaacropolis.com\/index.php\/redmuem-hidalgo-fortalece-su-comunidad-empresarial-en-desayuno-exclusivo\/sociedad\/\" target=\"_self\"  ><img fetchpriority=\"high\" decoding=\"async\" width=\"2049\" height=\"1152\" src=\"https:\/\/revistaacropolis.com\/wp-content\/uploads\/2026\/04\/Portadas-Paginas-web-2026-04-30T125532.404.png\" class=\"attachment-post-thumbnail size-post-thumbnail wp-post-image\" alt=\"Redmuem Hidalgo fortalece su comunidad empresarial en desayuno exclusivo\" style=\"object-fit:cover;\" srcset=\"https:\/\/revistaacropolis.com\/wp-content\/uploads\/2026\/04\/Portadas-Paginas-web-2026-04-30T125532.404.png 2049w, https:\/\/revistaacropolis.com\/wp-content\/uploads\/2026\/04\/Portadas-Paginas-web-2026-04-30T125532.404-300x169.png 300w, https:\/\/revistaacropolis.com\/wp-content\/uploads\/2026\/04\/Portadas-Paginas-web-2026-04-30T125532.404-1024x576.png 1024w, https:\/\/revistaacropolis.com\/wp-content\/uploads\/2026\/04\/Portadas-Paginas-web-2026-04-30T125532.404-768x432.png 768w, https:\/\/revistaacropolis.com\/wp-content\/uploads\/2026\/04\/Portadas-Paginas-web-2026-04-30T125532.404-1536x864.png 1536w, https:\/\/revistaacropolis.com\/wp-content\/uploads\/2026\/04\/Portadas-Paginas-web-2026-04-30T125532.404-600x337.png 600w\" sizes=\"(max-width: 2049px) 100vw, 2049px\" \/><\/a><\/figure><\/div>\n\n\n\n<div class=\"wp-block-column is-vertically-aligned-center is-layout-flow wp-block-column-is-layout-flow\" style=\"flex-basis:75%\"><h2 class=\"wp-block-post-title has-small-font-size\"><a href=\"https:\/\/revistaacropolis.com\/index.php\/redmuem-hidalgo-fortalece-su-comunidad-empresarial-en-desayuno-exclusivo\/sociedad\/\" target=\"_self\" >Redmuem Hidalgo fortalece su comunidad empresarial en desayuno exclusivo<\/a><\/h2><\/div>\n<\/div>\n\n<\/li><li class=\"wp-block-post post-23402 post type-post status-publish format-standard has-post-thumbnail hentry category-sociedad tag-cristhian-martinez tag-feria-del-helado-artesanal-2026 tag-hidalgo tag-tula-de-allende tag-turismo\">\n\n<div class=\"wp-block-columns are-vertically-aligned-center has-small-font-size is-layout-flex wp-container-core-columns-is-layout-9d6595d7 wp-block-columns-is-layout-flex\">\n<div class=\"wp-block-column is-vertically-aligned-center is-layout-flow wp-block-column-is-layout-flow\" style=\"flex-basis:25%\"><figure class=\"wp-block-post-featured-image\"><a href=\"https:\/\/revistaacropolis.com\/index.php\/impulsa-cristhian-martinez-el-turismo-la-cultura-y-la-gastronomia-con-la-feria-del-helado-artesanal-2026\/sociedad\/\" target=\"_self\"  ><img decoding=\"async\" width=\"2049\" height=\"1152\" src=\"https:\/\/revistaacropolis.com\/wp-content\/uploads\/2026\/04\/Portadas-Paginas-web-2026-04-29T124657.299.png\" class=\"attachment-post-thumbnail size-post-thumbnail wp-post-image\" alt=\"Impulsa Cristhian Mart\u00ednez el turismo, la cultura y la gastronom\u00eda con la Feria del Helado Artesanal 2026\" style=\"object-fit:cover;\" srcset=\"https:\/\/revistaacropolis.com\/wp-content\/uploads\/2026\/04\/Portadas-Paginas-web-2026-04-29T124657.299.png 2049w, https:\/\/revistaacropolis.com\/wp-content\/uploads\/2026\/04\/Portadas-Paginas-web-2026-04-29T124657.299-300x169.png 300w, https:\/\/revistaacropolis.com\/wp-content\/uploads\/2026\/04\/Portadas-Paginas-web-2026-04-29T124657.299-1024x576.png 1024w, https:\/\/revistaacropolis.com\/wp-content\/uploads\/2026\/04\/Portadas-Paginas-web-2026-04-29T124657.299-768x432.png 768w, https:\/\/revistaacropolis.com\/wp-content\/uploads\/2026\/04\/Portadas-Paginas-web-2026-04-29T124657.299-1536x864.png 1536w, https:\/\/revistaacropolis.com\/wp-content\/uploads\/2026\/04\/Portadas-Paginas-web-2026-04-29T124657.299-600x337.png 600w\" sizes=\"(max-width: 2049px) 100vw, 2049px\" \/><\/a><\/figure><\/div>\n\n\n\n<div class=\"wp-block-column is-vertically-aligned-center is-layout-flow wp-block-column-is-layout-flow\" style=\"flex-basis:75%\"><h2 class=\"wp-block-post-title has-small-font-size\"><a href=\"https:\/\/revistaacropolis.com\/index.php\/impulsa-cristhian-martinez-el-turismo-la-cultura-y-la-gastronomia-con-la-feria-del-helado-artesanal-2026\/sociedad\/\" target=\"_self\" >Impulsa Cristhian Mart\u00ednez el turismo, la cultura y la gastronom\u00eda con la Feria del Helado Artesanal 2026<\/a><\/h2><\/div>\n<\/div>\n\n<\/li><\/ul><\/div>\n\n\n\n<p><strong>DatoAcro<\/strong><\/p>\n\n\n\n<p>Nieto Castillo adelant\u00f3 que presentar\u00e1 seis demandas ante el Tribunal Superior de Justicia de Hidalgo para buscar la extinci\u00f3n de dominio de inmuebles vinculados con diversas conductas delictivas, particularmente con secuestro y menudeo. Posteriormente haremos lo mismo en temas de corrupci\u00f3n, dijo.<\/p>\n\n\n\n<p>Dijo que el exsubsecretario de la SEPH se puede acoger a un criterio de oportunidad siempre y cuando garantice la reparaci\u00f3n del da\u00f1o y d\u00e9 informaci\u00f3n que vincule a personas que se encuentren dentro de la estructura delictiva \u201ca un mayor nivel\u201d.<\/p>\n","protected":false},"excerpt":{"rendered":"<p>El encargado de la Procuradur\u00eda General de Justicia de Hidalgo (PGJH), Santiago Nieto Castillo, afirm\u00f3 que por el caso de la contrataci\u00f3n de una empresa fachada por 140 millones de&hellip; <\/p>\n","protected":false},"author":4,"featured_media":2752,"comment_status":"closed","ping_status":"closed","sticky":false,"template":"","format":"standard","meta":{"two_page_speed":[],"_joinchat":[],"footnotes":""},"categories":[1],"tags":[179,175,119],"class_list":["post-2751","post","type-post","status-publish","format-standard","has-post-thumbnail","hentry","category-politica","tag-estafa-siniestra","tag-pgjh","tag-seph"],"_links":{"self":[{"href":"https:\/\/revistaacropolis.com\/index.php\/wp-json\/wp\/v2\/posts\/2751","targetHints":{"allow":["GET"]}}],"collection":[{"href":"https:\/\/revistaacropolis.com\/index.php\/wp-json\/wp\/v2\/posts"}],"about":[{"href":"https:\/\/revistaacropolis.com\/index.php\/wp-json\/wp\/v2\/types\/post"}],"author":[{"embeddable":true,"href":"https:\/\/revistaacropolis.com\/index.php\/wp-json\/wp\/v2\/users\/4"}],"replies":[{"embeddable":true,"href":"https:\/\/revistaacropolis.com\/index.php\/wp-json\/wp\/v2\/comments?post=2751"}],"version-history":[{"count":1,"href":"https:\/\/revistaacropolis.com\/index.php\/wp-json\/wp\/v2\/posts\/2751\/revisions"}],"predecessor-version":[{"id":2753,"href":"https:\/\/revistaacropolis.com\/index.php\/wp-json\/wp\/v2\/posts\/2751\/revisions\/2753"}],"wp:featuredmedia":[{"embeddable":true,"href":"https:\/\/revistaacropolis.com\/index.php\/wp-json\/wp\/v2\/media\/2752"}],"wp:attachment":[{"href":"https:\/\/revistaacropolis.com\/index.php\/wp-json\/wp\/v2\/media?parent=2751"}],"wp:term":[{"taxonomy":"category","embeddable":true,"href":"https:\/\/revistaacropolis.com\/index.php\/wp-json\/wp\/v2\/categories?post=2751"},{"taxonomy":"post_tag","embeddable":true,"href":"https:\/\/revistaacropolis.com\/index.php\/wp-json\/wp\/v2\/tags?post=2751"}],"curies":[{"name":"wp","href":"https:\/\/api.w.org\/{rel}","templated":true}]}}