{"id":2807,"date":"2023-04-11T23:31:58","date_gmt":"2023-04-11T23:31:58","guid":{"rendered":"https:\/\/revistaacropolis.com\/?p=2807"},"modified":"2023-04-11T23:32:01","modified_gmt":"2023-04-11T23:32:01","slug":"registran-1-1-millones-de-visitantes-en-semana-santa-cifras-pasadas-sin-sustento-turismo","status":"publish","type":"post","link":"https:\/\/revistaacropolis.com\/index.php\/registran-1-1-millones-de-visitantes-en-semana-santa-cifras-pasadas-sin-sustento-turismo\/politica\/","title":{"rendered":"Registran 1.1 millones de visitantes en Semana Santa; cifras pasadas, sin sustento: Turismo"},"content":{"rendered":"\n<p>La Secretar\u00eda de <strong>Turismo de Hidalgo registr\u00f3 una asistencia de un mill\u00f3n 161 mil 149 visitantes durante las vacaciones de Semana Santa, del 1 al 9 de abril, con una derrama econ\u00f3mica de 557 millones 351 mil 520 pesos. A diferencia de las cifras de la pasada administraci\u00f3n, encabezado por Eduardo Ba\u00f1os G\u00f3mez, la estad\u00edstica presentada esta ma\u00f1ana cuenta con metodolog\u00eda<\/strong> y se recab\u00f3 a trav\u00e9s de encuestas aplicadas en 75 municipios, inform\u00f3 la titular, Elizabeth Quintanar G\u00f3mez.<\/p>\n\n\n\n<p>La funcionaria se\u00f1al\u00f3 que <strong>el gasto promedio por visitante fue de 480 pesos durante la primera semana <\/strong>de este periodo vacaciones, conocida como Semana Grande. Indic\u00f3 que<strong> la atracci\u00f3n \u00abestrella\u00bb fueron los balnearios<\/strong> en la entidad.<\/p>\n\n\n\n<p>Asimismo, expuso que <strong>el principal destino tur\u00edstico de la entidad fue Ixmiquilpan,<\/strong> con una afluencia de 297 mil turistas, <strong>seguido por Huasca,<\/strong> con 69 mil; <strong>Mineral del Monte,<\/strong> 27 mil 600, y <strong>Chilcuautla,<\/strong> con 24 mil 144. Este \u00faltimo fue calificado por la funcionaria como \u00abla sorpresa\u00bb de la temporada.<\/p>\n\n\n\n<p>Igualmente, estas localidades captaron la mayor derrama econ\u00f3mica con 124 millones 560 mil pesos, 33 millones 120 mil, 27 millones 600 mil y 24 millones 144 mil pesos, respectivamente.<\/p>\n\n\n\n<p>En contraste, <strong>el municipio con menor cantidad de visitantes fue Huazalingo, con un registro de 50 personas.<\/strong><\/p>\n\n\n\n<p>La Secretar\u00eda de Turismos tambi\u00e9n <strong>detect\u00f3 paseantes extranjeros provenientes de pa\u00edses como Estados Unidos, Corea, Costa Rica, Colombia, China, India, Uruguay, Francia, Australia, Alemania y de Suiza.<\/strong><\/p>\n\n\n\n<blockquote class=\"wp-block-quote is-layout-flow wp-block-quote-is-layout-flow\">\n<p>\u00abEn Metztitl\u00e1n encontramos a una familia de cuatro de Vietnam, en Omitl\u00e1n encontramos argentinos\u00bb, expuso.<\/p>\n<\/blockquote>\n\n\n\n<p>Agreg\u00f3 que <strong>la mayor\u00eda de los visitantes proviene del propio Hidalgo, con el 30.9 por ciento;<\/strong> del Estado de M\u00e9xico, 22.5, y de la Ciudad de M\u00e9xico, el 21.4 por ciento.<\/p>\n\n\n\n<figure class=\"wp-block-pullquote\"><blockquote><p>\u00abEs bien importante que los hidalguenses conozcan Hidalgo, estamos en la campa\u00f1a Hidalguense conoce Hidalgo (\u2026) Por supuesto que no es malo ese 30 por ciento, debe ser mucho m\u00e1s grande\u00bb.<\/p><cite>dijo al ser cuestionada sobre si no se debe aspirar a que la mayor\u00eda del turismo sea for\u00e1neo.<\/cite><\/blockquote><\/figure>\n\n\n\n<p>Seg\u00fan los datos levantados, <strong>el 31.9 por ciento de los visitantes no se queda ni un d\u00eda completo en Hidalgo;<\/strong> 22.8 por ciento, solo una noche; 22.9, dos noches, y \u00fanicamente 22.5 por ciento pernocta tres noches.<\/p>\n\n\n\n<p>Para aumentar el n\u00famero de personas que se quedan en la entidad, sostuvo, <strong>se debe diversificar el producto y tener mayor calidad.<\/strong><\/p>\n\n\n\n<blockquote class=\"wp-block-quote is-layout-flow wp-block-quote-is-layout-flow\">\n<p>\u00abPara que valga la pena que se quede una noche m\u00e1s y no (sea) lo mismo de siempre\u00bb, expuso.<\/p>\n<\/blockquote>\n\n\n\n<p>Al finalizar el periodo de dos semanas de asunto, agreg\u00f3, <strong>preven que la cifra de visitantes suba a 2 millones de personas.<\/strong><\/p>\n\n\n\n<p><strong>CIFRAS DE BA\u00d1OS, SIN METODOLOG\u00cdA<\/strong><\/p>\n\n\n\n<p>La secretaria de Turismo dijo que las cifras presentadas por su gesti\u00f3n son diferentes a las de su antecesor porque son \u00abreales y con una metodolog\u00eda\u00bb, a trav\u00e9s de encuentras de salida.<\/p>\n\n\n\n<p>Michelle Cer\u00f3n Y De Tovar, <strong>encargado de la Direcci\u00f3n General de Evaluaci\u00f3n de la secretar\u00eda, dijo que anteriormente sumaban todos los autos que ingresaban a la entidad,<\/strong> sin consideras que en su totalidad no eran visitantes.<\/p>\n\n\n\n<figure class=\"wp-block-pullquote\"><blockquote><p>\u00abLo que nos arroja Seguridad P\u00fablica es que lleg\u00f3 al estado por todas las v\u00edas carreteras 572 mil 978 coches, estos en promedio tiene cuatro pasajeros, lo que dar\u00eda 2 millones 291 mil personas que ingresaron, pero ellos no todos son turistas, y antes los consideraban a todos como turistas. Ese solo es el turismo que viene de fuera, porque tambi\u00e9n hay un turismo local que representa el 30 por ciento\u00bb.<\/p><cite>expuso.<\/cite><\/blockquote><\/figure>\n\n\n\n<p>Al sumar ambas cifras, <strong>el total arrojaba alrededor de 3 millones de personas, lo que no reflejaba la realidad.<\/strong><\/p>\n\n\n\n<p>Quintanar G\u00f3mez a\u00f1adi\u00f3 que <strong>cuando lleg\u00f3 a encabezar la Secretar\u00eda de Turismo no encontr\u00f3 metodolog\u00eda para medir afluencia de visitantes, por lo que calific\u00f3 de \u00abdiferentes\u00bb los n\u00fameros.<\/strong><\/p>\n\n\n\n<blockquote class=\"wp-block-quote is-layout-flow wp-block-quote-is-layout-flow\">\n<p>\u00abUna vez estaba una nota de peri\u00f3dico que hab\u00edamos recibido m\u00e1s turismo que Quintana Roo o que San Miguel de Allende (no cu\u00e1l no reflejaba la realidad)\u00bb, expuso.<\/p>\n<\/blockquote>\n\n\n\n<p>La pasada administraci\u00f3n <strong>tampoco hac\u00eda un an\u00e1lisis del perfil del visitante ni del gasto que ejerc\u00eda,<\/strong> por lo que las cifras eras m\u00e1s elevadas que los reales, a\u00f1adi\u00f3 el subsecretario de Vinculaci\u00f3n, Promoci\u00f3n e Innovaci\u00f3n Tur\u00edstica, Salvador Navarrete Zorrilla.<\/p>\n\n\n\n<p>Por ello, la secretaria de Turismo <strong>reconoci\u00f3 que las de Ba\u00f1os G\u00f3mez eran cifras sin sustento.<\/strong><\/p>\n\n\n\n<p><strong>PLEITO EN El TEPH\u00c9, \u201cCOMO FIESTA DE 15 A\u00d1OS\u201d<\/strong><\/p>\n\n\n\n<p>Sobre la ri\u00f1a ocurrida en el balneario El Teph\u00e9, en Ixmiquilpan, el s\u00e1bado pasado, en la que hubo una docena de detenidos, la funcionaria dijo que no afecta la actividad tur\u00edstica de Hidalgo, pues <strong>la compar\u00f3 con \u201cuna fiesta de 15 a\u00f1os\u201d, en la que \u201csiempre hay una bronca\u201d.<\/strong><\/p>\n\n\n\n<figure class=\"wp-block-pullquote\"><blockquote><p>\u201cUna persona estaba orinado, hab\u00eda un ni\u00f1o, se pele\u00f3 con otro, se meti\u00f3 otro, otro, otro, se arma ah\u00ed la bronca, pero es una propiedad privada, lo detienen ellos; en ese no sentido afecta, terminaron en la barandilla y la gente contin\u00faa a la media hora\u201d.<\/p><cite>expuso.<\/cite><\/blockquote><\/figure>\n\n\n\n<div class=\"wp-block-query is-layout-flow wp-block-query-is-layout-flow\"><ul class=\"wp-block-post-template is-layout-flow wp-block-post-template-is-layout-flow\"><li class=\"wp-block-post post-23402 post type-post status-publish format-standard has-post-thumbnail hentry category-sociedad tag-cristhian-martinez tag-feria-del-helado-artesanal-2026 tag-hidalgo tag-tula-de-allende tag-turismo\">\n\n<div class=\"wp-block-columns are-vertically-aligned-center is-layout-flex wp-container-core-columns-is-layout-9d6595d7 wp-block-columns-is-layout-flex\">\n<div class=\"wp-block-column is-vertically-aligned-center is-layout-flow wp-block-column-is-layout-flow\" style=\"flex-basis:25%\"><figure class=\"wp-block-post-featured-image\"><a href=\"https:\/\/revistaacropolis.com\/index.php\/impulsa-cristhian-martinez-el-turismo-la-cultura-y-la-gastronomia-con-la-feria-del-helado-artesanal-2026\/sociedad\/\" target=\"_self\"  ><img fetchpriority=\"high\" decoding=\"async\" width=\"2049\" height=\"1152\" src=\"https:\/\/revistaacropolis.com\/wp-content\/uploads\/2026\/04\/Portadas-Paginas-web-2026-04-29T124657.299.png\" class=\"attachment-post-thumbnail size-post-thumbnail wp-post-image\" alt=\"Impulsa Cristhian Mart\u00ednez el turismo, la cultura y la gastronom\u00eda con la Feria del Helado Artesanal 2026\" style=\"object-fit:cover;\" srcset=\"https:\/\/revistaacropolis.com\/wp-content\/uploads\/2026\/04\/Portadas-Paginas-web-2026-04-29T124657.299.png 2049w, https:\/\/revistaacropolis.com\/wp-content\/uploads\/2026\/04\/Portadas-Paginas-web-2026-04-29T124657.299-300x169.png 300w, https:\/\/revistaacropolis.com\/wp-content\/uploads\/2026\/04\/Portadas-Paginas-web-2026-04-29T124657.299-1024x576.png 1024w, https:\/\/revistaacropolis.com\/wp-content\/uploads\/2026\/04\/Portadas-Paginas-web-2026-04-29T124657.299-768x432.png 768w, https:\/\/revistaacropolis.com\/wp-content\/uploads\/2026\/04\/Portadas-Paginas-web-2026-04-29T124657.299-1536x864.png 1536w, https:\/\/revistaacropolis.com\/wp-content\/uploads\/2026\/04\/Portadas-Paginas-web-2026-04-29T124657.299-600x337.png 600w\" sizes=\"(max-width: 2049px) 100vw, 2049px\" \/><\/a><\/figure><\/div>\n\n\n\n<div class=\"wp-block-column is-vertically-aligned-center is-layout-flow wp-block-column-is-layout-flow\" style=\"flex-basis:75%\"><h2 class=\"wp-block-post-title has-small-font-size\"><a href=\"https:\/\/revistaacropolis.com\/index.php\/impulsa-cristhian-martinez-el-turismo-la-cultura-y-la-gastronomia-con-la-feria-del-helado-artesanal-2026\/sociedad\/\" target=\"_self\" >Impulsa Cristhian Mart\u00ednez el turismo, la cultura y la gastronom\u00eda con la Feria del Helado Artesanal 2026<\/a><\/h2><\/div>\n<\/div>\n\n<\/li><li class=\"wp-block-post post-23395 post type-post status-publish format-standard has-post-thumbnail hentry category-politica tag-ayuntamiento-de-pachuca tag-cuenta-publica-2025 tag-fiscalizacion tag-jorge-reyes tag-pachuca-de-soto\">\n\n<div class=\"wp-block-columns are-vertically-aligned-center is-layout-flex wp-container-core-columns-is-layout-9d6595d7 wp-block-columns-is-layout-flex\">\n<div class=\"wp-block-column is-vertically-aligned-center is-layout-flow wp-block-column-is-layout-flow\" style=\"flex-basis:25%\"><figure class=\"wp-block-post-featured-image\"><a href=\"https:\/\/revistaacropolis.com\/index.php\/jorge-reyes-entrega-la-cuenta-publica-2025-de-pachuca-ante-el-congreso-de-hidalgo\/politica\/\" target=\"_self\"  ><img decoding=\"async\" width=\"2049\" height=\"1152\" src=\"https:\/\/revistaacropolis.com\/wp-content\/uploads\/2026\/04\/Portadas-Paginas-web-2026-04-29T122921.454.png\" class=\"attachment-post-thumbnail size-post-thumbnail wp-post-image\" alt=\"Jorge Reyes entrega la Cuenta P\u00fablica 2025 de Pachuca ante el Congreso de Hidalgo\" style=\"object-fit:cover;\" srcset=\"https:\/\/revistaacropolis.com\/wp-content\/uploads\/2026\/04\/Portadas-Paginas-web-2026-04-29T122921.454.png 2049w, https:\/\/revistaacropolis.com\/wp-content\/uploads\/2026\/04\/Portadas-Paginas-web-2026-04-29T122921.454-300x169.png 300w, https:\/\/revistaacropolis.com\/wp-content\/uploads\/2026\/04\/Portadas-Paginas-web-2026-04-29T122921.454-1024x576.png 1024w, https:\/\/revistaacropolis.com\/wp-content\/uploads\/2026\/04\/Portadas-Paginas-web-2026-04-29T122921.454-768x432.png 768w, https:\/\/revistaacropolis.com\/wp-content\/uploads\/2026\/04\/Portadas-Paginas-web-2026-04-29T122921.454-1536x864.png 1536w, https:\/\/revistaacropolis.com\/wp-content\/uploads\/2026\/04\/Portadas-Paginas-web-2026-04-29T122921.454-600x337.png 600w\" sizes=\"(max-width: 2049px) 100vw, 2049px\" \/><\/a><\/figure><\/div>\n\n\n\n<div class=\"wp-block-column is-vertically-aligned-center is-layout-flow wp-block-column-is-layout-flow\" style=\"flex-basis:75%\"><h2 class=\"wp-block-post-title has-small-font-size\"><a href=\"https:\/\/revistaacropolis.com\/index.php\/jorge-reyes-entrega-la-cuenta-publica-2025-de-pachuca-ante-el-congreso-de-hidalgo\/politica\/\" target=\"_self\" >Jorge Reyes entrega la Cuenta P\u00fablica 2025 de Pachuca ante el Congreso de Hidalgo<\/a><\/h2><\/div>\n<\/div>\n\n<\/li><\/ul><\/div>\n\n\n\n<p>Se\u00f1al\u00f3 que no fue un hecho violento \u201cextremo\u201d, por lo que calific\u00f3 la Semana Santa con \u201csaldo blanco\u201d, con este como el \u00fanico incidente, mismo que se viraliz\u00f3 en redes sociales.<\/p>\n\n\n\n<p>De acuerdo con el reporte, las 12 personas fueron detenidas por elementos de Seguridad P\u00fablica municipal.<\/p>\n","protected":false},"excerpt":{"rendered":"<p>La Secretar\u00eda de Turismo de Hidalgo registr\u00f3 una asistencia de un mill\u00f3n 161 mil 149 visitantes durante las vacaciones de Semana Santa, del 1 al 9 de abril, con una&hellip; <\/p>\n","protected":false},"author":4,"featured_media":2808,"comment_status":"closed","ping_status":"closed","sticky":false,"template":"","format":"standard","meta":{"two_page_speed":[],"_joinchat":[],"footnotes":""},"categories":[1,57],"tags":[89,493,284],"class_list":["post-2807","post","type-post","status-publish","format-standard","has-post-thumbnail","hentry","category-politica","category-sociedad","tag-hidalgo","tag-semana-santa","tag-turismo"],"_links":{"self":[{"href":"https:\/\/revistaacropolis.com\/index.php\/wp-json\/wp\/v2\/posts\/2807","targetHints":{"allow":["GET"]}}],"collection":[{"href":"https:\/\/revistaacropolis.com\/index.php\/wp-json\/wp\/v2\/posts"}],"about":[{"href":"https:\/\/revistaacropolis.com\/index.php\/wp-json\/wp\/v2\/types\/post"}],"author":[{"embeddable":true,"href":"https:\/\/revistaacropolis.com\/index.php\/wp-json\/wp\/v2\/users\/4"}],"replies":[{"embeddable":true,"href":"https:\/\/revistaacropolis.com\/index.php\/wp-json\/wp\/v2\/comments?post=2807"}],"version-history":[{"count":1,"href":"https:\/\/revistaacropolis.com\/index.php\/wp-json\/wp\/v2\/posts\/2807\/revisions"}],"predecessor-version":[{"id":2809,"href":"https:\/\/revistaacropolis.com\/index.php\/wp-json\/wp\/v2\/posts\/2807\/revisions\/2809"}],"wp:featuredmedia":[{"embeddable":true,"href":"https:\/\/revistaacropolis.com\/index.php\/wp-json\/wp\/v2\/media\/2808"}],"wp:attachment":[{"href":"https:\/\/revistaacropolis.com\/index.php\/wp-json\/wp\/v2\/media?parent=2807"}],"wp:term":[{"taxonomy":"category","embeddable":true,"href":"https:\/\/revistaacropolis.com\/index.php\/wp-json\/wp\/v2\/categories?post=2807"},{"taxonomy":"post_tag","embeddable":true,"href":"https:\/\/revistaacropolis.com\/index.php\/wp-json\/wp\/v2\/tags?post=2807"}],"curies":[{"name":"wp","href":"https:\/\/api.w.org\/{rel}","templated":true}]}}