{"id":2977,"date":"2023-04-15T00:30:56","date_gmt":"2023-04-15T00:30:56","guid":{"rendered":"https:\/\/revistaacropolis.com\/?p=2977"},"modified":"2023-04-15T00:47:07","modified_gmt":"2023-04-15T00:47:07","slug":"se-agandalla-empresaria-propiedad-de-bordados-hnahnus-exigen-que-impi-revierta-registro","status":"publish","type":"post","link":"https:\/\/revistaacropolis.com\/index.php\/se-agandalla-empresaria-propiedad-de-bordados-hnahnus-exigen-que-impi-revierta-registro\/politica\/","title":{"rendered":"<strong>Se agandalla empresaria propiedad de bordados h\u00f1\u00e4h\u00f1\u00fcs; exigen que IMPI revierta registro<\/strong>"},"content":{"rendered":"\n<p>Artesanas y artesanos <strong>h\u00f1\u00e4h\u00f1\u00fcs del Valle del Mezquital acudieron a la Comisi\u00f3n Estatal Para el Desarrollo Sostenible de los Pueblos Ind\u00edgenas (CEDSPI) a exigir que intervenga para que el Instituto Mexicano de la Propiedad Industrial (IMPI) cancele el registro de marca y autorizaci\u00f3n que dio a una empresaria para el uso de iconograf\u00eda que pertenece al pueblo y sus bordadoras, conocida como im\u00e1genes de flor y canto<\/strong>, y que no les sea arrebatada.<\/p>\n\n\n\n<p>Esos bordados, que asemejan a <strong>dos p\u00e1jaro, fueron registrados ante el IMPI por Alejandra Leal Gonz\u00e1lez, due\u00f1a de la mu\u00f1eca Nxutsi, con el n\u00famero de registro 2323416, el 10 octubre de 2021, pese a ser parte de los c\u00f3dices centenarios que han heredados las realizadoras<\/strong>, lo que consideran <strong>un robo y una privatizaci\u00f3n d<\/strong>e sus expresiones art\u00edsticas.&nbsp;<\/p>\n\n\n\n<p>Asimismo, a trav\u00e9s de un documento, <strong>pidieron que se anule la solicitud de registro <\/strong>del expediente 2900233 (ingresas en febrero pasado) de la palabra <strong>D\u00e4\u00b4mui Nxutsi<\/strong> (muchacha o ni\u00f1a en espa\u00f1ol), <strong>pues es de uso com\u00fan en el idioma h\u00f1\u00e4h\u00f1\u00fc.\u00a0<\/strong><\/p>\n\n\n\n<figure class=\"wp-block-image size-large\"><img fetchpriority=\"high\" decoding=\"async\" width=\"1024\" height=\"682\" src=\"https:\/\/revistaacropolis.com\/wp-content\/uploads\/2023\/04\/bordados-2-1024x682.jpeg\" alt=\"\" class=\"wp-image-2980\" srcset=\"https:\/\/revistaacropolis.com\/wp-content\/uploads\/2023\/04\/bordados-2-1024x682.jpeg 1024w, https:\/\/revistaacropolis.com\/wp-content\/uploads\/2023\/04\/bordados-2-300x200.jpeg 300w, https:\/\/revistaacropolis.com\/wp-content\/uploads\/2023\/04\/bordados-2-768x512.jpeg 768w, https:\/\/revistaacropolis.com\/wp-content\/uploads\/2023\/04\/bordados-2-1536x1023.jpeg 1536w, https:\/\/revistaacropolis.com\/wp-content\/uploads\/2023\/04\/bordados-2-600x400.jpeg 600w, https:\/\/revistaacropolis.com\/wp-content\/uploads\/2023\/04\/bordados-2.jpeg 1600w\" sizes=\"(max-width: 1024px) 100vw, 1024px\" \/><figcaption class=\"wp-element-caption\">Tradici\u00f3n hist\u00f3rica, en riesgo por apropiaci\u00f3n de iconograf\u00eda ind\u00edgena<\/figcaption><\/figure>\n\n\n\n<p><\/p>\n\n\n\n<p>Igualmente, <strong>exigieron a la CEDSPI, presidida por Prisco Manuel Guti\u00e9rrez, realizar los tr\u00e1mites jur\u00eddicos para resguardar la propiedad intelectual,<\/strong> la creaci\u00f3n de marcar colectivas y el registro de artesan\u00edas bordadas de la regi\u00f3n\u00a0 <strong>con una \u201cdenominaci\u00f3n geogr\u00e1fica\u201d,<\/strong> <strong>con lo cual podr\u00eda proteger sus textiles colectivamente.\u00a0<\/strong><\/p>\n\n\n\n<blockquote class=\"wp-block-quote is-layout-flow wp-block-quote-is-layout-flow\">\n<p>Esto implica hacer una consulta a los pueblo ind\u00edgena para su aprobaci\u00f3n\u201d, expuso Emilia Mendoza, del grupo artesanal Mendoza, de la comunidad San Nicolas, Ixmiquilpan.<\/p>\n<\/blockquote>\n\n\n\n<p>Las denominadas <strong>Guardianas de la Cultura Ancestral protestaron por \u201cla explotaci\u00f3n cultural y apropiaci\u00f3n indebida\u201d <\/strong>a trav\u00e9s de la <strong>mu\u00f1eca Nxuts<\/strong>i, la cual mercantiliza algunos rasgos de su cultura y que <strong>fue respaldada por integrante de los gobiernos de Ixmiquilpan y de Hidalgo, el pasado 15 de marzo, para ser embajadora de la vestimenta h\u00f1\u00e4h\u00f1\u00fc, <\/strong>sin que el pueblo originario fuera consultado e informado.<\/p>\n\n\n\n<figure class=\"wp-block-image size-large\"><img decoding=\"async\" width=\"1024\" height=\"683\" src=\"https:\/\/revistaacropolis.com\/wp-content\/uploads\/2023\/04\/muneca-1-1024x683.jpeg\" alt=\"\" class=\"wp-image-2978\" srcset=\"https:\/\/revistaacropolis.com\/wp-content\/uploads\/2023\/04\/muneca-1-1024x683.jpeg 1024w, https:\/\/revistaacropolis.com\/wp-content\/uploads\/2023\/04\/muneca-1-300x200.jpeg 300w, https:\/\/revistaacropolis.com\/wp-content\/uploads\/2023\/04\/muneca-1-768x512.jpeg 768w, https:\/\/revistaacropolis.com\/wp-content\/uploads\/2023\/04\/muneca-1-1536x1024.jpeg 1536w, https:\/\/revistaacropolis.com\/wp-content\/uploads\/2023\/04\/muneca-1-600x400.jpeg 600w, https:\/\/revistaacropolis.com\/wp-content\/uploads\/2023\/04\/muneca-1.jpeg 2048w\" sizes=\"(max-width: 1024px) 100vw, 1024px\" \/><figcaption class=\"wp-element-caption\">Autoridades respaldando apropiaci\u00f3n cultural<\/figcaption><\/figure>\n\n\n\n<p><\/p>\n\n\n\n<p><strong>Recriminaron que el IMPI otorg\u00f3 a la empresaria el registro para la explotaci\u00f3n comercial de elementos que forman parte de su cosmogon\u00eda<\/strong>, pese a las leyes locales y federales que protegen los derechos culturales, basado \u201cen un evidente desconocimiento de lo que representa para las mujeres y hombres del Valle del Mezquital la tradici\u00f3n del borrado\u201d.<\/p>\n\n\n\n<blockquote class=\"wp-block-quote is-layout-flow wp-block-quote-is-layout-flow\">\n<p>Creo que es injusto que algo que se nos ha heredado de nuestras abuelas y abuelos nos sea arrebatado\u201d, expuso Emilia, quien fue acompa\u00f1ado de artesanas y artesanos \u00e9tnicos de Ixmiquilpan, Alfajayucan, Tepeji del R\u00edo, Cardonal, Chilcuautla, Ajacuba y Tasquillo.<\/p>\n<\/blockquote>\n\n\n\n<p>Agreg\u00f3 que <strong>al haberse registrado las im\u00e1genes de flor y canto -base de sus bordados- como una propiedad privada, ya no podr\u00edan usarlo los artesanos<\/strong> e, incluso, <strong>tendr\u00edan que pagar para reproducir su herencia hist\u00f3rica, <\/strong>como el c\u00f3dice en un textil que mostr\u00f3 con alrededor de 150 a\u00f1os de antig\u00fcedad.<\/p>\n\n\n\n<p>Los artesanos <strong>se enteraron de la mu\u00f1eca con rasgos de vestimenta h\u00f1\u00e4h\u00f1\u00fc,<\/strong> la cual es blanca y no representa la tes de los ind\u00edgenas del Valle del Mezquital -acusaron-, <strong>por la promoci\u00f3n que efect\u00faan diversos funcionarios del gobierno de Julio Menchaca Salazar.<\/strong><\/p>\n\n\n\n<blockquote class=\"wp-block-quote is-layout-flow wp-block-quote-is-layout-flow\">\n<p>Se les olvid\u00f3 revisar art\u00edculos que proteg\u00edan a los artesanos de la apropiaci\u00f3n indebida, tambi\u00e9n se les olvid\u00f3 que nos han ido a ver en campa\u00f1as pol\u00edticas para hacer im\u00e1genes (\u2026) lo m\u00ednimo que esperamos es un poquito de respeto a nuestra cultura\u201d, dijo la representante.<\/p>\n<\/blockquote>\n\n\n\n<h3 class=\"wp-block-heading\"><strong>DICE PISCO QUE TENDR\u00c1 RESPUESTA EL MARTES<\/strong><\/h3>\n\n\n\n<p>Tras arribar a la reuni\u00f3n, luego de que los quejosos leyeron su posicionamient<strong>o, Manuel Gutierrez comprometi\u00f3 dar una respuesta a su solicitud el pr\u00f3ximo martes.<\/strong><\/p>\n\n\n\n<p>El titular de CEDSPI se deslind\u00f3 del respaldo que la mu\u00f1eca obtuvo para su promoci\u00f3n y ser embajadora tur\u00edstica, pero <strong>dijo que el planteamiento de los artesanos es \u201ctotalmente justo\u201d.&nbsp;<\/strong><\/p>\n\n\n\n<blockquote class=\"wp-block-quote is-layout-flow wp-block-quote-is-layout-flow\">\n<p>Obviamente aqu\u00ed hubo un detalle (\u2026) se tocaron las fibras de manera importante con el Valle del Mezquital\u201d, expuso.<\/p>\n<\/blockquote>\n\n\n\n<figure class=\"wp-block-image size-large\"><img decoding=\"async\" width=\"1024\" height=\"682\" src=\"https:\/\/revistaacropolis.com\/wp-content\/uploads\/2023\/04\/prisco-1024x682.jpeg\" alt=\"\" class=\"wp-image-2981\" srcset=\"https:\/\/revistaacropolis.com\/wp-content\/uploads\/2023\/04\/prisco-1024x682.jpeg 1024w, https:\/\/revistaacropolis.com\/wp-content\/uploads\/2023\/04\/prisco-300x200.jpeg 300w, https:\/\/revistaacropolis.com\/wp-content\/uploads\/2023\/04\/prisco-768x512.jpeg 768w, https:\/\/revistaacropolis.com\/wp-content\/uploads\/2023\/04\/prisco-1536x1023.jpeg 1536w, https:\/\/revistaacropolis.com\/wp-content\/uploads\/2023\/04\/prisco-600x400.jpeg 600w, https:\/\/revistaacropolis.com\/wp-content\/uploads\/2023\/04\/prisco.jpeg 1600w\" sizes=\"(max-width: 1024px) 100vw, 1024px\" \/><figcaption class=\"wp-element-caption\">El comisionado ley\u00f3 el posicionamiento, pues lleg\u00f3 al final de la reuni\u00f3n (Asael Calder\u00f3n)<\/figcaption><\/figure>\n\n\n\n<p><\/p>\n\n\n\n<p>El comisionado <strong>afirm\u00f3 que hablar\u00e1 con los titulares de las Secretar\u00eda de Desarrollo Econ\u00f3mico<\/strong> (Sede\u00f1o), Carlos Henkel Escorza; <strong>de Bienestar e Inclusi\u00f3n Social Hidalgo<\/strong> (Sebiso), Simey Olvera Bautista; de <strong>Turismo<\/strong>, Elizabeth Quintanar G\u00f3mez, y de <strong>Cultura<\/strong>, Tania Meza Escorza, <strong>dependencias que  avalaron la promoci\u00f3n de Nxutsi.<\/strong><\/p>\n\n\n\n<figure class=\"wp-block-pullquote\"><blockquote><p><strong>Tenemos que hablar con ellos para conocer cu\u00e1les son las acciones o&nbsp;actividad que desarrollaron, para conocer los alcances que han tenido\u201d, expuso.<\/strong><\/p><\/blockquote><\/figure>\n\n\n\n<p>Las artesanas advirtieron que, de no obtener respuesta favorable de la CEDSPI, <strong>acudan a instancias a nivel federal y incluso internacionales.<\/strong><\/p>\n\n\n\n<h3 class=\"wp-block-heading\"><strong>DatoAcro<\/strong><\/h3>\n\n\n\n<p>&#8211;<em>Los quejosos tambi\u00e9n exigieron proyectos de impacto cultural en sus contextos, evitando da\u00f1os materiales e inmateriales de los hidalguenses, as\u00ed como dar capacitaci\u00f3n financiera a los artesanos ind\u00edgenas y promover el desarrollo de una marca que identifique la producci\u00f3n hecha en Hidalgo con consentimiento previo, como marca el Plan Estatal de Desarrollo, para fortalecer la producci\u00f3n y consumo local e internacional.<\/em><\/p>\n\n\n\n<p><em>-Solicitaron que el Poder Legislativo vigile el cumplimiento de las leyes que protegen los derechos culturales de los pueblos ind\u00edgenas y etiquete recursos suficientes anualmente para el desarrollo de los creadores del Valle del Mezquital.\u00a0<\/em><\/p>\n\n\n\n<p><em>-La petici\u00f3n ingresada a la CEDSPI est\u00e1 firmada por 22 artesanos.<\/em><\/p>\n\n\n\n<p><em>-Los quejosos se dijeron violentados por la administraci\u00f3n estatal al respaldar la mu\u00f1eca que se apropia de rasgos de su cultura, la cual fue presentada en \u201cun evento de mujeres blancas privilegiadas con contactos pol\u00edticos \u201d, adem\u00e1s de que se vende en Hidarte en m\u00e1s de 800 pesos.<\/em><\/p>\n","protected":false},"excerpt":{"rendered":"<p>Artesanas y artesanos h\u00f1\u00e4h\u00f1\u00fcs del Valle del Mezquital acudieron a la Comisi\u00f3n Estatal Para el Desarrollo Sostenible de los Pueblos Ind\u00edgenas (CEDSPI) a exigir que intervenga para que el Instituto&hellip; <\/p>\n","protected":false},"author":4,"featured_media":2979,"comment_status":"closed","ping_status":"closed","sticky":false,"template":"","format":"standard","meta":{"two_page_speed":[],"_joinchat":[],"footnotes":""},"categories":[1],"tags":[802,804,803],"class_list":["post-2977","post","type-post","status-publish","format-standard","has-post-thumbnail","hentry","category-politica","tag-hnahnus","tag-impi","tag-indigenas"],"_links":{"self":[{"href":"https:\/\/revistaacropolis.com\/index.php\/wp-json\/wp\/v2\/posts\/2977","targetHints":{"allow":["GET"]}}],"collection":[{"href":"https:\/\/revistaacropolis.com\/index.php\/wp-json\/wp\/v2\/posts"}],"about":[{"href":"https:\/\/revistaacropolis.com\/index.php\/wp-json\/wp\/v2\/types\/post"}],"author":[{"embeddable":true,"href":"https:\/\/revistaacropolis.com\/index.php\/wp-json\/wp\/v2\/users\/4"}],"replies":[{"embeddable":true,"href":"https:\/\/revistaacropolis.com\/index.php\/wp-json\/wp\/v2\/comments?post=2977"}],"version-history":[{"count":12,"href":"https:\/\/revistaacropolis.com\/index.php\/wp-json\/wp\/v2\/posts\/2977\/revisions"}],"predecessor-version":[{"id":2996,"href":"https:\/\/revistaacropolis.com\/index.php\/wp-json\/wp\/v2\/posts\/2977\/revisions\/2996"}],"wp:featuredmedia":[{"embeddable":true,"href":"https:\/\/revistaacropolis.com\/index.php\/wp-json\/wp\/v2\/media\/2979"}],"wp:attachment":[{"href":"https:\/\/revistaacropolis.com\/index.php\/wp-json\/wp\/v2\/media?parent=2977"}],"wp:term":[{"taxonomy":"category","embeddable":true,"href":"https:\/\/revistaacropolis.com\/index.php\/wp-json\/wp\/v2\/categories?post=2977"},{"taxonomy":"post_tag","embeddable":true,"href":"https:\/\/revistaacropolis.com\/index.php\/wp-json\/wp\/v2\/tags?post=2977"}],"curies":[{"name":"wp","href":"https:\/\/api.w.org\/{rel}","templated":true}]}}