{"id":3179,"date":"2023-04-20T16:29:00","date_gmt":"2023-04-20T16:29:00","guid":{"rendered":"https:\/\/revistaacropolis.com\/?p=3179"},"modified":"2023-04-20T16:29:22","modified_gmt":"2023-04-20T16:29:22","slug":"desierta-licitacion-de-servicio-medico-para-sindicalizados-de-pachuca-desechan-a-cruz-roja","status":"publish","type":"post","link":"https:\/\/revistaacropolis.com\/index.php\/desierta-licitacion-de-servicio-medico-para-sindicalizados-de-pachuca-desechan-a-cruz-roja\/politica\/","title":{"rendered":"Desierta, licitaci\u00f3n de servicio m\u00e9dico para sindicalizados de Pachuca; desechan a Cruz Roja"},"content":{"rendered":"\n<p>El gobierno municipal de <strong>Pachuca declar\u00f3 desierta la licitaci\u00f3n p\u00fablica MPS-SA-LP-05-2023, con la cual buscaba contratar el servicio de atenci\u00f3n m\u00e9dica integral para los trabajadores sindicalizados, tras descalificar a la Cruz Roja Mexicana, con un propuesta de 22 millones de pesos, <\/strong>de acuerdo con el fallo de la convocatoria.<\/p>\n\n\n\n<p>Seg\u00fan el documento, uno de los motivos, por los cuales la administraci\u00f3n del alcalde Sergio Ba\u00f1os Rubio <strong>desech\u00f3 la propuesta de la \u00fanica instituci\u00f3n m\u00e9dica que particip\u00f3 en el concurso fueron porque no estaba dirigida al edil priista y la instituci\u00f3n no cuenta con tres especialidades<\/strong> requeridas en las bases.<\/p>\n\n\n\n<p>En esta ocasi\u00f3n la <strong>Cruz Roja hab\u00eda propuesto prestar el servicio, durante el segundo semestre del a\u00f1o, por un monto de 22 millones de pesos; 8 millones m\u00e1s que la proposici\u00f3n que present\u00f3 en la \u00faltima convocatoria<\/strong> emitida en 2021, en la cual tambi\u00e9n fue la \u00faltima en participar<\/p>\n\n\n\n<p>El gobierno municipal deber\u00e1 emitir una nueva convocatoria para buscar contratar el servicio para los agremiados al Sindicato \u00danico de Trabajadores al Servicio del Municipio de Pachuca (SUTSMP), encabezado por Percy Espinosa Bustamante, quien no asisti\u00f3 al fallo del procedimiento, al igual que a la reuni\u00f3n que le propuso tener Ba\u00f1os Rubio para conciliar las peticiones de la organizaci\u00f3n sindical para evitar el estallamiento de huelga.<\/p>\n\n\n\n<p>Uno de los motivos por los cuales los agremiados del SUTSMP acordaron emplazar a huelga es la inconformidad que tienen con la atenci\u00f3n m\u00e9dica que han recibido en Cruz Roja, pues se han quejado de la falta de atenci\u00f3n.<br>Adem\u00e1s, en repetidas ocasiones han se\u00f1alado que se les ha negado el servicio por falta de pago por parte del ayuntamiento, lo cual ha negado el edil.<\/p>\n\n\n\n<p>DatoAcro<\/p>\n\n\n\n<p>Seg\u00fan las bases de la convocatoria desierta, el prestador del servicio est\u00e1 obligado a contar como m\u00ednimo con una cl\u00ednica de atenci\u00f3n m\u00e9dica para llevar a cabo todos los servicios profesionales, as\u00ed como con una red de m\u00e9dicos de 21 diferentes especialidades. Tambi\u00e9n, deber\u00e1 contar con la infraestructura suficiente y bastante para atender a los mil 415 trabajadores sindicalizados.<\/p>\n\n\n\n<div class=\"wp-block-query is-layout-flow wp-block-query-is-layout-flow\"><ul class=\"wp-block-post-template is-layout-flow wp-block-post-template-is-layout-flow\"><li class=\"wp-block-post post-23409 post type-post status-publish format-standard has-post-thumbnail hentry category-sociedad tag-cecilia-del-rayo-vargas-chacon tag-desayuno-empresarial tag-hidalgo tag-paola-cruz tag-redmuem tag-silvino-lopez-tovar\">\n\n<div class=\"wp-block-columns are-vertically-aligned-center is-layout-flex wp-container-core-columns-is-layout-9d6595d7 wp-block-columns-is-layout-flex\">\n<div class=\"wp-block-column is-vertically-aligned-center is-layout-flow wp-block-column-is-layout-flow\" style=\"flex-basis:25%\"><figure class=\"wp-block-post-featured-image\"><a href=\"https:\/\/revistaacropolis.com\/index.php\/redmuem-hidalgo-fortalece-su-comunidad-empresarial-en-desayuno-exclusivo\/sociedad\/\" target=\"_self\"  ><img fetchpriority=\"high\" decoding=\"async\" width=\"2049\" height=\"1152\" src=\"https:\/\/revistaacropolis.com\/wp-content\/uploads\/2026\/04\/Portadas-Paginas-web-2026-04-30T125532.404.png\" class=\"attachment-post-thumbnail size-post-thumbnail wp-post-image\" alt=\"Redmuem Hidalgo fortalece su comunidad empresarial en desayuno exclusivo\" style=\"object-fit:cover;\" srcset=\"https:\/\/revistaacropolis.com\/wp-content\/uploads\/2026\/04\/Portadas-Paginas-web-2026-04-30T125532.404.png 2049w, https:\/\/revistaacropolis.com\/wp-content\/uploads\/2026\/04\/Portadas-Paginas-web-2026-04-30T125532.404-300x169.png 300w, https:\/\/revistaacropolis.com\/wp-content\/uploads\/2026\/04\/Portadas-Paginas-web-2026-04-30T125532.404-1024x576.png 1024w, https:\/\/revistaacropolis.com\/wp-content\/uploads\/2026\/04\/Portadas-Paginas-web-2026-04-30T125532.404-768x432.png 768w, https:\/\/revistaacropolis.com\/wp-content\/uploads\/2026\/04\/Portadas-Paginas-web-2026-04-30T125532.404-1536x864.png 1536w, https:\/\/revistaacropolis.com\/wp-content\/uploads\/2026\/04\/Portadas-Paginas-web-2026-04-30T125532.404-600x337.png 600w\" sizes=\"(max-width: 2049px) 100vw, 2049px\" \/><\/a><\/figure><\/div>\n\n\n\n<div class=\"wp-block-column is-vertically-aligned-center is-layout-flow wp-block-column-is-layout-flow\" style=\"flex-basis:75%\"><h2 class=\"wp-block-post-title has-small-font-size\"><a href=\"https:\/\/revistaacropolis.com\/index.php\/redmuem-hidalgo-fortalece-su-comunidad-empresarial-en-desayuno-exclusivo\/sociedad\/\" target=\"_self\" >Redmuem Hidalgo fortalece su comunidad empresarial en desayuno exclusivo<\/a><\/h2><\/div>\n<\/div>\n\n<\/li><li class=\"wp-block-post post-23402 post type-post status-publish format-standard has-post-thumbnail hentry category-sociedad tag-cristhian-martinez tag-feria-del-helado-artesanal-2026 tag-hidalgo tag-tula-de-allende tag-turismo\">\n\n<div class=\"wp-block-columns are-vertically-aligned-center is-layout-flex wp-container-core-columns-is-layout-9d6595d7 wp-block-columns-is-layout-flex\">\n<div class=\"wp-block-column is-vertically-aligned-center is-layout-flow wp-block-column-is-layout-flow\" style=\"flex-basis:25%\"><figure class=\"wp-block-post-featured-image\"><a href=\"https:\/\/revistaacropolis.com\/index.php\/impulsa-cristhian-martinez-el-turismo-la-cultura-y-la-gastronomia-con-la-feria-del-helado-artesanal-2026\/sociedad\/\" target=\"_self\"  ><img decoding=\"async\" width=\"2049\" height=\"1152\" src=\"https:\/\/revistaacropolis.com\/wp-content\/uploads\/2026\/04\/Portadas-Paginas-web-2026-04-29T124657.299.png\" class=\"attachment-post-thumbnail size-post-thumbnail wp-post-image\" alt=\"Impulsa Cristhian Mart\u00ednez el turismo, la cultura y la gastronom\u00eda con la Feria del Helado Artesanal 2026\" style=\"object-fit:cover;\" srcset=\"https:\/\/revistaacropolis.com\/wp-content\/uploads\/2026\/04\/Portadas-Paginas-web-2026-04-29T124657.299.png 2049w, https:\/\/revistaacropolis.com\/wp-content\/uploads\/2026\/04\/Portadas-Paginas-web-2026-04-29T124657.299-300x169.png 300w, https:\/\/revistaacropolis.com\/wp-content\/uploads\/2026\/04\/Portadas-Paginas-web-2026-04-29T124657.299-1024x576.png 1024w, https:\/\/revistaacropolis.com\/wp-content\/uploads\/2026\/04\/Portadas-Paginas-web-2026-04-29T124657.299-768x432.png 768w, https:\/\/revistaacropolis.com\/wp-content\/uploads\/2026\/04\/Portadas-Paginas-web-2026-04-29T124657.299-1536x864.png 1536w, https:\/\/revistaacropolis.com\/wp-content\/uploads\/2026\/04\/Portadas-Paginas-web-2026-04-29T124657.299-600x337.png 600w\" sizes=\"(max-width: 2049px) 100vw, 2049px\" \/><\/a><\/figure><\/div>\n\n\n\n<div class=\"wp-block-column is-vertically-aligned-center is-layout-flow wp-block-column-is-layout-flow\" style=\"flex-basis:75%\"><h2 class=\"wp-block-post-title has-small-font-size\"><a href=\"https:\/\/revistaacropolis.com\/index.php\/impulsa-cristhian-martinez-el-turismo-la-cultura-y-la-gastronomia-con-la-feria-del-helado-artesanal-2026\/sociedad\/\" target=\"_self\" >Impulsa Cristhian Mart\u00ednez el turismo, la cultura y la gastronom\u00eda con la Feria del Helado Artesanal 2026<\/a><\/h2><\/div>\n<\/div>\n\n<\/li><\/ul><\/div>\n\n\n\n<p>Ba\u00f1os Rubio ha dicho que en las licitaciones que han emitido para la contrataci\u00f3n de este servicio solo participa la Cruz Roja, por lo que, incluso, ha hecho un llamado a los dem\u00e1s centros m\u00e9dicos a participar.<\/p>\n","protected":false},"excerpt":{"rendered":"<p>El gobierno municipal de Pachuca declar\u00f3 desierta la licitaci\u00f3n p\u00fablica MPS-SA-LP-05-2023, con la cual buscaba contratar el servicio de atenci\u00f3n m\u00e9dica integral para los trabajadores sindicalizados, tras descalificar a la&hellip; <\/p>\n","protected":false},"author":9,"featured_media":3180,"comment_status":"closed","ping_status":"closed","sticky":false,"template":"","format":"standard","meta":{"two_page_speed":[],"_joinchat":[],"footnotes":""},"categories":[1],"tags":[884,91,883],"class_list":["post-3179","post","type-post","status-publish","format-standard","has-post-thumbnail","hentry","category-politica","tag-cruz-roja","tag-pachuca","tag-servicio-medico"],"_links":{"self":[{"href":"https:\/\/revistaacropolis.com\/index.php\/wp-json\/wp\/v2\/posts\/3179","targetHints":{"allow":["GET"]}}],"collection":[{"href":"https:\/\/revistaacropolis.com\/index.php\/wp-json\/wp\/v2\/posts"}],"about":[{"href":"https:\/\/revistaacropolis.com\/index.php\/wp-json\/wp\/v2\/types\/post"}],"author":[{"embeddable":true,"href":"https:\/\/revistaacropolis.com\/index.php\/wp-json\/wp\/v2\/users\/9"}],"replies":[{"embeddable":true,"href":"https:\/\/revistaacropolis.com\/index.php\/wp-json\/wp\/v2\/comments?post=3179"}],"version-history":[{"count":1,"href":"https:\/\/revistaacropolis.com\/index.php\/wp-json\/wp\/v2\/posts\/3179\/revisions"}],"predecessor-version":[{"id":3181,"href":"https:\/\/revistaacropolis.com\/index.php\/wp-json\/wp\/v2\/posts\/3179\/revisions\/3181"}],"wp:featuredmedia":[{"embeddable":true,"href":"https:\/\/revistaacropolis.com\/index.php\/wp-json\/wp\/v2\/media\/3180"}],"wp:attachment":[{"href":"https:\/\/revistaacropolis.com\/index.php\/wp-json\/wp\/v2\/media?parent=3179"}],"wp:term":[{"taxonomy":"category","embeddable":true,"href":"https:\/\/revistaacropolis.com\/index.php\/wp-json\/wp\/v2\/categories?post=3179"},{"taxonomy":"post_tag","embeddable":true,"href":"https:\/\/revistaacropolis.com\/index.php\/wp-json\/wp\/v2\/tags?post=3179"}],"curies":[{"name":"wp","href":"https:\/\/api.w.org\/{rel}","templated":true}]}}