{"id":3290,"date":"2023-04-23T01:28:18","date_gmt":"2023-04-23T01:28:18","guid":{"rendered":"https:\/\/revistaacropolis.com\/?p=3290"},"modified":"2023-04-23T01:28:40","modified_gmt":"2023-04-23T01:28:40","slug":"canek-y-grupo-universidad-dan-espaldarazo-a-adan-augusto","status":"publish","type":"post","link":"https:\/\/revistaacropolis.com\/index.php\/canek-y-grupo-universidad-dan-espaldarazo-a-adan-augusto\/politica\/","title":{"rendered":"Canek y Grupo Universidad dan espaldarazo a Ad\u00e1n Augusto"},"content":{"rendered":"\n<p>El <strong>expriista<\/strong> <strong>Canek V\u00e1zquez G\u00f3ngora<\/strong> e integrantes de <strong>Grupo Universidad <\/strong>son los encargados de coordinador los trabajos del <strong>movimiento Ahora es Ad\u00e1n Augusto<\/strong> (L\u00f3pez Hern\u00e1ndez), en <strong>Hidalgo<\/strong>, para impulsarlo como candidato de <strong>Movimiento de Regeneraci\u00f3n Nacional (Morena) <\/strong>al <strong>secretario de Gobernaci\u00f3n <\/strong>de la administraci\u00f3n del <strong>presidente de M\u00e9xico<\/strong>, <strong>Andr\u00e9s Manuel L\u00f3pez Obrador<\/strong>.<\/p>\n\n\n\n<p>Este s\u00e1bado se llev\u00f3 a cabo la toma de protesta de la Coordinaci\u00f3n Estatal para la conformaci\u00f3n de los <strong>Comit\u00e9s de Apoyo <\/strong>al funcionario federal, en <strong>Pachuca<\/strong>, y <strong>V\u00e1zquez G\u00f3ngora<\/strong>, delegado del <strong>Instituto del Fondo Nacional de la Vivienda para los Trabajadores (Infonavit) <\/strong>en <strong>Hidalgo <\/strong>ser\u00e1 quien encabece los trabajos.<\/p>\n\n\n\n<p>Asimismo, el diputado <strong>Jorge Hern\u00e1ndez Araus<\/strong>, coordinador del <strong>grupo legislativo de Morena<\/strong> en el <strong>Congreso local<\/strong> e integrante de <strong>Grupo Universidad <\/strong>\u2013encabezado por <strong>Gerardo Sosa Castel\u00e1n<\/strong>, quien enfrenta un proceso penal en el que la <strong>Fiscal\u00eda General de la Rep\u00fablica (FGR)<\/strong> lo acusa de delincuencia\u00a0organizada\u00a0y operaciones con recursos de procedencia il\u00edcita por 58.2 millones de pesos\u2014 fue quien organiz\u00f3 el encuentro. <\/p>\n\n\n\n<p>Tras haber sido nombrado como coordinador territorial estatal en apoyo a <strong>Ad\u00e1n Augusto<\/strong>, <strong>Hern\u00e1ndez Araus<\/strong> indic\u00f3 que pr\u00f3ximamente recorrer\u00e1n los 84 municipios de la entidad para \u201chacer estructura\u201d.<\/p>\n\n\n\n<p><strong>Arturo \u00c1vila<\/strong>, <strong>coordinador nacional<\/strong> del movimiento , consider\u00f3 que \u201cen los pr\u00f3ximos d\u00edas\u201d el secretario de Gobernaci\u00f3n federal podr\u00eda encabezar las encuestas, pues dijo que, de acuerdo con los \u00faltimos resultados de la <strong>encuestadora Tresearch<\/strong>, el integrante del gabinete de L<strong>\u00f3pez Obrador<\/strong> obtuvo 26 puntos porcentuales de la intenci\u00f3n de voto, mientras que en octubre del a\u00f1o pasado apenas alcanzaba los 7.8; por debajo de <strong>Marcelo Ebrad<\/strong> (31) y <strong>Claudia Sheinbaum<\/strong> (34).<\/p>\n\n\n\n<p>\u201cLo m\u00e1s importante de las encuestas es ver las tendencias; es decir, c\u00f3mo se va comportando una tendencia\u201d, refiri\u00f3.<\/p>\n","protected":false},"excerpt":{"rendered":"<p>El expriista Canek V\u00e1zquez G\u00f3ngora e integrantes de Grupo Universidad son los encargados de coordinador los trabajos del movimiento Ahora es Ad\u00e1n Augusto (L\u00f3pez Hern\u00e1ndez), en Hidalgo, para impulsarlo como&hellip; <\/p>\n","protected":false},"author":9,"featured_media":3291,"comment_status":"closed","ping_status":"closed","sticky":false,"template":"","format":"standard","meta":{"two_page_speed":[],"_joinchat":[],"footnotes":""},"categories":[1],"tags":[918,917,923,919,920,921,89,922,50],"class_list":["post-3290","post","type-post","status-publish","format-standard","has-post-thumbnail","hentry","category-politica","tag-adan-augusto-lopez-hernandez","tag-ahora-es-adan-augusto","tag-arturo-avila","tag-candidato","tag-canek-vazquez-gongora","tag-grupo-universidad","tag-hidalgo","tag-jorge-hernandez-araus","tag-morena"],"_links":{"self":[{"href":"https:\/\/revistaacropolis.com\/index.php\/wp-json\/wp\/v2\/posts\/3290","targetHints":{"allow":["GET"]}}],"collection":[{"href":"https:\/\/revistaacropolis.com\/index.php\/wp-json\/wp\/v2\/posts"}],"about":[{"href":"https:\/\/revistaacropolis.com\/index.php\/wp-json\/wp\/v2\/types\/post"}],"author":[{"embeddable":true,"href":"https:\/\/revistaacropolis.com\/index.php\/wp-json\/wp\/v2\/users\/9"}],"replies":[{"embeddable":true,"href":"https:\/\/revistaacropolis.com\/index.php\/wp-json\/wp\/v2\/comments?post=3290"}],"version-history":[{"count":1,"href":"https:\/\/revistaacropolis.com\/index.php\/wp-json\/wp\/v2\/posts\/3290\/revisions"}],"predecessor-version":[{"id":3292,"href":"https:\/\/revistaacropolis.com\/index.php\/wp-json\/wp\/v2\/posts\/3290\/revisions\/3292"}],"wp:featuredmedia":[{"embeddable":true,"href":"https:\/\/revistaacropolis.com\/index.php\/wp-json\/wp\/v2\/media\/3291"}],"wp:attachment":[{"href":"https:\/\/revistaacropolis.com\/index.php\/wp-json\/wp\/v2\/media?parent=3290"}],"wp:term":[{"taxonomy":"category","embeddable":true,"href":"https:\/\/revistaacropolis.com\/index.php\/wp-json\/wp\/v2\/categories?post=3290"},{"taxonomy":"post_tag","embeddable":true,"href":"https:\/\/revistaacropolis.com\/index.php\/wp-json\/wp\/v2\/tags?post=3290"}],"curies":[{"name":"wp","href":"https:\/\/api.w.org\/{rel}","templated":true}]}}