{"id":3564,"date":"2023-05-02T17:11:50","date_gmt":"2023-05-02T17:11:50","guid":{"rendered":"https:\/\/revistaacropolis.com\/?p=3564"},"modified":"2023-05-02T17:11:52","modified_gmt":"2023-05-02T17:11:52","slug":"en-referencia-al-incendio-que-se-registra-en-el-cerro-de-la-campana-se-informa-que","status":"publish","type":"post","link":"https:\/\/revistaacropolis.com\/index.php\/en-referencia-al-incendio-que-se-registra-en-el-cerro-de-la-campana-se-informa-que\/sociedad\/comunicados\/","title":{"rendered":"En referencia al incendio que se registra en el Cerro de la Campana, se informa que:"},"content":{"rendered":"\n<p>Brigadas de Protecci\u00f3n Civil de Tepeji han estado laborando en la zona, al igual que vecinos de las comunidades aleda\u00f1as durante el fin de semana.<\/p>\n\n\n\n<p>Este lunes 01 de Mayo se present\u00f3 personal de la Comisi\u00f3n Nacional Forestal (Conafor) Hidalgo, y se sumaron brigadas contraincendios de Protecci\u00f3n Civil de Atotonilco de Tula, Tula de Allende y Jilotepec, quienes estar\u00e1n trabajando para controlar y sofocar el incendio que ha consumido una importante superficie.<\/p>\n\n\n\n<figure class=\"wp-block-image size-large\"><img fetchpriority=\"high\" decoding=\"async\" width=\"768\" height=\"1024\" src=\"https:\/\/revistaacropolis.com\/wp-content\/uploads\/2023\/05\/image-768x1024.png\" alt=\"\" class=\"wp-image-3565\" srcset=\"https:\/\/revistaacropolis.com\/wp-content\/uploads\/2023\/05\/image-768x1024.png 768w, https:\/\/revistaacropolis.com\/wp-content\/uploads\/2023\/05\/image-225x300.png 225w, https:\/\/revistaacropolis.com\/wp-content\/uploads\/2023\/05\/image-1152x1536.png 1152w, https:\/\/revistaacropolis.com\/wp-content\/uploads\/2023\/05\/image-450x600.png 450w, https:\/\/revistaacropolis.com\/wp-content\/uploads\/2023\/05\/image.png 1200w\" sizes=\"(max-width: 768px) 100vw, 768px\" \/><\/figure>\n\n\n\n<p>Pese a los esfuerzos de pobladores y brigadas contraincendios ha sido imposible controlarlo debido a los fuertes vientos en la zona.<\/p>\n\n\n\n<figure class=\"wp-block-image size-large\"><img decoding=\"async\" width=\"768\" height=\"1024\" src=\"https:\/\/revistaacropolis.com\/wp-content\/uploads\/2023\/05\/image-1-768x1024.png\" alt=\"\" class=\"wp-image-3566\" srcset=\"https:\/\/revistaacropolis.com\/wp-content\/uploads\/2023\/05\/image-1-768x1024.png 768w, https:\/\/revistaacropolis.com\/wp-content\/uploads\/2023\/05\/image-1-225x300.png 225w, https:\/\/revistaacropolis.com\/wp-content\/uploads\/2023\/05\/image-1-1152x1536.png 1152w, https:\/\/revistaacropolis.com\/wp-content\/uploads\/2023\/05\/image-1-450x600.png 450w, https:\/\/revistaacropolis.com\/wp-content\/uploads\/2023\/05\/image-1.png 1200w\" sizes=\"(max-width: 768px) 100vw, 768px\" \/><\/figure>\n\n\n\n<p>Hay voluntarios de las comunidades de El Banco, Dexcani y Ojo de Agua, sin registrarse hasta el momento v\u00edctima que lamentar, ya que la comunidad m\u00e1s cercana al incendio se localiza aproximadamente a 10 kil\u00f3metros de distancia.<\/p>\n\n\n\n<figure class=\"wp-block-image size-large\"><img decoding=\"async\" width=\"576\" height=\"1024\" src=\"https:\/\/revistaacropolis.com\/wp-content\/uploads\/2023\/05\/image-2-576x1024.png\" alt=\"\" class=\"wp-image-3567\" srcset=\"https:\/\/revistaacropolis.com\/wp-content\/uploads\/2023\/05\/image-2-576x1024.png 576w, https:\/\/revistaacropolis.com\/wp-content\/uploads\/2023\/05\/image-2-169x300.png 169w, https:\/\/revistaacropolis.com\/wp-content\/uploads\/2023\/05\/image-2-768x1366.png 768w, https:\/\/revistaacropolis.com\/wp-content\/uploads\/2023\/05\/image-2-864x1536.png 864w, https:\/\/revistaacropolis.com\/wp-content\/uploads\/2023\/05\/image-2-337x600.png 337w, https:\/\/revistaacropolis.com\/wp-content\/uploads\/2023\/05\/image-2.png 899w\" sizes=\"(max-width: 576px) 100vw, 576px\" \/><\/figure>\n\n\n\n<p>Se pide a la poblaci\u00f3n no subir a la zona por sus propios medios, puesto que existe el riesgo por lo accidentado del terreno, as\u00ed como la fauna de la zona, si desea participar como voluntario ac\u00e9rquese a las corporaciones de Protecci\u00f3n Civil y Bomberos.<\/p>\n","protected":false},"excerpt":{"rendered":"<p>Brigadas de Protecci\u00f3n Civil de Tepeji han estado laborando en la zona, al igual que vecinos de las comunidades aleda\u00f1as durante el fin de semana. Este lunes 01 de Mayo&hellip; <\/p>\n","protected":false},"author":4,"featured_media":3568,"comment_status":"closed","ping_status":"closed","sticky":false,"template":"","format":"standard","meta":{"two_page_speed":[],"_joinchat":[],"footnotes":""},"categories":[86],"tags":[],"class_list":["post-3564","post","type-post","status-publish","format-standard","has-post-thumbnail","hentry","category-comunicados"],"_links":{"self":[{"href":"https:\/\/revistaacropolis.com\/index.php\/wp-json\/wp\/v2\/posts\/3564","targetHints":{"allow":["GET"]}}],"collection":[{"href":"https:\/\/revistaacropolis.com\/index.php\/wp-json\/wp\/v2\/posts"}],"about":[{"href":"https:\/\/revistaacropolis.com\/index.php\/wp-json\/wp\/v2\/types\/post"}],"author":[{"embeddable":true,"href":"https:\/\/revistaacropolis.com\/index.php\/wp-json\/wp\/v2\/users\/4"}],"replies":[{"embeddable":true,"href":"https:\/\/revistaacropolis.com\/index.php\/wp-json\/wp\/v2\/comments?post=3564"}],"version-history":[{"count":1,"href":"https:\/\/revistaacropolis.com\/index.php\/wp-json\/wp\/v2\/posts\/3564\/revisions"}],"predecessor-version":[{"id":3569,"href":"https:\/\/revistaacropolis.com\/index.php\/wp-json\/wp\/v2\/posts\/3564\/revisions\/3569"}],"wp:featuredmedia":[{"embeddable":true,"href":"https:\/\/revistaacropolis.com\/index.php\/wp-json\/wp\/v2\/media\/3568"}],"wp:attachment":[{"href":"https:\/\/revistaacropolis.com\/index.php\/wp-json\/wp\/v2\/media?parent=3564"}],"wp:term":[{"taxonomy":"category","embeddable":true,"href":"https:\/\/revistaacropolis.com\/index.php\/wp-json\/wp\/v2\/categories?post=3564"},{"taxonomy":"post_tag","embeddable":true,"href":"https:\/\/revistaacropolis.com\/index.php\/wp-json\/wp\/v2\/tags?post=3564"}],"curies":[{"name":"wp","href":"https:\/\/api.w.org\/{rel}","templated":true}]}}