{"id":366,"date":"2023-02-08T02:27:24","date_gmt":"2023-02-08T02:27:24","guid":{"rendered":"https:\/\/revistaacropolis.com\/?p=366"},"modified":"2023-02-08T02:27:26","modified_gmt":"2023-02-08T02:27:26","slug":"cambios-en-gabinetetrascendidos-mal-intencionados-menchaca","status":"publish","type":"post","link":"https:\/\/revistaacropolis.com\/index.php\/cambios-en-gabinetetrascendidos-mal-intencionados-menchaca\/politica\/","title":{"rendered":"Cambios en gabinete,\u201ctrascendidos mal intencionados\u201d: Menchaca"},"content":{"rendered":"\n<p>El gobernador Julio Menchaca Salazar calific\u00f3 como \u201cchismes\u201d los rumores sobre los primeros cambios en su gabinete, los cuales se\u00f1al\u00f3 de \u201ctrascendidos mal intencionados\u201d.<\/p>\n\n\n\n<p>El morenista asever\u00f3 que el \u00fanico que toma las decisiones sobre la continuidad de su equipo de trabajo es \u00e9l.<\/p>\n\n\n\n<p><\/p>\n\n\n\n<blockquote class=\"wp-block-quote is-layout-flow wp-block-quote-is-layout-flow\">\n<p>No le hagan casos a los chismes, aqu\u00ed hay rumores, aqu\u00ed el que toma las desiciones soy yo, por m\u00e1s rumores o por m\u00e1s grillas, trabajo mata grilla y la calificaci\u00f3n, asumo la responsabilidad, el trabajo que est\u00e1n haciendo los integrantes del gabinete corresponde al gobernador, al titula del Ejecutivo, lo dem\u00e1s son trascendidos mal intencionados\u201d, expres\u00f3<\/p>\n<\/blockquote>\n\n\n\n<p>Afirm\u00f3 que no cuentan con una fecha para hacer \u201cel primer corte\u201d, pues sostuvo que la evaluaci\u00f3n a su gabinete \u201ces permanente\u201d.<\/p>\n\n\n\n<p>\u201cEs una evaluaci\u00f3n permanente la que estoy haciendo de los funcionarios, no es por plazos, estamos evaluando constantemente lo que est\u00e1n haciendo todos los integrantes del gabinete, todas las \u00e1reas de gobierno y tomar\u00e9 las desiciones en el momento en que yo lo crea conveniente\u201d, sostuvo.<\/p>\n","protected":false},"excerpt":{"rendered":"<p>El gobernador Julio Menchaca Salazar calific\u00f3 como \u201cchismes\u201d los rumores sobre los primeros cambios en su gabinete, los cuales se\u00f1al\u00f3 de \u201ctrascendidos mal intencionados\u201d. El morenista asever\u00f3 que el \u00fanico&hellip; <\/p>\n","protected":false},"author":4,"featured_media":368,"comment_status":"closed","ping_status":"closed","sticky":false,"template":"","format":"standard","meta":{"two_page_speed":[],"_joinchat":[],"footnotes":""},"categories":[1],"tags":[94,93],"class_list":["post-366","post","type-post","status-publish","format-standard","has-post-thumbnail","hentry","category-politica","tag-gabinete","tag-menchaca"],"_links":{"self":[{"href":"https:\/\/revistaacropolis.com\/index.php\/wp-json\/wp\/v2\/posts\/366","targetHints":{"allow":["GET"]}}],"collection":[{"href":"https:\/\/revistaacropolis.com\/index.php\/wp-json\/wp\/v2\/posts"}],"about":[{"href":"https:\/\/revistaacropolis.com\/index.php\/wp-json\/wp\/v2\/types\/post"}],"author":[{"embeddable":true,"href":"https:\/\/revistaacropolis.com\/index.php\/wp-json\/wp\/v2\/users\/4"}],"replies":[{"embeddable":true,"href":"https:\/\/revistaacropolis.com\/index.php\/wp-json\/wp\/v2\/comments?post=366"}],"version-history":[{"count":1,"href":"https:\/\/revistaacropolis.com\/index.php\/wp-json\/wp\/v2\/posts\/366\/revisions"}],"predecessor-version":[{"id":371,"href":"https:\/\/revistaacropolis.com\/index.php\/wp-json\/wp\/v2\/posts\/366\/revisions\/371"}],"wp:featuredmedia":[{"embeddable":true,"href":"https:\/\/revistaacropolis.com\/index.php\/wp-json\/wp\/v2\/media\/368"}],"wp:attachment":[{"href":"https:\/\/revistaacropolis.com\/index.php\/wp-json\/wp\/v2\/media?parent=366"}],"wp:term":[{"taxonomy":"category","embeddable":true,"href":"https:\/\/revistaacropolis.com\/index.php\/wp-json\/wp\/v2\/categories?post=366"},{"taxonomy":"post_tag","embeddable":true,"href":"https:\/\/revistaacropolis.com\/index.php\/wp-json\/wp\/v2\/tags?post=366"}],"curies":[{"name":"wp","href":"https:\/\/api.w.org\/{rel}","templated":true}]}}