{"id":3783,"date":"2023-05-06T00:03:55","date_gmt":"2023-05-06T00:03:55","guid":{"rendered":"https:\/\/revistaacropolis.com\/?p=3783"},"modified":"2023-05-06T00:03:57","modified_gmt":"2023-05-06T00:03:57","slug":"rodrigo-de-la-cadena-el-ultimo-bohemio","status":"publish","type":"post","link":"https:\/\/revistaacropolis.com\/index.php\/rodrigo-de-la-cadena-el-ultimo-bohemio\/sociedad\/","title":{"rendered":"Rodrigo de la cadena, \u201cEl \u00faltimo bohemio\u201d"},"content":{"rendered":"\n<p>Con dos horas y media de espect\u00e1culo en un concierto memorable, Rodrigo de la Cadena, <strong>celebrar\u00e1 en Pachuca 20 a\u00f1os de trayectoria musical y a su vez, obsequiar\u00e1 un show de gala para festejar a mam\u00e1.<\/strong><\/p>\n\n\n\n<figure class=\"wp-block-pullquote\"><blockquote><p>A trav\u00e9s del bolero de la m\u00fasica rom\u00e1ntica, hemos preparado un homenaje, en el que haremos un peque\u00f1o homenaje a grandes compositores como: Jos\u00e9 Jos\u00e9, Rub\u00e9n Fuentes, Pepe Jara, Lucho Gatica, Marco Antonio Mu\u00f1iz, los hermanos castro, entre otros\u201d refiri\u00f3.<\/p><\/blockquote><\/figure>\n\n\n\n<p>Cabe mencionar que Rodrigo de la Cadena, fue bautizado por el Maestro Armando Manzanero como <strong>\u201cEl \u00faltimo bohemio\u201d debido a que, desde joven, se interes\u00f3 y busc\u00f3 a artistas que formaron parte de la \u00e9poca dorada y del romanticismo<\/strong> y con su amistad y cercan\u00eda pudo interpretar de forma mel\u00f3dica sus canciones a muy temprana edad.<\/p>\n\n\n\n<figure class=\"wp-block-pullquote\"><blockquote><p>Entonces, a trav\u00e9s de la admiraci\u00f3n y cercan\u00eda que se dio con muchos de ellos, me avent\u00e9 a hacer un homenaje, un cuadro esc\u00e9nico, a cada uno de ellos y esto es lo que presentaremos en Pachuca, acompa\u00f1ado de una gran orquesta y de algunos invitados especiales como Los Miranda que son mis ahijados musicales\u201d destac\u00f3.<\/p><\/blockquote><\/figure>\n\n\n\n<p>Este Concierto de gala, <strong>est\u00e1 preparado para el pr\u00f3ximo 9 de mayo en punto de las 8:30 en el Auditorio Explanada,<\/strong> siendo esta la primera vez que Rodrigo, se presente en un teatro dentro de nuestra ciudad.<\/p>\n\n\n\n<blockquote class=\"wp-block-quote is-layout-flow wp-block-quote-is-layout-flow\">\n<p>Aqu\u00ed estar\u00e9 conmemorando mi aniversario y adem\u00e1s echando la casa por la ventana porque llevamos una gran producci\u00f3n, con un acompa\u00f1amiento audiovisual muy notable, invitados espectaculares y una orquesta inigualable\u201d agreg\u00f3.<\/p>\n<\/blockquote>\n\n\n\n<p>En este gran concierto, podremos escuchar canciones inolvidables como <strong>Yo sin ti, Despu\u00e9s del Amor, de los Hermanos Castro, Inolvidable, de Ana Cirr\u00e9, no se t\u00fa, no, por amor<\/strong> y entre otras canciones que han marcado nuestras historias.<\/p>\n\n\n\n<p>Rodrigo, tiene una gran expectativa del p\u00fablico hidalguense, pues afirma que de acuerdo a su experiencia en otros municipios de Hidalgo, como Apan, Actopan y Mixquiahuala por mencionar algunos,<strong> ha encontrado a un p\u00fablico altamente c\u00e1lido y cercano, por lo que afirma esta no ser\u00e1 la excepci\u00f3n.<\/strong><\/p>\n\n\n\n<p>Invitaci\u00f3n: \u201cA todos los bohemios de Hidalgo y de todos los estados cercanos, los invito a Pachuca, la Bella Airosa, para que me acompa\u00f1en este 9 de mayo, <strong>adem\u00e1s de que es una ocasi\u00f3n especial para festejar a la mam\u00e1 y la abuelita en el Auditorio Explanada a las 8 y media de la noche es martes, voy a tener de invitado a Erick Ventura, un gran cantante a Javier Gerardo y a Los miranda y en la direcci\u00f3n de la orquesta estar\u00e1 Abraham Barrera\u201d<\/strong><\/p>\n","protected":false},"excerpt":{"rendered":"<p>Con dos horas y media de espect\u00e1culo en un concierto memorable, Rodrigo de la Cadena, celebrar\u00e1 en Pachuca 20 a\u00f1os de trayectoria musical y a su vez, obsequiar\u00e1 un show&hellip; <\/p>\n","protected":false},"author":10,"featured_media":3784,"comment_status":"closed","ping_status":"closed","sticky":false,"template":"","format":"standard","meta":{"two_page_speed":[],"_joinchat":[],"footnotes":""},"categories":[57],"tags":[1047,1046,1045],"class_list":["post-3783","post","type-post","status-publish","format-standard","has-post-thumbnail","hentry","category-sociedad","tag-musica-bohemia","tag-musica-romantica","tag-rodrigo-de-la-cadena"],"_links":{"self":[{"href":"https:\/\/revistaacropolis.com\/index.php\/wp-json\/wp\/v2\/posts\/3783","targetHints":{"allow":["GET"]}}],"collection":[{"href":"https:\/\/revistaacropolis.com\/index.php\/wp-json\/wp\/v2\/posts"}],"about":[{"href":"https:\/\/revistaacropolis.com\/index.php\/wp-json\/wp\/v2\/types\/post"}],"author":[{"embeddable":true,"href":"https:\/\/revistaacropolis.com\/index.php\/wp-json\/wp\/v2\/users\/10"}],"replies":[{"embeddable":true,"href":"https:\/\/revistaacropolis.com\/index.php\/wp-json\/wp\/v2\/comments?post=3783"}],"version-history":[{"count":1,"href":"https:\/\/revistaacropolis.com\/index.php\/wp-json\/wp\/v2\/posts\/3783\/revisions"}],"predecessor-version":[{"id":3785,"href":"https:\/\/revistaacropolis.com\/index.php\/wp-json\/wp\/v2\/posts\/3783\/revisions\/3785"}],"wp:featuredmedia":[{"embeddable":true,"href":"https:\/\/revistaacropolis.com\/index.php\/wp-json\/wp\/v2\/media\/3784"}],"wp:attachment":[{"href":"https:\/\/revistaacropolis.com\/index.php\/wp-json\/wp\/v2\/media?parent=3783"}],"wp:term":[{"taxonomy":"category","embeddable":true,"href":"https:\/\/revistaacropolis.com\/index.php\/wp-json\/wp\/v2\/categories?post=3783"},{"taxonomy":"post_tag","embeddable":true,"href":"https:\/\/revistaacropolis.com\/index.php\/wp-json\/wp\/v2\/tags?post=3783"}],"curies":[{"name":"wp","href":"https:\/\/api.w.org\/{rel}","templated":true}]}}