{"id":4055,"date":"2023-05-13T21:26:50","date_gmt":"2023-05-13T21:26:50","guid":{"rendered":"https:\/\/revistaacropolis.com\/?p=4055"},"modified":"2023-05-15T19:06:58","modified_gmt":"2023-05-15T19:06:58","slug":"metztitlan-rescata-tradiciones-con-el-festival-del-agricultor-y-la-danza","status":"publish","type":"post","link":"https:\/\/revistaacropolis.com\/index.php\/metztitlan-rescata-tradiciones-con-el-festival-del-agricultor-y-la-danza\/sociedad\/","title":{"rendered":"Metztitl\u00e1n rescata tradiciones con el festival del Agricultor y la Danza"},"content":{"rendered":"\n<p>Con una serie de actividades culturales, art\u00edsticas y deportivas, dieron inicio el Progrma del Festejo del D\u00eda del Agriculutor y el 12\u00ba Festival Internacional de la Danza de Metztitl\u00e1n 2023 que tienen la finalidad de rescatar sus tradiciones y heredarlas a las nuevas generaciones.<\/p>\n\n\n\n<figure class=\"wp-block-gallery has-nested-images columns-default is-cropped wp-block-gallery-1 is-layout-flex wp-block-gallery-is-layout-flex\">\n<figure class=\"wp-block-image size-large\"><img fetchpriority=\"high\" decoding=\"async\" width=\"1024\" height=\"768\" data-id=\"4078\" src=\"https:\/\/revistaacropolis.com\/wp-content\/uploads\/2023\/05\/1-1.png\" alt=\"\" class=\"wp-image-4078\" srcset=\"https:\/\/revistaacropolis.com\/wp-content\/uploads\/2023\/05\/1-1.png 1024w, https:\/\/revistaacropolis.com\/wp-content\/uploads\/2023\/05\/1-1-300x225.png 300w, https:\/\/revistaacropolis.com\/wp-content\/uploads\/2023\/05\/1-1-768x576.png 768w, https:\/\/revistaacropolis.com\/wp-content\/uploads\/2023\/05\/1-1-600x450.png 600w\" sizes=\"(max-width: 1024px) 100vw, 1024px\" \/><\/figure>\n\n\n\n<figure class=\"wp-block-image size-large\"><img decoding=\"async\" width=\"1024\" height=\"768\" data-id=\"4076\" src=\"https:\/\/revistaacropolis.com\/wp-content\/uploads\/2023\/05\/2-2.png\" alt=\"\" class=\"wp-image-4076\" srcset=\"https:\/\/revistaacropolis.com\/wp-content\/uploads\/2023\/05\/2-2.png 1024w, https:\/\/revistaacropolis.com\/wp-content\/uploads\/2023\/05\/2-2-300x225.png 300w, https:\/\/revistaacropolis.com\/wp-content\/uploads\/2023\/05\/2-2-768x576.png 768w, https:\/\/revistaacropolis.com\/wp-content\/uploads\/2023\/05\/2-2-600x450.png 600w\" sizes=\"(max-width: 1024px) 100vw, 1024px\" \/><\/figure>\n\n\n\n<figure class=\"wp-block-image size-large\"><img decoding=\"async\" width=\"1024\" height=\"768\" data-id=\"4077\" src=\"https:\/\/revistaacropolis.com\/wp-content\/uploads\/2023\/05\/3-2.png\" alt=\"\" class=\"wp-image-4077\" srcset=\"https:\/\/revistaacropolis.com\/wp-content\/uploads\/2023\/05\/3-2.png 1024w, https:\/\/revistaacropolis.com\/wp-content\/uploads\/2023\/05\/3-2-300x225.png 300w, https:\/\/revistaacropolis.com\/wp-content\/uploads\/2023\/05\/3-2-768x576.png 768w, https:\/\/revistaacropolis.com\/wp-content\/uploads\/2023\/05\/3-2-600x450.png 600w\" sizes=\"(max-width: 1024px) 100vw, 1024px\" \/><\/figure>\n<\/figure>\n\n\n\n<p>Como parte de este programa, el d\u00eda de ayer viernes 12 la direcci\u00f3n de Cultura, Turismo y Deporte del municipio, trajo a la capital hidalguense una muestra de danza al Centro Cultural del Ferrocarril, como parte del Festival Internacional de la Danza 2023 titulado \u201cUn sue\u00f1o, una aventura, desde el lugar de la Luna\u201d.<\/p>\n\n\n\n<figure class=\"wp-block-gallery has-nested-images columns-default is-cropped wp-block-gallery-2 is-layout-flex wp-block-gallery-is-layout-flex\">\n<figure class=\"wp-block-image size-large\"><img loading=\"lazy\" decoding=\"async\" width=\"1024\" height=\"768\" data-id=\"4081\" src=\"https:\/\/revistaacropolis.com\/wp-content\/uploads\/2023\/05\/4-2.png\" alt=\"\" class=\"wp-image-4081\" srcset=\"https:\/\/revistaacropolis.com\/wp-content\/uploads\/2023\/05\/4-2.png 1024w, https:\/\/revistaacropolis.com\/wp-content\/uploads\/2023\/05\/4-2-300x225.png 300w, https:\/\/revistaacropolis.com\/wp-content\/uploads\/2023\/05\/4-2-768x576.png 768w, https:\/\/revistaacropolis.com\/wp-content\/uploads\/2023\/05\/4-2-600x450.png 600w\" sizes=\"(max-width: 1024px) 100vw, 1024px\" \/><\/figure>\n\n\n\n<figure class=\"wp-block-image size-large\"><img loading=\"lazy\" decoding=\"async\" width=\"1024\" height=\"768\" data-id=\"4080\" src=\"https:\/\/revistaacropolis.com\/wp-content\/uploads\/2023\/05\/5-2.png\" alt=\"\" class=\"wp-image-4080\" srcset=\"https:\/\/revistaacropolis.com\/wp-content\/uploads\/2023\/05\/5-2.png 1024w, https:\/\/revistaacropolis.com\/wp-content\/uploads\/2023\/05\/5-2-300x225.png 300w, https:\/\/revistaacropolis.com\/wp-content\/uploads\/2023\/05\/5-2-768x576.png 768w, https:\/\/revistaacropolis.com\/wp-content\/uploads\/2023\/05\/5-2-600x450.png 600w\" sizes=\"(max-width: 1024px) 100vw, 1024px\" \/><\/figure>\n\n\n\n<figure class=\"wp-block-image size-large\"><img loading=\"lazy\" decoding=\"async\" width=\"1024\" height=\"768\" data-id=\"4082\" src=\"https:\/\/revistaacropolis.com\/wp-content\/uploads\/2023\/05\/6.png\" alt=\"\" class=\"wp-image-4082\" srcset=\"https:\/\/revistaacropolis.com\/wp-content\/uploads\/2023\/05\/6.png 1024w, https:\/\/revistaacropolis.com\/wp-content\/uploads\/2023\/05\/6-300x225.png 300w, https:\/\/revistaacropolis.com\/wp-content\/uploads\/2023\/05\/6-768x576.png 768w, https:\/\/revistaacropolis.com\/wp-content\/uploads\/2023\/05\/6-600x450.png 600w\" sizes=\"(max-width: 1024px) 100vw, 1024px\" \/><\/figure>\n<\/figure>\n\n\n\n<p>En entrevista el titular de la Direcci\u00f3n de Cultura, Turismo y Deporte de Metztitl\u00e1n Hidalgo, Francisco Pe\u00f1a, en representaci\u00f3n del Presidente Municipal Alfredo Morales Mora, destac\u00f3 que con este tipo de festivales se intenta rescatar las tradiciones que tanto arraigo tienen en la regi\u00f3n y buscan mantener presentes.<\/p>\n\n\n\n<p>Ambas actividades, mencion\u00f3, se han realizado de manera historia en Metztitl\u00e1n y al ser un municipio agricultor, celebran de manera fija el D\u00eda del Agricultor, festejando al santo patrono de los agricultores que es Isidro Labrador.<\/p>\n\n\n\n<figure class=\"wp-block-gallery has-nested-images columns-default is-cropped wp-block-gallery-3 is-layout-flex wp-block-gallery-is-layout-flex\">\n<figure class=\"wp-block-image size-large\"><img loading=\"lazy\" decoding=\"async\" width=\"1024\" height=\"768\" data-id=\"4086\" src=\"https:\/\/revistaacropolis.com\/wp-content\/uploads\/2023\/05\/7.png\" alt=\"\" class=\"wp-image-4086\" srcset=\"https:\/\/revistaacropolis.com\/wp-content\/uploads\/2023\/05\/7.png 1024w, https:\/\/revistaacropolis.com\/wp-content\/uploads\/2023\/05\/7-300x225.png 300w, https:\/\/revistaacropolis.com\/wp-content\/uploads\/2023\/05\/7-768x576.png 768w, https:\/\/revistaacropolis.com\/wp-content\/uploads\/2023\/05\/7-600x450.png 600w\" sizes=\"(max-width: 1024px) 100vw, 1024px\" \/><\/figure>\n\n\n\n<figure class=\"wp-block-image size-large\"><img loading=\"lazy\" decoding=\"async\" width=\"1024\" height=\"768\" data-id=\"4085\" src=\"https:\/\/revistaacropolis.com\/wp-content\/uploads\/2023\/05\/8.png\" alt=\"\" class=\"wp-image-4085\" srcset=\"https:\/\/revistaacropolis.com\/wp-content\/uploads\/2023\/05\/8.png 1024w, https:\/\/revistaacropolis.com\/wp-content\/uploads\/2023\/05\/8-300x225.png 300w, https:\/\/revistaacropolis.com\/wp-content\/uploads\/2023\/05\/8-768x576.png 768w, https:\/\/revistaacropolis.com\/wp-content\/uploads\/2023\/05\/8-600x450.png 600w\" sizes=\"(max-width: 1024px) 100vw, 1024px\" \/><\/figure>\n\n\n\n<figure class=\"wp-block-image size-large\"><img loading=\"lazy\" decoding=\"async\" width=\"1024\" height=\"768\" data-id=\"4084\" src=\"https:\/\/revistaacropolis.com\/wp-content\/uploads\/2023\/05\/9-1.png\" alt=\"\" class=\"wp-image-4084\" srcset=\"https:\/\/revistaacropolis.com\/wp-content\/uploads\/2023\/05\/9-1.png 1024w, https:\/\/revistaacropolis.com\/wp-content\/uploads\/2023\/05\/9-1-300x225.png 300w, https:\/\/revistaacropolis.com\/wp-content\/uploads\/2023\/05\/9-1-768x576.png 768w, https:\/\/revistaacropolis.com\/wp-content\/uploads\/2023\/05\/9-1-600x450.png 600w\" sizes=\"(max-width: 1024px) 100vw, 1024px\" \/><\/figure>\n<\/figure>\n\n\n\n<p>La celebraci\u00f3n dio inicio el pasado 11 de mayo con la elecci\u00f3n de la Reyna de la alabransa, el d\u00eda de ayer, 12 se efectu\u00f3 la presentaci\u00f3n de gala, donde enmarcaron el Segundo Aniversario de su Ballet Folcl\u00f3rico Nochipa Ipan Noyoltzin de Metztitl\u00e1n, y hoy 13 de mayo, se contar\u00e1 con actividades tradicionales como la carreta atl\u00e9tica y un torneo de voleibol en el \u00e1mbito deportivo.<\/p>\n\n\n\n<p>\u201cTambi\u00e9n habr\u00e1 un rally deportivo de obst\u00e1culos donde celebramos los festejos de San Isidro, tambi\u00e9n tendremos toro mec\u00e1nico, y posteriormente en la tarde de este empezaremos con las actividades propias del festival de la danza con nuestro pa\u00eds invitado que es Per\u00fa y estados que nos acompa\u00f1an como Morelos, Chihuahua, Veracruz e Hidalgo representado por las compa\u00f1\u00edas danc\u00edsticas de Pachuca y Metiztitl\u00e1n\u201d Inform\u00f3.<\/p>\n\n\n\n<figure class=\"wp-block-gallery has-nested-images columns-default is-cropped wp-block-gallery-4 is-layout-flex wp-block-gallery-is-layout-flex\">\n<figure class=\"wp-block-image size-large\"><img loading=\"lazy\" decoding=\"async\" width=\"1024\" height=\"768\" data-id=\"4090\" src=\"https:\/\/revistaacropolis.com\/wp-content\/uploads\/2023\/05\/14.png\" alt=\"\" class=\"wp-image-4090\" srcset=\"https:\/\/revistaacropolis.com\/wp-content\/uploads\/2023\/05\/14.png 1024w, https:\/\/revistaacropolis.com\/wp-content\/uploads\/2023\/05\/14-300x225.png 300w, https:\/\/revistaacropolis.com\/wp-content\/uploads\/2023\/05\/14-768x576.png 768w, https:\/\/revistaacropolis.com\/wp-content\/uploads\/2023\/05\/14-600x450.png 600w\" sizes=\"(max-width: 1024px) 100vw, 1024px\" \/><\/figure>\n\n\n\n<figure class=\"wp-block-image size-large\"><img loading=\"lazy\" decoding=\"async\" width=\"1024\" height=\"768\" data-id=\"4091\" src=\"https:\/\/revistaacropolis.com\/wp-content\/uploads\/2023\/05\/15.png\" alt=\"\" class=\"wp-image-4091\" srcset=\"https:\/\/revistaacropolis.com\/wp-content\/uploads\/2023\/05\/15.png 1024w, https:\/\/revistaacropolis.com\/wp-content\/uploads\/2023\/05\/15-300x225.png 300w, https:\/\/revistaacropolis.com\/wp-content\/uploads\/2023\/05\/15-768x576.png 768w, https:\/\/revistaacropolis.com\/wp-content\/uploads\/2023\/05\/15-600x450.png 600w\" sizes=\"(max-width: 1024px) 100vw, 1024px\" \/><\/figure>\n\n\n\n<figure class=\"wp-block-image size-large\"><img loading=\"lazy\" decoding=\"async\" width=\"1024\" height=\"768\" data-id=\"4092\" src=\"https:\/\/revistaacropolis.com\/wp-content\/uploads\/2023\/05\/16.png\" alt=\"\" class=\"wp-image-4092\" srcset=\"https:\/\/revistaacropolis.com\/wp-content\/uploads\/2023\/05\/16.png 1024w, https:\/\/revistaacropolis.com\/wp-content\/uploads\/2023\/05\/16-300x225.png 300w, https:\/\/revistaacropolis.com\/wp-content\/uploads\/2023\/05\/16-768x576.png 768w, https:\/\/revistaacropolis.com\/wp-content\/uploads\/2023\/05\/16-600x450.png 600w\" sizes=\"(max-width: 1024px) 100vw, 1024px\" \/><\/figure>\n<\/figure>\n\n\n\n<p>El domingo 14 ser habr\u00e1 rayuela y la tradicional carrera de burros que ya ocupa un lugar especial en estas festividades para que por la tarde, se contin\u00fae con la gala del festival de danza.<\/p>\n\n\n\n<p>\u201cLas festividades, se estar\u00e1n concluyendo el 15 de mayo, con la tradicional celebraci\u00f3n al santo patrono San Isidro Labrador, recordando que nuestro municipio es un municipio agricultor\u201d mencion\u00f3.<\/p>\n\n\n\n<figure class=\"wp-block-gallery has-nested-images columns-default is-cropped wp-block-gallery-5 is-layout-flex wp-block-gallery-is-layout-flex\">\n<figure class=\"wp-block-image size-large\"><img loading=\"lazy\" decoding=\"async\" width=\"1024\" height=\"768\" data-id=\"4088\" src=\"https:\/\/revistaacropolis.com\/wp-content\/uploads\/2023\/05\/11.png\" alt=\"\" class=\"wp-image-4088\" srcset=\"https:\/\/revistaacropolis.com\/wp-content\/uploads\/2023\/05\/11.png 1024w, https:\/\/revistaacropolis.com\/wp-content\/uploads\/2023\/05\/11-300x225.png 300w, https:\/\/revistaacropolis.com\/wp-content\/uploads\/2023\/05\/11-768x576.png 768w, https:\/\/revistaacropolis.com\/wp-content\/uploads\/2023\/05\/11-600x450.png 600w\" sizes=\"(max-width: 1024px) 100vw, 1024px\" \/><\/figure>\n\n\n\n<figure class=\"wp-block-image size-large\"><img loading=\"lazy\" decoding=\"async\" width=\"1024\" height=\"768\" data-id=\"4087\" src=\"https:\/\/revistaacropolis.com\/wp-content\/uploads\/2023\/05\/12.png\" alt=\"\" class=\"wp-image-4087\" srcset=\"https:\/\/revistaacropolis.com\/wp-content\/uploads\/2023\/05\/12.png 1024w, https:\/\/revistaacropolis.com\/wp-content\/uploads\/2023\/05\/12-300x225.png 300w, https:\/\/revistaacropolis.com\/wp-content\/uploads\/2023\/05\/12-768x576.png 768w, https:\/\/revistaacropolis.com\/wp-content\/uploads\/2023\/05\/12-600x450.png 600w\" sizes=\"(max-width: 1024px) 100vw, 1024px\" \/><\/figure>\n\n\n\n<figure class=\"wp-block-image size-large\"><img loading=\"lazy\" decoding=\"async\" width=\"1024\" height=\"768\" data-id=\"4089\" src=\"https:\/\/revistaacropolis.com\/wp-content\/uploads\/2023\/05\/13.png\" alt=\"\" class=\"wp-image-4089\" srcset=\"https:\/\/revistaacropolis.com\/wp-content\/uploads\/2023\/05\/13.png 1024w, https:\/\/revistaacropolis.com\/wp-content\/uploads\/2023\/05\/13-300x225.png 300w, https:\/\/revistaacropolis.com\/wp-content\/uploads\/2023\/05\/13-768x576.png 768w, https:\/\/revistaacropolis.com\/wp-content\/uploads\/2023\/05\/13-600x450.png 600w\" sizes=\"(max-width: 1024px) 100vw, 1024px\" \/><\/figure>\n<\/figure>\n\n\n\n<p>De tal forma que el lunes 15 se realizar\u00e1 una procesi\u00f3n con tractores y se har\u00e1 el ritual de la misa para concluir con la fiesta y convivencia con las personas del municipio que podr\u00e1n disfrutar de un jaripeo y al termino de \u00e9ste se har\u00e1 la clausura de ambas festividades.<\/p>\n\n\n\n<p>El titular de Cultura, anticip\u00f3 que para este evento se espera un aproximado de 5 mil personas.<\/p>\n","protected":false},"excerpt":{"rendered":"<p>Con una serie de actividades culturales, art\u00edsticas y deportivas, dieron inicio el Progrma del Festejo del D\u00eda del Agriculutor y el 12\u00ba Festival Internacional de la Danza de Metztitl\u00e1n 2023&hellip; <\/p>\n","protected":false},"author":10,"featured_media":4075,"comment_status":"closed","ping_status":"closed","sticky":false,"template":"","format":"standard","meta":{"two_page_speed":[],"_joinchat":[],"footnotes":""},"categories":[57],"tags":[],"class_list":["post-4055","post","type-post","status-publish","format-standard","has-post-thumbnail","hentry","category-sociedad"],"_links":{"self":[{"href":"https:\/\/revistaacropolis.com\/index.php\/wp-json\/wp\/v2\/posts\/4055","targetHints":{"allow":["GET"]}}],"collection":[{"href":"https:\/\/revistaacropolis.com\/index.php\/wp-json\/wp\/v2\/posts"}],"about":[{"href":"https:\/\/revistaacropolis.com\/index.php\/wp-json\/wp\/v2\/types\/post"}],"author":[{"embeddable":true,"href":"https:\/\/revistaacropolis.com\/index.php\/wp-json\/wp\/v2\/users\/10"}],"replies":[{"embeddable":true,"href":"https:\/\/revistaacropolis.com\/index.php\/wp-json\/wp\/v2\/comments?post=4055"}],"version-history":[{"count":3,"href":"https:\/\/revistaacropolis.com\/index.php\/wp-json\/wp\/v2\/posts\/4055\/revisions"}],"predecessor-version":[{"id":4093,"href":"https:\/\/revistaacropolis.com\/index.php\/wp-json\/wp\/v2\/posts\/4055\/revisions\/4093"}],"wp:featuredmedia":[{"embeddable":true,"href":"https:\/\/revistaacropolis.com\/index.php\/wp-json\/wp\/v2\/media\/4075"}],"wp:attachment":[{"href":"https:\/\/revistaacropolis.com\/index.php\/wp-json\/wp\/v2\/media?parent=4055"}],"wp:term":[{"taxonomy":"category","embeddable":true,"href":"https:\/\/revistaacropolis.com\/index.php\/wp-json\/wp\/v2\/categories?post=4055"},{"taxonomy":"post_tag","embeddable":true,"href":"https:\/\/revistaacropolis.com\/index.php\/wp-json\/wp\/v2\/tags?post=4055"}],"curies":[{"name":"wp","href":"https:\/\/api.w.org\/{rel}","templated":true}]}}