{"id":4216,"date":"2023-05-17T17:49:42","date_gmt":"2023-05-17T17:49:42","guid":{"rendered":"https:\/\/revistaacropolis.com\/?p=4216"},"modified":"2023-05-17T17:54:33","modified_gmt":"2023-05-17T17:54:33","slug":"joel-huazo-presidente-municipal-de-metepec-celebra-a-las-mamas-en-su-dia","status":"publish","type":"post","link":"https:\/\/revistaacropolis.com\/index.php\/joel-huazo-presidente-municipal-de-metepec-celebra-a-las-mamas-en-su-dia\/sociedad\/comunicados\/","title":{"rendered":"Joel Huazo, Presidente Municipal de Metepec celebra a las mam\u00e1s en su d\u00eda"},"content":{"rendered":"\n<p>Como un gesto de agradecimiento y respeto, Joel Huazo Canales, presidente municipal de Metepec en conjunto con su esposa y Presidenta del DIF Municipal, Susana Garc\u00eda Escamilla, celebraron a las mam\u00e1s de este municipio por el D\u00eda de la Mam\u00e1 con un gran evento.<\/p>\n\n\n\n<p>La celebraci\u00f3n se llev\u00f3 a cabo en la plaza principal de Metepec, lugar a donde llegaron los mariachis que entonaron las tradicionales ma\u00f1anitas y engalanaron el evento con su m\u00fasica y vestimenta.<\/p>\n\n\n\n<figure class=\"wp-block-image size-large\"><img fetchpriority=\"high\" decoding=\"async\" width=\"1024\" height=\"683\" src=\"https:\/\/revistaacropolis.com\/wp-content\/uploads\/2023\/05\/IMG_2595-1024x683.jpg\" alt=\"\" class=\"wp-image-4219\" srcset=\"https:\/\/revistaacropolis.com\/wp-content\/uploads\/2023\/05\/IMG_2595-1024x683.jpg 1024w, https:\/\/revistaacropolis.com\/wp-content\/uploads\/2023\/05\/IMG_2595-300x200.jpg 300w, https:\/\/revistaacropolis.com\/wp-content\/uploads\/2023\/05\/IMG_2595-768x512.jpg 768w, https:\/\/revistaacropolis.com\/wp-content\/uploads\/2023\/05\/IMG_2595-1536x1024.jpg 1536w, https:\/\/revistaacropolis.com\/wp-content\/uploads\/2023\/05\/IMG_2595-2048x1365.jpg 2048w, https:\/\/revistaacropolis.com\/wp-content\/uploads\/2023\/05\/IMG_2595-600x400.jpg 600w\" sizes=\"(max-width: 1024px) 100vw, 1024px\" \/><\/figure>\n\n\n\n<p>Por ser tradici\u00f3n de la regi\u00f3n, no pod\u00eda faltar la banda que acompa\u00f1\u00f3 a las mam\u00e1s en su d\u00eda con un repertorio musical bastante amplio y alegre.<\/p>\n\n\n\n<p>La intensi\u00f3n ,era apapachar a las amas de casa que dan todo por el bienestar de las familias metepequenses y para ello se les dio un refrigerio que disfrutaron ampliamente, adem\u00e1s de partir el tradicional pastel.<\/p>\n\n\n\n<p>Posterior a ello, se inici\u00f3 con la ronda de rifas que incl\u00eda art\u00edculos como: unaestufa, pantallas, hornos de microondas y una diversidad de aparatos electr\u00f3nicos y algunos otros que les ser\u00e1n de gran ayuda para la realizaci\u00f3n de sus tareas diarias.<\/p>\n\n\n\n<figure class=\"wp-block-image size-large\"><img decoding=\"async\" width=\"1024\" height=\"683\" src=\"https:\/\/revistaacropolis.com\/wp-content\/uploads\/2023\/05\/IMG_2772-1024x683.jpg\" alt=\"\" class=\"wp-image-4218\" srcset=\"https:\/\/revistaacropolis.com\/wp-content\/uploads\/2023\/05\/IMG_2772-1024x683.jpg 1024w, https:\/\/revistaacropolis.com\/wp-content\/uploads\/2023\/05\/IMG_2772-300x200.jpg 300w, https:\/\/revistaacropolis.com\/wp-content\/uploads\/2023\/05\/IMG_2772-768x512.jpg 768w, https:\/\/revistaacropolis.com\/wp-content\/uploads\/2023\/05\/IMG_2772-1536x1024.jpg 1536w, https:\/\/revistaacropolis.com\/wp-content\/uploads\/2023\/05\/IMG_2772-2048x1365.jpg 2048w, https:\/\/revistaacropolis.com\/wp-content\/uploads\/2023\/05\/IMG_2772-600x400.jpg 600w\" sizes=\"(max-width: 1024px) 100vw, 1024px\" \/><\/figure>\n\n\n\n<p>En el evento, estuvieron presentes la Senadora Nuvia Mayorga y el Diputado Local, Miguel Mart\u00ednez \u201cEl Oso\u201d, quienes al final del evento, aprovecharon para entregar a la poblaci\u00f3n vulnerables sillas de ruedas, y bastones a fin de acercarles una mejor calidad de vida.<\/p>\n","protected":false},"excerpt":{"rendered":"<p>Como un gesto de agradecimiento y respeto, Joel Huazo Canales, presidente municipal de Metepec en conjunto con su esposa y Presidenta del DIF Municipal, Susana Garc\u00eda Escamilla, celebraron a las&hellip; <\/p>\n","protected":false},"author":4,"featured_media":4217,"comment_status":"closed","ping_status":"closed","sticky":false,"template":"","format":"standard","meta":{"two_page_speed":[],"_joinchat":[],"footnotes":""},"categories":[86],"tags":[],"class_list":["post-4216","post","type-post","status-publish","format-standard","has-post-thumbnail","hentry","category-comunicados"],"_links":{"self":[{"href":"https:\/\/revistaacropolis.com\/index.php\/wp-json\/wp\/v2\/posts\/4216","targetHints":{"allow":["GET"]}}],"collection":[{"href":"https:\/\/revistaacropolis.com\/index.php\/wp-json\/wp\/v2\/posts"}],"about":[{"href":"https:\/\/revistaacropolis.com\/index.php\/wp-json\/wp\/v2\/types\/post"}],"author":[{"embeddable":true,"href":"https:\/\/revistaacropolis.com\/index.php\/wp-json\/wp\/v2\/users\/4"}],"replies":[{"embeddable":true,"href":"https:\/\/revistaacropolis.com\/index.php\/wp-json\/wp\/v2\/comments?post=4216"}],"version-history":[{"count":2,"href":"https:\/\/revistaacropolis.com\/index.php\/wp-json\/wp\/v2\/posts\/4216\/revisions"}],"predecessor-version":[{"id":4222,"href":"https:\/\/revistaacropolis.com\/index.php\/wp-json\/wp\/v2\/posts\/4216\/revisions\/4222"}],"wp:featuredmedia":[{"embeddable":true,"href":"https:\/\/revistaacropolis.com\/index.php\/wp-json\/wp\/v2\/media\/4217"}],"wp:attachment":[{"href":"https:\/\/revistaacropolis.com\/index.php\/wp-json\/wp\/v2\/media?parent=4216"}],"wp:term":[{"taxonomy":"category","embeddable":true,"href":"https:\/\/revistaacropolis.com\/index.php\/wp-json\/wp\/v2\/categories?post=4216"},{"taxonomy":"post_tag","embeddable":true,"href":"https:\/\/revistaacropolis.com\/index.php\/wp-json\/wp\/v2\/tags?post=4216"}],"curies":[{"name":"wp","href":"https:\/\/api.w.org\/{rel}","templated":true}]}}