{"id":4284,"date":"2023-05-18T23:41:42","date_gmt":"2023-05-18T23:41:42","guid":{"rendered":"https:\/\/revistaacropolis.com\/?p=4284"},"modified":"2023-05-18T23:42:12","modified_gmt":"2023-05-18T23:42:12","slug":"tras-multihomicidio-en-atotonilco-de-tula-detienen-a-4-personas-armadas-en-operativo","status":"publish","type":"post","link":"https:\/\/revistaacropolis.com\/index.php\/tras-multihomicidio-en-atotonilco-de-tula-detienen-a-4-personas-armadas-en-operativo\/politica\/","title":{"rendered":"Tras multihomicidio en Atotonilco de Tula, detienen a 4 personas armadas en operativo"},"content":{"rendered":"\n<p>Luego del multihomicidio ocurrido en Atotonilco de Tula la noche del domingo pasado, <strong>autoridades de seguridad estatal detuvieron a un grupo de cuatro personas armadas, durante la implementaci\u00f3n de un operativo; sin embargo, evadieron precisar si tienen relaci\u00f3n con el crimen que dej\u00f3 un saldo de seis muertos.<\/strong><\/p>\n\n\n\n<p>En rueda de prensa, Salvador Cruz Neri, titular de la Secretar\u00eda de Seguridad P\u00fablica de Hidalgo (SSPH), dio a conocer que<strong> tras el homicidio de seis personas (tres adultos y tres infantes) en el municipio antes referido, llevaron a cabo un operativo en la demarcaci\u00f3n.<\/strong><\/p>\n\n\n\n<p>Lo anterior, dijo, <strong>deriv\u00f3 en la detenci\u00f3n de un grupo de personas (tres hombres y una mujer) provenientes de Jalisco, Guanajuato, Estado de M\u00e9xico y Chiapas, que viajaban a bordo de una camioneta, sobre la carretera Jorobas-Tula,<\/strong> la madrugada de este jueves.<\/p>\n\n\n\n<p>Al marcarles el alto, explic\u00f3, estas evadieron detenerse y tras una persecuci\u00f3n fueron finalmente detenidas. <strong>En el veh\u00edculo encontraron radio de comunicaci\u00f3n, celulares, armas (dos cortas y dos largas), cartuchos y droga<\/strong> (marihuana y cristal).<\/p>\n\n\n\n<p>Cruz Neri asegur\u00f3 que estas personas <strong>son parte de una c\u00e9lula delictiva que se dedica a \u201cgenerar violencia\u201d en la regi\u00f3n, pero no especific\u00f3 cu\u00e1l.<\/strong><\/p>\n\n\n\n<p>Al ser cuestionado al terminar la rueda de prensa sobre la relaci\u00f3n de este grupo de personas armadas con el multihomicidio, <strong>el titular de la SSPH respondi\u00f3 que la Procuradur\u00eda General de Justicia de Hidalgo (PGJH) tendr\u00e1 que realizar el an\u00e1lisis de las armas con los casquillos que recogieron en el lugar del ataque armado<\/strong> (la cancha de f\u00fatbol en el fraccionamiento Senderos del Pedregal, en Atotonilco de Tula) para determinar si corresponden.<\/p>\n\n\n\n<p>Santiago Nieto Castillo, <strong>encargado de despacho de la PGJH, refiri\u00f3 que est\u00e1n en espera de que la SSPH ponga a disposici\u00f3n del Ministerio P\u00fablico (MP)<\/strong> a estas cuatro personas para iniciar la carpeta de investigaci\u00f3n correspondientes por la portaci\u00f3n de armas y droga.<\/p>\n\n\n\n<div class=\"wp-block-query is-layout-flow wp-block-query-is-layout-flow\"><ul class=\"wp-block-post-template is-layout-flow wp-block-post-template-is-layout-flow\"><li class=\"wp-block-post post-23402 post type-post status-publish format-standard has-post-thumbnail hentry category-sociedad tag-cristhian-martinez tag-feria-del-helado-artesanal-2026 tag-hidalgo tag-tula-de-allende tag-turismo\">\n\n<div class=\"wp-block-columns are-vertically-aligned-center has-small-font-size is-layout-flex wp-container-core-columns-is-layout-9d6595d7 wp-block-columns-is-layout-flex\">\n<div class=\"wp-block-column is-vertically-aligned-center is-layout-flow wp-block-column-is-layout-flow\" style=\"flex-basis:25%\"><figure class=\"wp-block-post-featured-image\"><a href=\"https:\/\/revistaacropolis.com\/index.php\/impulsa-cristhian-martinez-el-turismo-la-cultura-y-la-gastronomia-con-la-feria-del-helado-artesanal-2026\/sociedad\/\" target=\"_self\"  ><img fetchpriority=\"high\" decoding=\"async\" width=\"2049\" height=\"1152\" src=\"https:\/\/revistaacropolis.com\/wp-content\/uploads\/2026\/04\/Portadas-Paginas-web-2026-04-29T124657.299.png\" class=\"attachment-post-thumbnail size-post-thumbnail wp-post-image\" alt=\"Impulsa Cristhian Mart\u00ednez el turismo, la cultura y la gastronom\u00eda con la Feria del Helado Artesanal 2026\" style=\"object-fit:cover;\" srcset=\"https:\/\/revistaacropolis.com\/wp-content\/uploads\/2026\/04\/Portadas-Paginas-web-2026-04-29T124657.299.png 2049w, https:\/\/revistaacropolis.com\/wp-content\/uploads\/2026\/04\/Portadas-Paginas-web-2026-04-29T124657.299-300x169.png 300w, https:\/\/revistaacropolis.com\/wp-content\/uploads\/2026\/04\/Portadas-Paginas-web-2026-04-29T124657.299-1024x576.png 1024w, https:\/\/revistaacropolis.com\/wp-content\/uploads\/2026\/04\/Portadas-Paginas-web-2026-04-29T124657.299-768x432.png 768w, https:\/\/revistaacropolis.com\/wp-content\/uploads\/2026\/04\/Portadas-Paginas-web-2026-04-29T124657.299-1536x864.png 1536w, https:\/\/revistaacropolis.com\/wp-content\/uploads\/2026\/04\/Portadas-Paginas-web-2026-04-29T124657.299-600x337.png 600w\" sizes=\"(max-width: 2049px) 100vw, 2049px\" \/><\/a><\/figure><\/div>\n\n\n\n<div class=\"wp-block-column is-vertically-aligned-center is-layout-flow wp-block-column-is-layout-flow\" style=\"flex-basis:75%\"><h2 class=\"wp-block-post-title has-small-font-size\"><a href=\"https:\/\/revistaacropolis.com\/index.php\/impulsa-cristhian-martinez-el-turismo-la-cultura-y-la-gastronomia-con-la-feria-del-helado-artesanal-2026\/sociedad\/\" target=\"_self\" >Impulsa Cristhian Mart\u00ednez el turismo, la cultura y la gastronom\u00eda con la Feria del Helado Artesanal 2026<\/a><\/h2><\/div>\n<\/div>\n\n<\/li><li class=\"wp-block-post post-23395 post type-post status-publish format-standard has-post-thumbnail hentry category-politica tag-ayuntamiento-de-pachuca tag-cuenta-publica-2025 tag-fiscalizacion tag-jorge-reyes tag-pachuca-de-soto\">\n\n<div class=\"wp-block-columns are-vertically-aligned-center has-small-font-size is-layout-flex wp-container-core-columns-is-layout-9d6595d7 wp-block-columns-is-layout-flex\">\n<div class=\"wp-block-column is-vertically-aligned-center is-layout-flow wp-block-column-is-layout-flow\" style=\"flex-basis:25%\"><figure class=\"wp-block-post-featured-image\"><a href=\"https:\/\/revistaacropolis.com\/index.php\/jorge-reyes-entrega-la-cuenta-publica-2025-de-pachuca-ante-el-congreso-de-hidalgo\/politica\/\" target=\"_self\"  ><img decoding=\"async\" width=\"2049\" height=\"1152\" src=\"https:\/\/revistaacropolis.com\/wp-content\/uploads\/2026\/04\/Portadas-Paginas-web-2026-04-29T122921.454.png\" class=\"attachment-post-thumbnail size-post-thumbnail wp-post-image\" alt=\"Jorge Reyes entrega la Cuenta P\u00fablica 2025 de Pachuca ante el Congreso de Hidalgo\" style=\"object-fit:cover;\" srcset=\"https:\/\/revistaacropolis.com\/wp-content\/uploads\/2026\/04\/Portadas-Paginas-web-2026-04-29T122921.454.png 2049w, https:\/\/revistaacropolis.com\/wp-content\/uploads\/2026\/04\/Portadas-Paginas-web-2026-04-29T122921.454-300x169.png 300w, https:\/\/revistaacropolis.com\/wp-content\/uploads\/2026\/04\/Portadas-Paginas-web-2026-04-29T122921.454-1024x576.png 1024w, https:\/\/revistaacropolis.com\/wp-content\/uploads\/2026\/04\/Portadas-Paginas-web-2026-04-29T122921.454-768x432.png 768w, https:\/\/revistaacropolis.com\/wp-content\/uploads\/2026\/04\/Portadas-Paginas-web-2026-04-29T122921.454-1536x864.png 1536w, https:\/\/revistaacropolis.com\/wp-content\/uploads\/2026\/04\/Portadas-Paginas-web-2026-04-29T122921.454-600x337.png 600w\" sizes=\"(max-width: 2049px) 100vw, 2049px\" \/><\/a><\/figure><\/div>\n\n\n\n<div class=\"wp-block-column is-vertically-aligned-center is-layout-flow wp-block-column-is-layout-flow\" style=\"flex-basis:75%\"><h2 class=\"wp-block-post-title has-small-font-size\"><a href=\"https:\/\/revistaacropolis.com\/index.php\/jorge-reyes-entrega-la-cuenta-publica-2025-de-pachuca-ante-el-congreso-de-hidalgo\/politica\/\" target=\"_self\" >Jorge Reyes entrega la Cuenta P\u00fablica 2025 de Pachuca ante el Congreso de Hidalgo<\/a><\/h2><\/div>\n<\/div>\n\n<\/li><\/ul><\/div>\n\n\n\n<p>En cuanto <strong>al multihomicidio, dijo que iniciaron una carpeta de investigaci\u00f3n por homicidio, lesiones y homicidio en grado de tentativa.<\/strong> Asimismo, inform\u00f3 que realizaron necropsias a los cuerpos de las personas que fallecieron por el ataque, recabaron entrevistas y realizaron un an\u00e1lisis bal\u00edstico de los casquillos, entre otros actos.<\/p>\n\n\n\n<p>Adem\u00e1s, indic\u00f3 que <strong>dictaron medidas de protecci\u00f3n hacia las v\u00edctimas<\/strong> y ordenaron la vigilancia del hospital donde fueron atendidos.<\/p>\n","protected":false},"excerpt":{"rendered":"<p>Luego del multihomicidio ocurrido en Atotonilco de Tula la noche del domingo pasado, autoridades de seguridad estatal detuvieron a un grupo de cuatro personas armadas, durante la implementaci\u00f3n de un&hellip; <\/p>\n","protected":false},"author":9,"featured_media":4285,"comment_status":"closed","ping_status":"closed","sticky":false,"template":"","format":"standard","meta":{"two_page_speed":[],"_joinchat":[],"footnotes":""},"categories":[1,1078],"tags":[1134,1150,175,95],"class_list":["post-4284","post","type-post","status-publish","format-standard","has-post-thumbnail","hentry","category-politica","category-seguridadyjusticia","tag-atotonilco","tag-detenidos","tag-pgjh","tag-ssph"],"_links":{"self":[{"href":"https:\/\/revistaacropolis.com\/index.php\/wp-json\/wp\/v2\/posts\/4284","targetHints":{"allow":["GET"]}}],"collection":[{"href":"https:\/\/revistaacropolis.com\/index.php\/wp-json\/wp\/v2\/posts"}],"about":[{"href":"https:\/\/revistaacropolis.com\/index.php\/wp-json\/wp\/v2\/types\/post"}],"author":[{"embeddable":true,"href":"https:\/\/revistaacropolis.com\/index.php\/wp-json\/wp\/v2\/users\/9"}],"replies":[{"embeddable":true,"href":"https:\/\/revistaacropolis.com\/index.php\/wp-json\/wp\/v2\/comments?post=4284"}],"version-history":[{"count":1,"href":"https:\/\/revistaacropolis.com\/index.php\/wp-json\/wp\/v2\/posts\/4284\/revisions"}],"predecessor-version":[{"id":4286,"href":"https:\/\/revistaacropolis.com\/index.php\/wp-json\/wp\/v2\/posts\/4284\/revisions\/4286"}],"wp:featuredmedia":[{"embeddable":true,"href":"https:\/\/revistaacropolis.com\/index.php\/wp-json\/wp\/v2\/media\/4285"}],"wp:attachment":[{"href":"https:\/\/revistaacropolis.com\/index.php\/wp-json\/wp\/v2\/media?parent=4284"}],"wp:term":[{"taxonomy":"category","embeddable":true,"href":"https:\/\/revistaacropolis.com\/index.php\/wp-json\/wp\/v2\/categories?post=4284"},{"taxonomy":"post_tag","embeddable":true,"href":"https:\/\/revistaacropolis.com\/index.php\/wp-json\/wp\/v2\/tags?post=4284"}],"curies":[{"name":"wp","href":"https:\/\/api.w.org\/{rel}","templated":true}]}}