{"id":4501,"date":"2023-05-25T12:15:00","date_gmt":"2023-05-25T12:15:00","guid":{"rendered":"https:\/\/revistaacropolis.com\/?p=4501"},"modified":"2023-05-25T23:12:15","modified_gmt":"2023-05-25T23:12:15","slug":"avalan-que-secretaria-de-las-mujeres-de-pachuca-sea-electa-por-terna","status":"publish","type":"post","link":"https:\/\/revistaacropolis.com\/index.php\/avalan-que-secretaria-de-las-mujeres-de-pachuca-sea-electa-por-terna\/politica\/","title":{"rendered":"Avalan que secretaria de las Mujeres de Pachuca sea electa por terna"},"content":{"rendered":"\n<p>Por mayor\u00eda, el <strong>Cabildo de Pachuca aprob\u00f3 que la elecci\u00f3n de la titular de la Secretar\u00eda de las Mujeres del municipio se lleve a cabo a trav\u00e9s de la presentaci\u00f3n de una terna,<\/strong> por lo que la pr\u00f3xima titular ya no ser\u00e1 por dedazo.<\/p>\n\n\n\n<p>Con la asistencia de activistas y promotoras de la iniciativa, los asamble\u00edstas avalaron la reforma al Reglamento Interior de la Administraci\u00f3n P\u00fablica Municipal de Pachuca.<\/p>\n\n\n\n<p>En entrevista, la secretaria de las Mujeres de Pachuca, <strong>Adriana Flores Torres, asegur\u00f3 que la modificaci\u00f3n es de \u201cavanzada\u201d, pues la siguiente titular de esa dependencia ser\u00e1 electa mediante una terna que presentar\u00e1n integrantes de la sociedad civil e integrante del Cabildo<\/strong> en turno, mientras que el titular del Ejecutivo local elegir\u00e1 quien se queda en el cargo.<\/p>\n\n\n\n<p>Expuso que en cuanto a haya cambio de gobierno o ella tomara la determinaci\u00f3n de renunciar al cargo, <strong>la Comisi\u00f3n Regulatoria -que estar\u00e1 conformada con cargo honor\u00edfico por quienes integran Sistema Municipal para la Igualdad de Pachuca- realizar\u00e1n los trabajos para proponer la terna.<\/strong><\/p>\n\n\n\n<figure class=\"wp-block-image size-large\"><img fetchpriority=\"high\" decoding=\"async\" width=\"1024\" height=\"577\" src=\"https:\/\/revistaacropolis.com\/wp-content\/uploads\/2023\/05\/25-4-1-1024x577.png\" alt=\"\" class=\"wp-image-4503\" srcset=\"https:\/\/revistaacropolis.com\/wp-content\/uploads\/2023\/05\/25-4-1-1024x577.png 1024w, https:\/\/revistaacropolis.com\/wp-content\/uploads\/2023\/05\/25-4-1-300x169.png 300w, https:\/\/revistaacropolis.com\/wp-content\/uploads\/2023\/05\/25-4-1-768x433.png 768w, https:\/\/revistaacropolis.com\/wp-content\/uploads\/2023\/05\/25-4-1-1536x865.png 1536w, https:\/\/revistaacropolis.com\/wp-content\/uploads\/2023\/05\/25-4-1-600x338.png 600w, https:\/\/revistaacropolis.com\/wp-content\/uploads\/2023\/05\/25-4-1.png 1640w\" sizes=\"(max-width: 1024px) 100vw, 1024px\" \/><\/figure>\n\n\n\n<p>Flores Torres dijo que, para que sean imparciales y se pueden legitimar, <strong>las labores de selecci\u00f3n de perfiles ser\u00e1n coordinados por Comisi\u00f3n de Igualdad y G\u00e9nero del Cabildo.<\/strong><\/p>\n\n\n\n<p>Flores Torres <strong>llam\u00f3 al presidente municipal, Sergio Ba\u00f1os Rubio y a su secretario general y oficial mayor, a cumplir con la publicaci\u00f3n del decreto en el Peri\u00f3dico Oficial del Estado de Hidalgo (POEH).<\/strong> De acuerdo con el art\u00edculo primero transitorio, el edil tiene 15 d\u00edas h\u00e1biles para ello.<\/p>\n\n\n\n<p>Afirm\u00f3 que es \u201cuna trampa muy dada que se apruebe, pero no lo publiquen\u201d. Advirti\u00f3 que, de aplicarse esta pr\u00e1ctica dilatoria, lo expresar\u00e1.<\/p>\n\n\n\n<figure class=\"wp-block-pullquote\"><blockquote><p>Han guardado muchos otros temas y los han puesto en la congeladora (\u2026) Fui regidora y s\u00e9 perfectamente bien cuando hay ciertas artima\u00f1as para que ciertas cosas que salen desde sociedad civil no se cumplan\u201d, acus\u00f3.<\/p><\/blockquote><\/figure>\n\n\n\n<p>Cuestionado al respecto, el presidente municipal le dar\u00e1 \u201cpuntal seguimiento\u201d para la publicaci\u00f3n, pues sostuvo que los colectivos lo estar\u00e1n supervisando.<\/p>\n\n\n<p><iframe src=\"https:\/\/www.facebook.com\/plugins\/post.php?href=https%3A%2F%2Fwww.facebook.com%2FRevistaAcro%2Fposts%2Fpfbid02XbAXcW1EVdakiu4v6qJuhzVrHELfSWRKfE6m5ed9w2Pe3H3Hy76ijhdc2QGNj2Lyl&amp;show_text=true&amp;width=500\" width=\"500\" height=\"250\" style=\"border:none;overflow:hidden\" scrolling=\"no\" frameborder=\"0\" allowfullscreen=\"true\" allow=\"autoplay; clipboard-write; encrypted-media; picture-in-picture; web-share\"><\/iframe><\/p>\n\n\n<p><strong>CUESTIONA S\u00cdNDICA COMISI\u00d3N HASTA 2027<\/strong><\/p>\n\n\n\n<p>Durante la discusi\u00f3n del dictamen, <strong>la s\u00edndica jur\u00eddica Liliana Mera Curiel cuestion\u00f3 que en los art\u00edculos transitorios se haya establecido que las integrantes del Sistema Municipal para la Igualdad de Pachuca permanecer\u00e1n en la Comisi\u00f3n Regulatoria, encargada de la terna, hasta el 5 de septiembre de 2027.<\/strong><\/p>\n\n\n\n<p>Dijo no estar en contra de la reforma, sino de ampliar el plazo, pues <strong>rebasa el periodo del actual ayuntamiento<\/strong> y no dar\u00e1 posibilidad a otras mujeres a participar en la comisi\u00f3n.<\/p>\n\n\n\n<p>Al respecto, Flores Torres dijo que era muy importante que las actuales integrantes del Sistema Municipal para la Igualdad de Pachuca se quedaran, pues ellas iniciaron este proyecto.<\/p>\n\n\n\n<p>Entre ellas se encuentran activista y feministas como Alba Adriana Jim\u00e9nez Patr\u00e1n, Carmen Rinc\u00f3n Cruz, Martha Canseco, Selene Olvera Nieto.<\/p>\n\n\n\n<blockquote class=\"wp-block-quote is-layout-flow wp-block-quote-is-layout-flow\">\n<p>La siguiente titular de la Secretar\u00eda de las Mujeres tendr\u00e1 que estar acompa\u00f1ada por la sociedad civil, porque es la \u00fanica manera de que dejen de ejercer violencia pol\u00edtica en raz\u00f3n de g\u00e9nero a las mujeres que estamos al frente de estas instituciones\u201d, expuso.<\/p>\n<\/blockquote>\n\n\n\n<p>Afirm\u00f3 que <strong>ella se neg\u00f3 a que la secretaria regresara ser solamente un instituto municipal.<\/strong><\/p>\n\n\n\n<div class=\"wp-block-query is-layout-flow wp-block-query-is-layout-flow\"><ul class=\"wp-block-post-template is-layout-flow wp-block-post-template-is-layout-flow\"><li class=\"wp-block-post post-23402 post type-post status-publish format-standard has-post-thumbnail hentry category-sociedad tag-cristhian-martinez tag-feria-del-helado-artesanal-2026 tag-hidalgo tag-tula-de-allende tag-turismo\">\n\n<div class=\"wp-block-columns are-vertically-aligned-center is-layout-flex wp-container-core-columns-is-layout-9d6595d7 wp-block-columns-is-layout-flex\">\n<div class=\"wp-block-column is-vertically-aligned-center is-layout-flow wp-block-column-is-layout-flow\" style=\"flex-basis:25%\"><figure class=\"wp-block-post-featured-image\"><a href=\"https:\/\/revistaacropolis.com\/index.php\/impulsa-cristhian-martinez-el-turismo-la-cultura-y-la-gastronomia-con-la-feria-del-helado-artesanal-2026\/sociedad\/\" target=\"_self\"  ><img decoding=\"async\" width=\"2049\" height=\"1152\" src=\"https:\/\/revistaacropolis.com\/wp-content\/uploads\/2026\/04\/Portadas-Paginas-web-2026-04-29T124657.299.png\" class=\"attachment-post-thumbnail size-post-thumbnail wp-post-image\" alt=\"Impulsa Cristhian Mart\u00ednez el turismo, la cultura y la gastronom\u00eda con la Feria del Helado Artesanal 2026\" style=\"object-fit:cover;\" srcset=\"https:\/\/revistaacropolis.com\/wp-content\/uploads\/2026\/04\/Portadas-Paginas-web-2026-04-29T124657.299.png 2049w, https:\/\/revistaacropolis.com\/wp-content\/uploads\/2026\/04\/Portadas-Paginas-web-2026-04-29T124657.299-300x169.png 300w, https:\/\/revistaacropolis.com\/wp-content\/uploads\/2026\/04\/Portadas-Paginas-web-2026-04-29T124657.299-1024x576.png 1024w, https:\/\/revistaacropolis.com\/wp-content\/uploads\/2026\/04\/Portadas-Paginas-web-2026-04-29T124657.299-768x432.png 768w, https:\/\/revistaacropolis.com\/wp-content\/uploads\/2026\/04\/Portadas-Paginas-web-2026-04-29T124657.299-1536x864.png 1536w, https:\/\/revistaacropolis.com\/wp-content\/uploads\/2026\/04\/Portadas-Paginas-web-2026-04-29T124657.299-600x337.png 600w\" sizes=\"(max-width: 2049px) 100vw, 2049px\" \/><\/a><\/figure><\/div>\n\n\n\n<div class=\"wp-block-column is-vertically-aligned-center has-small-font-size is-layout-flow wp-block-column-is-layout-flow\" style=\"flex-basis:75%\"><h2 class=\"wp-block-post-title has-small-font-size\"><a href=\"https:\/\/revistaacropolis.com\/index.php\/impulsa-cristhian-martinez-el-turismo-la-cultura-y-la-gastronomia-con-la-feria-del-helado-artesanal-2026\/sociedad\/\" target=\"_self\" >Impulsa Cristhian Mart\u00ednez el turismo, la cultura y la gastronom\u00eda con la Feria del Helado Artesanal 2026<\/a><\/h2><\/div>\n<\/div>\n\n<\/li><li class=\"wp-block-post post-23395 post type-post status-publish format-standard has-post-thumbnail hentry category-politica tag-ayuntamiento-de-pachuca tag-cuenta-publica-2025 tag-fiscalizacion tag-jorge-reyes tag-pachuca-de-soto\">\n\n<div class=\"wp-block-columns are-vertically-aligned-center is-layout-flex wp-container-core-columns-is-layout-9d6595d7 wp-block-columns-is-layout-flex\">\n<div class=\"wp-block-column is-vertically-aligned-center is-layout-flow wp-block-column-is-layout-flow\" style=\"flex-basis:25%\"><figure class=\"wp-block-post-featured-image\"><a href=\"https:\/\/revistaacropolis.com\/index.php\/jorge-reyes-entrega-la-cuenta-publica-2025-de-pachuca-ante-el-congreso-de-hidalgo\/politica\/\" target=\"_self\"  ><img decoding=\"async\" width=\"2049\" height=\"1152\" src=\"https:\/\/revistaacropolis.com\/wp-content\/uploads\/2026\/04\/Portadas-Paginas-web-2026-04-29T122921.454.png\" class=\"attachment-post-thumbnail size-post-thumbnail wp-post-image\" alt=\"Jorge Reyes entrega la Cuenta P\u00fablica 2025 de Pachuca ante el Congreso de Hidalgo\" style=\"object-fit:cover;\" srcset=\"https:\/\/revistaacropolis.com\/wp-content\/uploads\/2026\/04\/Portadas-Paginas-web-2026-04-29T122921.454.png 2049w, https:\/\/revistaacropolis.com\/wp-content\/uploads\/2026\/04\/Portadas-Paginas-web-2026-04-29T122921.454-300x169.png 300w, https:\/\/revistaacropolis.com\/wp-content\/uploads\/2026\/04\/Portadas-Paginas-web-2026-04-29T122921.454-1024x576.png 1024w, https:\/\/revistaacropolis.com\/wp-content\/uploads\/2026\/04\/Portadas-Paginas-web-2026-04-29T122921.454-768x432.png 768w, https:\/\/revistaacropolis.com\/wp-content\/uploads\/2026\/04\/Portadas-Paginas-web-2026-04-29T122921.454-1536x864.png 1536w, https:\/\/revistaacropolis.com\/wp-content\/uploads\/2026\/04\/Portadas-Paginas-web-2026-04-29T122921.454-600x337.png 600w\" sizes=\"(max-width: 2049px) 100vw, 2049px\" \/><\/a><\/figure><\/div>\n\n\n\n<div class=\"wp-block-column is-vertically-aligned-center has-small-font-size is-layout-flow wp-block-column-is-layout-flow\" style=\"flex-basis:75%\"><h2 class=\"wp-block-post-title has-small-font-size\"><a href=\"https:\/\/revistaacropolis.com\/index.php\/jorge-reyes-entrega-la-cuenta-publica-2025-de-pachuca-ante-el-congreso-de-hidalgo\/politica\/\" target=\"_self\" >Jorge Reyes entrega la Cuenta P\u00fablica 2025 de Pachuca ante el Congreso de Hidalgo<\/a><\/h2><\/div>\n<\/div>\n\n<\/li><\/ul><\/div>\n\n\n\n<p><strong>DatoAcro<\/strong><\/p>\n\n\n\n<p>-La secretaria record\u00f3 que en el \u00e1mbito estatal tambi\u00e9n est\u00e1 mandatado que la titular de Instituto Hidalguense de la Mujer, que actualmente encabeza Bertha Miranda, sea electa por terna, lo cual no ha ocurrido.<\/p>\n","protected":false},"excerpt":{"rendered":"<p>Por mayor\u00eda, el Cabildo de Pachuca aprob\u00f3 que la elecci\u00f3n de la titular de la Secretar\u00eda de las Mujeres del municipio se lleve a cabo a trav\u00e9s de la presentaci\u00f3n&hellip; <\/p>\n","protected":false},"author":4,"featured_media":4506,"comment_status":"closed","ping_status":"closed","sticky":false,"template":"","format":"standard","meta":{"two_page_speed":[],"_joinchat":[],"footnotes":""},"categories":[1],"tags":[1211,91,1212],"class_list":["post-4501","post","type-post","status-publish","format-standard","has-post-thumbnail","hentry","category-politica","tag-mujeres","tag-pachuca","tag-terna"],"_links":{"self":[{"href":"https:\/\/revistaacropolis.com\/index.php\/wp-json\/wp\/v2\/posts\/4501","targetHints":{"allow":["GET"]}}],"collection":[{"href":"https:\/\/revistaacropolis.com\/index.php\/wp-json\/wp\/v2\/posts"}],"about":[{"href":"https:\/\/revistaacropolis.com\/index.php\/wp-json\/wp\/v2\/types\/post"}],"author":[{"embeddable":true,"href":"https:\/\/revistaacropolis.com\/index.php\/wp-json\/wp\/v2\/users\/4"}],"replies":[{"embeddable":true,"href":"https:\/\/revistaacropolis.com\/index.php\/wp-json\/wp\/v2\/comments?post=4501"}],"version-history":[{"count":2,"href":"https:\/\/revistaacropolis.com\/index.php\/wp-json\/wp\/v2\/posts\/4501\/revisions"}],"predecessor-version":[{"id":4505,"href":"https:\/\/revistaacropolis.com\/index.php\/wp-json\/wp\/v2\/posts\/4501\/revisions\/4505"}],"wp:featuredmedia":[{"embeddable":true,"href":"https:\/\/revistaacropolis.com\/index.php\/wp-json\/wp\/v2\/media\/4506"}],"wp:attachment":[{"href":"https:\/\/revistaacropolis.com\/index.php\/wp-json\/wp\/v2\/media?parent=4501"}],"wp:term":[{"taxonomy":"category","embeddable":true,"href":"https:\/\/revistaacropolis.com\/index.php\/wp-json\/wp\/v2\/categories?post=4501"},{"taxonomy":"post_tag","embeddable":true,"href":"https:\/\/revistaacropolis.com\/index.php\/wp-json\/wp\/v2\/tags?post=4501"}],"curies":[{"name":"wp","href":"https:\/\/api.w.org\/{rel}","templated":true}]}}