{"id":4540,"date":"2023-05-27T01:29:56","date_gmt":"2023-05-27T01:29:56","guid":{"rendered":"https:\/\/revistaacropolis.com\/?p=4540"},"modified":"2023-05-27T01:50:13","modified_gmt":"2023-05-27T01:50:13","slug":"se-capacitan-41-comercios-de-pachuca-en-derechos-humanos-y-diversidad-sexual","status":"publish","type":"post","link":"https:\/\/revistaacropolis.com\/index.php\/se-capacitan-41-comercios-de-pachuca-en-derechos-humanos-y-diversidad-sexual\/politica\/","title":{"rendered":"Se capacitan 41 comercios de Pachuca en derechos humanos y diversidad sexual"},"content":{"rendered":"\n<p>Un total de <strong>41 establecimientos de Pachuca han completado un curso en derechos humanos y diversidad sexual, denominado Ruta Queer,<\/strong> informaron integrantes de la comunidad LGBT+.<\/p>\n\n\n\n<p>Durante la segunda conferencia para dar a conocer<strong> actividades de la XXIII Marcha del Orgullo LGBTTTIQ+,<\/strong> que se llevar\u00e1 el 3 de junio en las calles de la capital, <strong>el presidente de la organizaci\u00f3n Quorum, Arlan Cruz Olvera, dijo que est\u00e1n promoviendo que las capacitaciones se realice a trav\u00e9s de los colectivos<\/strong> de la diversidad sexual.<\/p>\n\n\n\n<p>Asimismo, dijo que <strong>realizar\u00e1n \u201cun espacio en conjunto\u201d con la Comisi\u00f3n de Derechos Humanos de Estado de Hidalgo (CDHEH) para que el curso tenga valor curricular<\/strong>. Agreg\u00f3 que otras instituciones como la Comisi\u00f3n Nacional de Derechos Humanos y el Consejo Nacional Para Prevenir la Discriminaci\u00f3n tambi\u00e9n otorgan estos certificados en l\u00ednea.<\/p>\n\n\n\n<p>Record\u00f3 que <strong>en el Cabildo de Pachuca hay una propuesta para dar descuentos en las licencias de funcionamiento a los establecimientos que tomen ese tipo de capacitaciones<\/strong> (con m\u00f3dulos de 15 a 20 horas).<\/p>\n\n\n\n<blockquote class=\"wp-block-quote is-layout-flow wp-block-quote-is-layout-flow\">\n<p>(La capacitaci\u00f3n) va desde entender la diferencia entre sexo, g\u00e9nero, identidad de g\u00e9nero, expresi\u00f3n de g\u00e9nero. Hay un m\u00f3dulo de atenci\u00f3n al cliente a\u00a0las personas de la diversidad sexogen\u00e9rica; hablamos tambi\u00e9n respecto de diversas situaciones que pueden presentarse (\u2026) hemos visto casos que pasan la cuenta, que te invitan a retirarte, que te mandan al fondo\u2026\u201d, expuso.<\/p>\n<\/blockquote>\n\n\n\n<p>Los negocios que ya se encuentran certificados <strong>corresponde al \u00e1mbito de alimentos, dise\u00f1o, publicidad, belleza y salud, arte y entretenimiento, venta de art\u00edculos y turismo <\/strong>(agencia de viajes), entre otros.<\/p>\n\n\n\n<figure class=\"wp-block-image size-large\"><img fetchpriority=\"high\" decoding=\"async\" width=\"768\" height=\"1024\" src=\"https:\/\/revistaacropolis.com\/wp-content\/uploads\/2023\/05\/WhatsApp-Image-2023-05-26-at-19.49.35-768x1024.jpeg\" alt=\"\" class=\"wp-image-4545\" srcset=\"https:\/\/revistaacropolis.com\/wp-content\/uploads\/2023\/05\/WhatsApp-Image-2023-05-26-at-19.49.35-768x1024.jpeg 768w, https:\/\/revistaacropolis.com\/wp-content\/uploads\/2023\/05\/WhatsApp-Image-2023-05-26-at-19.49.35-225x300.jpeg 225w, https:\/\/revistaacropolis.com\/wp-content\/uploads\/2023\/05\/WhatsApp-Image-2023-05-26-at-19.49.35-1153x1536.jpeg 1153w, https:\/\/revistaacropolis.com\/wp-content\/uploads\/2023\/05\/WhatsApp-Image-2023-05-26-at-19.49.35-450x600.jpeg 450w, https:\/\/revistaacropolis.com\/wp-content\/uploads\/2023\/05\/WhatsApp-Image-2023-05-26-at-19.49.35.jpeg 1200w\" sizes=\"(max-width: 768px) 100vw, 768px\" \/><\/figure>\n\n\n\n<p>Agreg\u00f3 que tambi\u00e9n se encuentran trabajando con laboratorios particulares para descuentos en planes m\u00e9dicos para persona de la diversidad sexual.<\/p>\n\n\n\n<p><strong><em>TAMBI\u00c9N PUEDES LEER:<\/em><\/strong> <a href=\"https:\/\/revistaacropolis.com\/index.php\/inician-queja-vs-regidora-por-discurso-de-odio-contra-lgbt\/politica\/\">https:\/\/revistaacropolis.com\/index.php\/inician-queja-vs-regidora-por-discurso-de-odio-contra-lgbt\/politica\/<\/a><\/p>\n\n\n\n<p>Sobre la queja que ingresaron en la CDHEH <strong>contra la regidora de Pachuca Olivia L\u00f3pez Villagr\u00e1n<\/strong> por <strong>las expresiones que<\/strong>\u00a0realiz\u00f3 en sesi\u00f3n de Cabildo del 18 de mayo respecto de la diversidad sexual, las cuales, acusaron,\u00a0<strong>llaman \u201ca un discurso de odio\u201d, dijo que no han tenido acercamiento con al edil independiente.<\/strong><\/p>\n\n\n\n<p>Dijo que <strong>est\u00e1n abiertos al di\u00e1logo,<\/strong> siempre cuando haya respeto y voluntad de capacitaci\u00f3n.\u00a0De lo contrario, dijo, podr\u00edan actuar penalmente.<\/p>\n\n\n\n<blockquote class=\"wp-block-quote is-layout-flow wp-block-quote-is-layout-flow\">\n<p>Vamos a agotar primero una mesa de acuerdo, de conciliaci\u00f3n. Si la regidora no se presenta despu\u00e9s de que sea notificada por la CDHEH, si no hay di\u00e1logo, dejamos abierta la puerta para abrir una carpeta de investigaci\u00f3n en la procuradur\u00eda en por discriminaci\u00f3n\u201d, expuso.\u00a0<\/p>\n<\/blockquote>\n\n\n\n<h3 class=\"wp-block-heading\"><strong>LLAMAN A DENUNCIAR DISCRIMINACI\u00d3N<\/strong><\/h3>\n\n\n\n<p><strong>Rafael Castel\u00e1n<\/strong> <strong>Mart\u00ednez<\/strong>, director de Servicios de Inclusi\u00f3n Integral y Derechos Humanos A.C. (Seiinac), presidente de Seiinac, <strong>llam\u00f3 a denunciar actos de discriminaci\u00f3n contra integrantes<\/strong> <strong>de la diversidad sexual <\/strong>ante instancias como la CDHEH, el Ministerio P\u00fablico y la plataforma Visible.<\/p>\n\n\n\n<figure class=\"wp-block-pullquote\"><blockquote><p>Que no haya actos de discriminaci\u00f3n en escuelas como el CREN, que recientemente gener\u00f3 una serie de actos de discriminaci\u00f3n contra un estudiante, y que no solo pasa ah\u00ed\u201d, expuso.<\/p><\/blockquote><\/figure>\n\n\n\n<p>En este caso, que se llev\u00f3 a la CDHEH, dijo, se lleg\u00f3 a un acuerdo reparatorio.<\/p>\n\n\n\n<figure class=\"wp-block-image size-large\"><img decoding=\"async\" width=\"1024\" height=\"768\" src=\"https:\/\/revistaacropolis.com\/wp-content\/uploads\/2023\/05\/WhatsApp-Image-2023-05-26-at-16.00.57-1024x768.jpeg\" alt=\"\" class=\"wp-image-4542\" srcset=\"https:\/\/revistaacropolis.com\/wp-content\/uploads\/2023\/05\/WhatsApp-Image-2023-05-26-at-16.00.57-1024x768.jpeg 1024w, https:\/\/revistaacropolis.com\/wp-content\/uploads\/2023\/05\/WhatsApp-Image-2023-05-26-at-16.00.57-300x225.jpeg 300w, https:\/\/revistaacropolis.com\/wp-content\/uploads\/2023\/05\/WhatsApp-Image-2023-05-26-at-16.00.57-768x576.jpeg 768w, https:\/\/revistaacropolis.com\/wp-content\/uploads\/2023\/05\/WhatsApp-Image-2023-05-26-at-16.00.57-600x450.jpeg 600w, https:\/\/revistaacropolis.com\/wp-content\/uploads\/2023\/05\/WhatsApp-Image-2023-05-26-at-16.00.57.jpeg 1280w\" sizes=\"(max-width: 1024px) 100vw, 1024px\" \/><\/figure>\n\n\n\n<p><strong>Karen Quintero<\/strong>, presidenta de la organizaci\u00f3n civil Transg\u00e9nero Hidalgo, <strong>acus\u00f3 al secretario de Desarrollo Econ\u00f3mico de Pachuca, Ricardo Rivera Barqu\u00edn, de intentar bloquear el tianguis de emprendedores <\/strong>que se pondr\u00e1 el d\u00eda de la marcha del 3 de junio, pero indic\u00f3 que \u201cno pudo\u201d.<\/p>\n\n\n\n<figure class=\"wp-block-image size-large\"><img decoding=\"async\" width=\"1024\" height=\"768\" src=\"https:\/\/revistaacropolis.com\/wp-content\/uploads\/2023\/05\/WhatsApp-Image-2023-05-26-at-16.21.09-1024x768.jpeg\" alt=\"\" class=\"wp-image-4543\" srcset=\"https:\/\/revistaacropolis.com\/wp-content\/uploads\/2023\/05\/WhatsApp-Image-2023-05-26-at-16.21.09-1024x768.jpeg 1024w, https:\/\/revistaacropolis.com\/wp-content\/uploads\/2023\/05\/WhatsApp-Image-2023-05-26-at-16.21.09-300x225.jpeg 300w, https:\/\/revistaacropolis.com\/wp-content\/uploads\/2023\/05\/WhatsApp-Image-2023-05-26-at-16.21.09-768x576.jpeg 768w, https:\/\/revistaacropolis.com\/wp-content\/uploads\/2023\/05\/WhatsApp-Image-2023-05-26-at-16.21.09-1536x1152.jpeg 1536w, https:\/\/revistaacropolis.com\/wp-content\/uploads\/2023\/05\/WhatsApp-Image-2023-05-26-at-16.21.09-600x450.jpeg 600w, https:\/\/revistaacropolis.com\/wp-content\/uploads\/2023\/05\/WhatsApp-Image-2023-05-26-at-16.21.09.jpeg 1600w\" sizes=\"(max-width: 1024px) 100vw, 1024px\" \/><\/figure>\n\n\n\n<p>Afirm\u00f3 que el a\u00f1o pasado Rivera Barqu\u00edn tambi\u00e9n pretend\u00eda que la marcha modificara su ruta.<\/p>\n\n\n\n<h3 class=\"wp-block-heading\"><strong>DatoAcro<\/strong><\/h3>\n\n\n\n<p><em>-La marcha contar\u00e1 con un m\u00f3dulo para aplicaci\u00f3n de pruebas de VIH. Tambi\u00e9n pueden acudir a las instalaciones de Seiinac para ello.<\/em><\/p>\n\n\n\n<p><em>-Integrantes de la diversidad sexual tambi\u00e9n colocaron la primera lona publicitaria para una marcha del orgullo LGBT+.<\/em><\/p>\n\n\n\n<p><em>-Informaron que el 3 de junio se presentar\u00e1n 10 artista del movimiento drag.<\/em><\/p>\n","protected":false},"excerpt":{"rendered":"<p>Un total de 41 establecimientos de Pachuca han completado un curso en derechos humanos y diversidad sexual, denominado Ruta Queer, informaron integrantes de la comunidad LGBT+. Durante la segunda conferencia&hellip; <\/p>\n","protected":false},"author":4,"featured_media":4541,"comment_status":"closed","ping_status":"closed","sticky":false,"template":"","format":"standard","meta":{"two_page_speed":[],"_joinchat":[],"footnotes":""},"categories":[1,57],"tags":[1215,1153,404],"class_list":["post-4540","post","type-post","status-publish","format-standard","has-post-thumbnail","hentry","category-politica","category-sociedad","tag-comercios","tag-lgbt-2","tag-marcha"],"_links":{"self":[{"href":"https:\/\/revistaacropolis.com\/index.php\/wp-json\/wp\/v2\/posts\/4540","targetHints":{"allow":["GET"]}}],"collection":[{"href":"https:\/\/revistaacropolis.com\/index.php\/wp-json\/wp\/v2\/posts"}],"about":[{"href":"https:\/\/revistaacropolis.com\/index.php\/wp-json\/wp\/v2\/types\/post"}],"author":[{"embeddable":true,"href":"https:\/\/revistaacropolis.com\/index.php\/wp-json\/wp\/v2\/users\/4"}],"replies":[{"embeddable":true,"href":"https:\/\/revistaacropolis.com\/index.php\/wp-json\/wp\/v2\/comments?post=4540"}],"version-history":[{"count":2,"href":"https:\/\/revistaacropolis.com\/index.php\/wp-json\/wp\/v2\/posts\/4540\/revisions"}],"predecessor-version":[{"id":4547,"href":"https:\/\/revistaacropolis.com\/index.php\/wp-json\/wp\/v2\/posts\/4540\/revisions\/4547"}],"wp:featuredmedia":[{"embeddable":true,"href":"https:\/\/revistaacropolis.com\/index.php\/wp-json\/wp\/v2\/media\/4541"}],"wp:attachment":[{"href":"https:\/\/revistaacropolis.com\/index.php\/wp-json\/wp\/v2\/media?parent=4540"}],"wp:term":[{"taxonomy":"category","embeddable":true,"href":"https:\/\/revistaacropolis.com\/index.php\/wp-json\/wp\/v2\/categories?post=4540"},{"taxonomy":"post_tag","embeddable":true,"href":"https:\/\/revistaacropolis.com\/index.php\/wp-json\/wp\/v2\/tags?post=4540"}],"curies":[{"name":"wp","href":"https:\/\/api.w.org\/{rel}","templated":true}]}}