{"id":4668,"date":"2023-05-31T04:59:05","date_gmt":"2023-05-31T04:59:05","guid":{"rendered":"https:\/\/revistaacropolis.com\/?p=4668"},"modified":"2023-05-31T04:59:29","modified_gmt":"2023-05-31T04:59:29","slug":"afirma-menchaca-que-no-infringio-ley-por-proselitismo-en-edomex-y-coahuila-ejerci-mis-derechos-politicos","status":"publish","type":"post","link":"https:\/\/revistaacropolis.com\/index.php\/afirma-menchaca-que-no-infringio-ley-por-proselitismo-en-edomex-y-coahuila-ejerci-mis-derechos-politicos\/politica\/","title":{"rendered":"Afirma Menchaca que no infringi\u00f3 ley por proselitismo en Edomex y Coahuila: \u201cejerc\u00ed mis derechos pol\u00edticos\u201d"},"content":{"rendered":"\n<p>El gobernador <strong>Julio Menchaca Salazar afirm\u00f3 que su participado en los cierres de las campa\u00f1a morenista en Coahuila y Estado de M\u00e9xico, <\/strong>en los que incluso lo acompa\u00f1\u00f3 parte de su gabinete, el fin de semana pasado, <strong>es parte del ejercicio de sus \u00abderechos pol\u00edticos\u00bb.<\/strong><\/p>\n\n\n\n<p>En entrevista, el mandatario hidalguense dijo que <strong>acudi\u00f3 a respalda los aspirantes de su partido Armando Guadiana Tijerina y Delfina G\u00f3mez \u00c1lvarez, respectivamente, sin infringir la ley, <\/strong>dentro de los l\u00edmites de la misma.<\/p>\n\n\n\n<figure class=\"wp-block-image size-large\"><img fetchpriority=\"high\" decoding=\"async\" width=\"1024\" height=\"682\" src=\"https:\/\/revistaacropolis.com\/wp-content\/uploads\/2023\/05\/WhatsApp-Image-2023-05-30-at-13.47.06-1024x682.jpeg\" alt=\"\" class=\"wp-image-4670\" srcset=\"https:\/\/revistaacropolis.com\/wp-content\/uploads\/2023\/05\/WhatsApp-Image-2023-05-30-at-13.47.06-1024x682.jpeg 1024w, https:\/\/revistaacropolis.com\/wp-content\/uploads\/2023\/05\/WhatsApp-Image-2023-05-30-at-13.47.06-300x200.jpeg 300w, https:\/\/revistaacropolis.com\/wp-content\/uploads\/2023\/05\/WhatsApp-Image-2023-05-30-at-13.47.06-768x512.jpeg 768w, https:\/\/revistaacropolis.com\/wp-content\/uploads\/2023\/05\/WhatsApp-Image-2023-05-30-at-13.47.06-600x400.jpeg 600w, https:\/\/revistaacropolis.com\/wp-content\/uploads\/2023\/05\/WhatsApp-Image-2023-05-30-at-13.47.06.jpeg 1280w\" sizes=\"(max-width: 1024px) 100vw, 1024px\" \/><\/figure>\n\n\n\n<p>Sostuvo que quiz\u00e1 la hegemon\u00eda, dominio y abusos que ejerci\u00f3 un partido, en referencia al Revolucionario Institucional (PRI), provoc\u00f3 que se limitaran las participaciones de los pol\u00edticos en las campa\u00f1as.<\/p>\n\n\n\n<blockquote class=\"wp-block-quote is-layout-flow wp-block-quote-is-layout-flow\">\n<p>Nadie nos puede limitar en nuestras opiniones sociales, pol\u00edticas o de cualquier t\u00edtulo mientras no ofendan, no invadan la privacidad de alguna persona, pues somos como cualquier persona\u201d, dijo.<\/p>\n<\/blockquote>\n\n\n\n<p>El morenista <strong>asegur\u00f3 que no infringi\u00f3 la ley, por lo que no teme a sanciones<\/strong> de organismo electorales.<\/p>\n\n\n\n<p>Menchaca Salazar <strong>sostuvo que \u201cse est\u00e1 llegando a un extremo\u201d<\/strong> para poder manifestar las preferencias electorales en el marco de la ley.<\/p>\n","protected":false},"excerpt":{"rendered":"<p>El gobernador Julio Menchaca Salazar afirm\u00f3 que su participado en los cierres de las campa\u00f1a morenista en Coahuila y Estado de M\u00e9xico, en los que incluso lo acompa\u00f1\u00f3 parte de&hellip; <\/p>\n","protected":false},"author":4,"featured_media":4669,"comment_status":"closed","ping_status":"closed","sticky":false,"template":"","format":"standard","meta":{"two_page_speed":[],"_joinchat":[],"footnotes":""},"categories":[1],"tags":[96,93,50],"class_list":["post-4668","post","type-post","status-publish","format-standard","has-post-thumbnail","hentry","category-politica","tag-edomex","tag-menchaca","tag-morena"],"_links":{"self":[{"href":"https:\/\/revistaacropolis.com\/index.php\/wp-json\/wp\/v2\/posts\/4668","targetHints":{"allow":["GET"]}}],"collection":[{"href":"https:\/\/revistaacropolis.com\/index.php\/wp-json\/wp\/v2\/posts"}],"about":[{"href":"https:\/\/revistaacropolis.com\/index.php\/wp-json\/wp\/v2\/types\/post"}],"author":[{"embeddable":true,"href":"https:\/\/revistaacropolis.com\/index.php\/wp-json\/wp\/v2\/users\/4"}],"replies":[{"embeddable":true,"href":"https:\/\/revistaacropolis.com\/index.php\/wp-json\/wp\/v2\/comments?post=4668"}],"version-history":[{"count":1,"href":"https:\/\/revistaacropolis.com\/index.php\/wp-json\/wp\/v2\/posts\/4668\/revisions"}],"predecessor-version":[{"id":4671,"href":"https:\/\/revistaacropolis.com\/index.php\/wp-json\/wp\/v2\/posts\/4668\/revisions\/4671"}],"wp:featuredmedia":[{"embeddable":true,"href":"https:\/\/revistaacropolis.com\/index.php\/wp-json\/wp\/v2\/media\/4669"}],"wp:attachment":[{"href":"https:\/\/revistaacropolis.com\/index.php\/wp-json\/wp\/v2\/media?parent=4668"}],"wp:term":[{"taxonomy":"category","embeddable":true,"href":"https:\/\/revistaacropolis.com\/index.php\/wp-json\/wp\/v2\/categories?post=4668"},{"taxonomy":"post_tag","embeddable":true,"href":"https:\/\/revistaacropolis.com\/index.php\/wp-json\/wp\/v2\/tags?post=4668"}],"curies":[{"name":"wp","href":"https:\/\/api.w.org\/{rel}","templated":true}]}}