{"id":4793,"date":"2023-06-03T01:23:11","date_gmt":"2023-06-03T01:23:11","guid":{"rendered":"https:\/\/revistaacropolis.com\/?p=4793"},"modified":"2023-06-03T01:25:07","modified_gmt":"2023-06-03T01:25:07","slug":"dice-edil-de-la-reforma-que-no-ha-sido-notificado-de-demanda-por-presunta-agresion-a-sindicalizados","status":"publish","type":"post","link":"https:\/\/revistaacropolis.com\/index.php\/dice-edil-de-la-reforma-que-no-ha-sido-notificado-de-demanda-por-presunta-agresion-a-sindicalizados\/politica\/","title":{"rendered":"Dice edil de La Reforma que no ha sido notificado de demanda por presunta agresi\u00f3n a sindicalizados"},"content":{"rendered":"\n<p>El alcalde de Mineral de la Reforma, <strong>Israel Felix Soto, afirm\u00f3 que no ha sido notificado de la denuncia en su contra por presuntamente haber agredido a miembros del sindicato.<\/strong><\/p>\n\n\n\n<blockquote class=\"wp-block-quote is-layout-flow wp-block-quote-is-layout-flow\">\n<p>Hasta donde tengo entendido no ha procedido\u201d, dijo el presidente municipal del Partido Revolucionario Institucional (PRI).<\/p>\n<\/blockquote>\n\n\n\n<p>Seg\u00fan la demanda, <strong>el 29 de marzo el edil agredi\u00f3 a la l\u00edder del Sindicato \u00danico de Trabajadores al Servicio del\u00a0Municipio\u00a0de\u00a0Mineral de la Reforma\u00a0(SUTSMMR), Matilde Espinosa Bustamante, y Oscar Arce P\u00e9rez, integrante del mismo,<\/strong> por no integrar a sus cercanos en la lista de 103 personas que se sumar\u00e1n al ente gremial.<\/p>\n\n\n\n<p>Al respecto, el exfuncionario de la administraci\u00f3n del exgobernador Omar Fayad Meneses <strong>neg\u00f3 haber pedido meter a sus \u201ccuates\u201d,<\/strong> aunque reconoci\u00f3 que dos personas le solicitaron que pudiera ayudarles para entrar al sindicato, con 18 y 28 a\u00f1os de antig\u00fcedad.<\/p>\n\n\n\n<figure class=\"wp-block-pullquote\"><blockquote><p>Que revisen las listas, revisen los apellidos, ustedes son periodistas, inf\u00f3rmense bien del tema, m\u00e9tanse a investigar qui\u00e9nes est\u00e1n, qui\u00e9nes no est\u00e1n, y ah\u00ed van a poder desvanecer muchas cosas\u201d, expuso.<\/p><\/blockquote><\/figure>\n\n\n\n<p>Sin embargo, <strong>afirm\u00f3 no estar de acuerdo en que el SUTSMMR sindicalice a familiares, \u201ca gente con altos sueldos,<\/strong> a quien lleva un a\u00f1o de trabajo, a quien lleva a\u00f1o y medio\u201d.<\/p>\n\n\n\n<figure class=\"wp-block-pullquote\"><blockquote><p>Est\u00e1 en sus derechos, y se los permite la ley, pero tambi\u00e9n hay gente que lleva muchos a\u00f1os trabajando en el municipio y que no ha sido tomada en cuenta para una sindicalizaci\u00f3n; gente que por una fractura en una mano ya no la quieren recibir en el sindicato, que porque ya no sirven, eso es en lo que no estoy de acuerdo\u201d, sostuvo.<\/p><\/blockquote><\/figure>\n\n\n\n<p>Dijo que <strong>el procedimiento de ingreso al sindicato, cuyo listado dijo desconocer, estuvo \u201cmal hecho\u201d, <\/strong>por lo que el caso se encuentra en el Tribunal de Arbitraje.<\/p>\n\n\n\n<blockquote class=\"wp-block-quote is-layout-flow wp-block-quote-is-layout-flow\">\n<p>Ya las autoridades tendr\u00e1n que tomar la decisi\u00f3n de s\u00ed s\u00ed se sindicalizan, si no se sindicalizan\u201d, expuso.<\/p>\n<\/blockquote>\n\n\n\n<p>Sobre la denuncia laboral por cinco casos de despido injustificados, Felix Soto asever\u00f3 que los trabajadores se quieren sindicalizar \u201cpara ya no trabajo ciertos d\u00edas\u201d u horas extra de trabajo.<\/p>\n\n\n\n<blockquote class=\"wp-block-quote is-layout-flow wp-block-quote-is-layout-flow\">\n<p>\u00a1Ah no, me sindicalizo y ahora s\u00ed, qu\u00e9 creen, yo ya no vengo s\u00e1bados, domingos, d\u00edas festivo, yo ya no hago nada!\u201d, afirm\u00f3.<\/p>\n<\/blockquote>\n\n\n\n<p>Sin embargo,<strong> sostuvo que no fueron despedidos por ese motivo, sino por incumplimiento a su trabajo, pues dijo que actualmente no son sindicalizados reconocidos<\/strong> por su gobierno.<\/p>\n\n\n\n<p>Ellos, sostuvo, pues <strong>el caso todav\u00eda se est\u00e1 dirimiendo en el Tribunal de Arbitraje, <\/strong>el cual determinar\u00e1n si la adhesi\u00f3n es legal o no.<\/p>\n\n\n\n<figure class=\"wp-block-pullquote\"><blockquote><p>Creo que tiene que llegar un momento en que los l\u00edderes tiene que entender que (por la carga sindical) un municipio se muere (\u2026) No queremos ese tipo de trabajadores en el ayuntamiento, queremos que en lugar que diga \u2018ya me sindicalice y no quiero trabajar\u2019, queremos gente que diga \u2018ya me sindicalice porque quiero a mi municipio y voy a trabajar todos los d\u00edas, lo doble\u2019\u201d, asever\u00f3.<\/p><\/blockquote><\/figure>\n\n\n\n<div class=\"wp-block-query is-layout-flow wp-block-query-is-layout-flow\"><ul class=\"wp-block-post-template is-layout-flow wp-block-post-template-is-layout-flow\"><li class=\"wp-block-post post-23409 post type-post status-publish format-standard has-post-thumbnail hentry category-sociedad tag-cecilia-del-rayo-vargas-chacon tag-desayuno-empresarial tag-hidalgo tag-paola-cruz tag-redmuem tag-silvino-lopez-tovar\">\n\n<div class=\"wp-block-columns are-vertically-aligned-center is-layout-flex wp-container-core-columns-is-layout-9d6595d7 wp-block-columns-is-layout-flex\">\n<div class=\"wp-block-column is-vertically-aligned-center is-layout-flow wp-block-column-is-layout-flow\" style=\"flex-basis:25%\"><figure class=\"wp-block-post-featured-image\"><a href=\"https:\/\/revistaacropolis.com\/index.php\/redmuem-hidalgo-fortalece-su-comunidad-empresarial-en-desayuno-exclusivo\/sociedad\/\" target=\"_self\"  ><img fetchpriority=\"high\" decoding=\"async\" width=\"2049\" height=\"1152\" src=\"https:\/\/revistaacropolis.com\/wp-content\/uploads\/2026\/04\/Portadas-Paginas-web-2026-04-30T125532.404.png\" class=\"attachment-post-thumbnail size-post-thumbnail wp-post-image\" alt=\"Redmuem Hidalgo fortalece su comunidad empresarial en desayuno exclusivo\" style=\"object-fit:cover;\" srcset=\"https:\/\/revistaacropolis.com\/wp-content\/uploads\/2026\/04\/Portadas-Paginas-web-2026-04-30T125532.404.png 2049w, https:\/\/revistaacropolis.com\/wp-content\/uploads\/2026\/04\/Portadas-Paginas-web-2026-04-30T125532.404-300x169.png 300w, https:\/\/revistaacropolis.com\/wp-content\/uploads\/2026\/04\/Portadas-Paginas-web-2026-04-30T125532.404-1024x576.png 1024w, https:\/\/revistaacropolis.com\/wp-content\/uploads\/2026\/04\/Portadas-Paginas-web-2026-04-30T125532.404-768x432.png 768w, https:\/\/revistaacropolis.com\/wp-content\/uploads\/2026\/04\/Portadas-Paginas-web-2026-04-30T125532.404-1536x864.png 1536w, https:\/\/revistaacropolis.com\/wp-content\/uploads\/2026\/04\/Portadas-Paginas-web-2026-04-30T125532.404-600x337.png 600w\" sizes=\"(max-width: 2049px) 100vw, 2049px\" \/><\/a><\/figure><\/div>\n\n\n\n<div class=\"wp-block-column is-vertically-aligned-center is-layout-flow wp-block-column-is-layout-flow\" style=\"flex-basis:75%\"><h2 class=\"wp-block-post-title has-small-font-size\"><a href=\"https:\/\/revistaacropolis.com\/index.php\/redmuem-hidalgo-fortalece-su-comunidad-empresarial-en-desayuno-exclusivo\/sociedad\/\" target=\"_self\" >Redmuem Hidalgo fortalece su comunidad empresarial en desayuno exclusivo<\/a><\/h2><\/div>\n<\/div>\n\n<\/li><li class=\"wp-block-post post-23402 post type-post status-publish format-standard has-post-thumbnail hentry category-sociedad tag-cristhian-martinez tag-feria-del-helado-artesanal-2026 tag-hidalgo tag-tula-de-allende tag-turismo\">\n\n<div class=\"wp-block-columns are-vertically-aligned-center is-layout-flex wp-container-core-columns-is-layout-9d6595d7 wp-block-columns-is-layout-flex\">\n<div class=\"wp-block-column is-vertically-aligned-center is-layout-flow wp-block-column-is-layout-flow\" style=\"flex-basis:25%\"><figure class=\"wp-block-post-featured-image\"><a href=\"https:\/\/revistaacropolis.com\/index.php\/impulsa-cristhian-martinez-el-turismo-la-cultura-y-la-gastronomia-con-la-feria-del-helado-artesanal-2026\/sociedad\/\" target=\"_self\"  ><img decoding=\"async\" width=\"2049\" height=\"1152\" src=\"https:\/\/revistaacropolis.com\/wp-content\/uploads\/2026\/04\/Portadas-Paginas-web-2026-04-29T124657.299.png\" class=\"attachment-post-thumbnail size-post-thumbnail wp-post-image\" alt=\"Impulsa Cristhian Mart\u00ednez el turismo, la cultura y la gastronom\u00eda con la Feria del Helado Artesanal 2026\" style=\"object-fit:cover;\" srcset=\"https:\/\/revistaacropolis.com\/wp-content\/uploads\/2026\/04\/Portadas-Paginas-web-2026-04-29T124657.299.png 2049w, https:\/\/revistaacropolis.com\/wp-content\/uploads\/2026\/04\/Portadas-Paginas-web-2026-04-29T124657.299-300x169.png 300w, https:\/\/revistaacropolis.com\/wp-content\/uploads\/2026\/04\/Portadas-Paginas-web-2026-04-29T124657.299-1024x576.png 1024w, https:\/\/revistaacropolis.com\/wp-content\/uploads\/2026\/04\/Portadas-Paginas-web-2026-04-29T124657.299-768x432.png 768w, https:\/\/revistaacropolis.com\/wp-content\/uploads\/2026\/04\/Portadas-Paginas-web-2026-04-29T124657.299-1536x864.png 1536w, https:\/\/revistaacropolis.com\/wp-content\/uploads\/2026\/04\/Portadas-Paginas-web-2026-04-29T124657.299-600x337.png 600w\" sizes=\"(max-width: 2049px) 100vw, 2049px\" \/><\/a><\/figure><\/div>\n\n\n\n<div class=\"wp-block-column is-vertically-aligned-center is-layout-flow wp-block-column-is-layout-flow\" style=\"flex-basis:75%\"><h2 class=\"wp-block-post-title has-small-font-size\"><a href=\"https:\/\/revistaacropolis.com\/index.php\/impulsa-cristhian-martinez-el-turismo-la-cultura-y-la-gastronomia-con-la-feria-del-helado-artesanal-2026\/sociedad\/\" target=\"_self\" >Impulsa Cristhian Mart\u00ednez el turismo, la cultura y la gastronom\u00eda con la Feria del Helado Artesanal 2026<\/a><\/h2><\/div>\n<\/div>\n\n<\/li><\/ul><\/div>\n\n\n\n<p><strong>DatoAcro<\/strong><\/p>\n\n\n\n<p>-El edil dijo que actualmente est\u00e1n reconocidas como sindicalizadas 256 personas en Mineral de la Reforma.<\/p>\n\n\n\n<p>Acus\u00f3 que personal sindicalizado \u201cse estaban robando las piezas de los camiones\u201d, por lo cual realizan investigaciones.<\/p>\n","protected":false},"excerpt":{"rendered":"<p>El alcalde de Mineral de la Reforma, Israel Felix Soto, afirm\u00f3 que no ha sido notificado de la denuncia en su contra por presuntamente haber agredido a miembros del sindicato.&hellip; <\/p>\n","protected":false},"author":4,"featured_media":4794,"comment_status":"closed","ping_status":"closed","sticky":false,"template":"","format":"standard","meta":{"two_page_speed":[],"_joinchat":[],"footnotes":""},"categories":[1],"tags":[943,410,283],"class_list":["post-4793","post","type-post","status-publish","format-standard","has-post-thumbnail","hentry","category-politica","tag-israel-felix","tag-mineral-de-la-reforma","tag-sindicato"],"_links":{"self":[{"href":"https:\/\/revistaacropolis.com\/index.php\/wp-json\/wp\/v2\/posts\/4793","targetHints":{"allow":["GET"]}}],"collection":[{"href":"https:\/\/revistaacropolis.com\/index.php\/wp-json\/wp\/v2\/posts"}],"about":[{"href":"https:\/\/revistaacropolis.com\/index.php\/wp-json\/wp\/v2\/types\/post"}],"author":[{"embeddable":true,"href":"https:\/\/revistaacropolis.com\/index.php\/wp-json\/wp\/v2\/users\/4"}],"replies":[{"embeddable":true,"href":"https:\/\/revistaacropolis.com\/index.php\/wp-json\/wp\/v2\/comments?post=4793"}],"version-history":[{"count":2,"href":"https:\/\/revistaacropolis.com\/index.php\/wp-json\/wp\/v2\/posts\/4793\/revisions"}],"predecessor-version":[{"id":4797,"href":"https:\/\/revistaacropolis.com\/index.php\/wp-json\/wp\/v2\/posts\/4793\/revisions\/4797"}],"wp:featuredmedia":[{"embeddable":true,"href":"https:\/\/revistaacropolis.com\/index.php\/wp-json\/wp\/v2\/media\/4794"}],"wp:attachment":[{"href":"https:\/\/revistaacropolis.com\/index.php\/wp-json\/wp\/v2\/media?parent=4793"}],"wp:term":[{"taxonomy":"category","embeddable":true,"href":"https:\/\/revistaacropolis.com\/index.php\/wp-json\/wp\/v2\/categories?post=4793"},{"taxonomy":"post_tag","embeddable":true,"href":"https:\/\/revistaacropolis.com\/index.php\/wp-json\/wp\/v2\/tags?post=4793"}],"curies":[{"name":"wp","href":"https:\/\/api.w.org\/{rel}","templated":true}]}}