{"id":4820,"date":"2023-06-05T20:57:07","date_gmt":"2023-06-05T20:57:07","guid":{"rendered":"https:\/\/revistaacropolis.com\/?p=4820"},"modified":"2023-06-05T20:57:10","modified_gmt":"2023-06-05T20:57:10","slug":"gobierno-estatal-apoyara-a-municipios-para-actualizar-atlas-de-riesgo-planeacion-senala-ilegalidad-en-fraccionamientos","status":"publish","type":"post","link":"https:\/\/revistaacropolis.com\/index.php\/gobierno-estatal-apoyara-a-municipios-para-actualizar-atlas-de-riesgo-planeacion-senala-ilegalidad-en-fraccionamientos\/politica\/","title":{"rendered":"Gobierno estatal apoyar\u00e1 a municipios para actualizar Atlas de Riesgo: Planeaci\u00f3n; se\u00f1ala ilegalidad en fraccionamientos"},"content":{"rendered":"\n<p>El gobierno de <strong>Hidalgo apoyar\u00e1 a las administraciones municipales para la actualizaci\u00f3n de los Atlas de riesgo,<\/strong> inform\u00f3 Miguel \u00c1ngel Tello Vargas, titular de la Unidad de Planeaci\u00f3n y Prospectiva.<\/p>\n\n\n\n<p>Indic\u00f3 que <strong>alrededor de 70 de los 84 municipios de la entidad no tienen este documento actualizado.<\/strong> Por ello, dijo, la administraci\u00f3n estatal destinar\u00e1 recursos econ\u00f3micos y otorgar\u00e1 asesoramiento t\u00e9cnico para ayudar a los gobiernos locales.<\/p>\n\n\n\n<figure class=\"wp-block-pullquote\"><blockquote><p>Ya tenemos en revisi\u00f3n de la direcci\u00f3n jur\u00eddica el tipo de convenio para llevar a cabo con los municipios y lo vamos a hacer en dos etapas. El estado va a ayudar a los municipios a sacar adelante los Atlas de Riesgo. Lo vemos indispensable para una buena planeaci\u00f3n\u201d, refiri\u00f3 en entrevista con medios de comunicaci\u00f3n.<\/p><\/blockquote><\/figure>\n\n\n\n<p>Tello Vargas se\u00f1al\u00f3 que <strong>\u201cdurante muchos a\u00f1os\u201d los gobiernos municipales y el estatal han otorgado permisos para la construcci\u00f3n de fraccionamientos en zonas que son susceptibles de inundaciones,<\/strong> lo cual, consider\u00f3, se pudo haber evitado de haber contado con Atlas de Riesgo.<\/p>\n\n\n\n<figure class=\"wp-block-pullquote\"><blockquote><p>De manera irresponsable, tanto los fraccionadores como los municipios no generaron los servicios b\u00e1sicos para este tipo de fraccionamientos, porque adem\u00e1s no existe la capacidad para poder dar servicio a todas esas zonas. Adem\u00e1s de que la infraestructura hidr\u00e1ulica que se tiene en toda esa regi\u00f3n (sur de la entidad) es de muy mala calidad. En pocas palabras hubo una muy mala planeaci\u00f3n\u201d, se\u00f1al\u00f3.<\/p><\/blockquote><\/figure>\n\n\n\n<p>Indic\u00f3 que <strong>la zona sur de Pachuca, en su mayor\u00eda, era considerada como territorio de uso agr\u00edcola <\/strong>y que se autorizaron cambios de <strong>uso de suelo de manera \u201cirregular\u201d.<\/strong><\/p>\n\n\n\n<blockquote class=\"wp-block-quote is-layout-flow wp-block-quote-is-layout-flow\">\n<p>Entonces, yo creo que hubo irregularidades e ilegalidades, que son responsabilidades de los presidentes municipales, el darles seguimiento a las denuncias que se pueden dar por los cambios de uso de suelo, en caso de que hubiera un plan de desarrollo urbano. Pero s\u00ed es demasiado triste ver las condiciones en las que est\u00e1n los fraccionamientos\u201d, mencion\u00f3.<\/p>\n<\/blockquote>\n\n\n\n<p>El integrante del gabinete del gobernador, Julio Menchaca Salazar indic\u00f3 que, a trav\u00e9s de quejas ciudadanas, <strong>han detectado que las principales problem\u00e1ticas de estas zonas habitacionales son la falta de drenes pluviales,<\/strong> infraestructura hidr\u00e1ulica, reencarpetamiento, zonas verdes, entre otras. Asimismo, estim\u00f3 que aproximadamente el 60 por ciento de los fraccionamientos no fueron recepcionados por el municipio.<\/p>\n\n\n\n<div class=\"wp-block-query is-layout-flow wp-block-query-is-layout-flow\"><ul class=\"wp-block-post-template is-layout-flow wp-block-post-template-is-layout-flow\"><li class=\"wp-block-post post-23409 post type-post status-publish format-standard has-post-thumbnail hentry category-sociedad tag-cecilia-del-rayo-vargas-chacon tag-desayuno-empresarial tag-hidalgo tag-paola-cruz tag-redmuem tag-silvino-lopez-tovar\">\n\n<div class=\"wp-block-columns are-vertically-aligned-center is-layout-flex wp-container-core-columns-is-layout-9d6595d7 wp-block-columns-is-layout-flex\">\n<div class=\"wp-block-column is-vertically-aligned-center is-layout-flow wp-block-column-is-layout-flow\" style=\"flex-basis:25%\"><figure class=\"wp-block-post-featured-image\"><a href=\"https:\/\/revistaacropolis.com\/index.php\/redmuem-hidalgo-fortalece-su-comunidad-empresarial-en-desayuno-exclusivo\/sociedad\/\" target=\"_self\"  ><img fetchpriority=\"high\" decoding=\"async\" width=\"2049\" height=\"1152\" src=\"https:\/\/revistaacropolis.com\/wp-content\/uploads\/2026\/04\/Portadas-Paginas-web-2026-04-30T125532.404.png\" class=\"attachment-post-thumbnail size-post-thumbnail wp-post-image\" alt=\"Redmuem Hidalgo fortalece su comunidad empresarial en desayuno exclusivo\" style=\"object-fit:cover;\" srcset=\"https:\/\/revistaacropolis.com\/wp-content\/uploads\/2026\/04\/Portadas-Paginas-web-2026-04-30T125532.404.png 2049w, https:\/\/revistaacropolis.com\/wp-content\/uploads\/2026\/04\/Portadas-Paginas-web-2026-04-30T125532.404-300x169.png 300w, https:\/\/revistaacropolis.com\/wp-content\/uploads\/2026\/04\/Portadas-Paginas-web-2026-04-30T125532.404-1024x576.png 1024w, https:\/\/revistaacropolis.com\/wp-content\/uploads\/2026\/04\/Portadas-Paginas-web-2026-04-30T125532.404-768x432.png 768w, https:\/\/revistaacropolis.com\/wp-content\/uploads\/2026\/04\/Portadas-Paginas-web-2026-04-30T125532.404-1536x864.png 1536w, https:\/\/revistaacropolis.com\/wp-content\/uploads\/2026\/04\/Portadas-Paginas-web-2026-04-30T125532.404-600x337.png 600w\" sizes=\"(max-width: 2049px) 100vw, 2049px\" \/><\/a><\/figure><\/div>\n\n\n\n<div class=\"wp-block-column is-vertically-aligned-center is-layout-flow wp-block-column-is-layout-flow\" style=\"flex-basis:75%\"><h2 class=\"wp-block-post-title has-small-font-size\"><a href=\"https:\/\/revistaacropolis.com\/index.php\/redmuem-hidalgo-fortalece-su-comunidad-empresarial-en-desayuno-exclusivo\/sociedad\/\" target=\"_self\" >Redmuem Hidalgo fortalece su comunidad empresarial en desayuno exclusivo<\/a><\/h2><\/div>\n<\/div>\n\n<\/li><li class=\"wp-block-post post-23402 post type-post status-publish format-standard has-post-thumbnail hentry category-sociedad tag-cristhian-martinez tag-feria-del-helado-artesanal-2026 tag-hidalgo tag-tula-de-allende tag-turismo\">\n\n<div class=\"wp-block-columns are-vertically-aligned-center is-layout-flex wp-container-core-columns-is-layout-9d6595d7 wp-block-columns-is-layout-flex\">\n<div class=\"wp-block-column is-vertically-aligned-center is-layout-flow wp-block-column-is-layout-flow\" style=\"flex-basis:25%\"><figure class=\"wp-block-post-featured-image\"><a href=\"https:\/\/revistaacropolis.com\/index.php\/impulsa-cristhian-martinez-el-turismo-la-cultura-y-la-gastronomia-con-la-feria-del-helado-artesanal-2026\/sociedad\/\" target=\"_self\"  ><img decoding=\"async\" width=\"2049\" height=\"1152\" src=\"https:\/\/revistaacropolis.com\/wp-content\/uploads\/2026\/04\/Portadas-Paginas-web-2026-04-29T124657.299.png\" class=\"attachment-post-thumbnail size-post-thumbnail wp-post-image\" alt=\"Impulsa Cristhian Mart\u00ednez el turismo, la cultura y la gastronom\u00eda con la Feria del Helado Artesanal 2026\" style=\"object-fit:cover;\" srcset=\"https:\/\/revistaacropolis.com\/wp-content\/uploads\/2026\/04\/Portadas-Paginas-web-2026-04-29T124657.299.png 2049w, https:\/\/revistaacropolis.com\/wp-content\/uploads\/2026\/04\/Portadas-Paginas-web-2026-04-29T124657.299-300x169.png 300w, https:\/\/revistaacropolis.com\/wp-content\/uploads\/2026\/04\/Portadas-Paginas-web-2026-04-29T124657.299-1024x576.png 1024w, https:\/\/revistaacropolis.com\/wp-content\/uploads\/2026\/04\/Portadas-Paginas-web-2026-04-29T124657.299-768x432.png 768w, https:\/\/revistaacropolis.com\/wp-content\/uploads\/2026\/04\/Portadas-Paginas-web-2026-04-29T124657.299-1536x864.png 1536w, https:\/\/revistaacropolis.com\/wp-content\/uploads\/2026\/04\/Portadas-Paginas-web-2026-04-29T124657.299-600x337.png 600w\" sizes=\"(max-width: 2049px) 100vw, 2049px\" \/><\/a><\/figure><\/div>\n\n\n\n<div class=\"wp-block-column is-vertically-aligned-center is-layout-flow wp-block-column-is-layout-flow\" style=\"flex-basis:75%\"><h2 class=\"wp-block-post-title has-small-font-size\"><a href=\"https:\/\/revistaacropolis.com\/index.php\/impulsa-cristhian-martinez-el-turismo-la-cultura-y-la-gastronomia-con-la-feria-del-helado-artesanal-2026\/sociedad\/\" target=\"_self\" >Impulsa Cristhian Mart\u00ednez el turismo, la cultura y la gastronom\u00eda con la Feria del Helado Artesanal 2026<\/a><\/h2><\/div>\n<\/div>\n\n<\/li><\/ul><\/div>\n\n\n\n<p>En cuanto al reciente caso de <strong>inconformidad de pobladores de Zapotl\u00e1n que se oponen a la construcci\u00f3n de un fraccionamiento, inform\u00f3 qu\u00e9 hay denuncias en contra de los funcionarios p\u00fablicos estatales que otorgaron los permisos,<\/strong> pues dijo que estos fueron concedidos cinco d\u00edas antes de que concluyera la anterior administraci\u00f3n.<\/p>\n\n\n\n<p>Asimismo, dijo que est\u00e1n revisando que haya disponibilidad suficiente de agua para abastecer al proyecto.<\/p>\n","protected":false},"excerpt":{"rendered":"<p>El gobierno de Hidalgo apoyar\u00e1 a las administraciones municipales para la actualizaci\u00f3n de los Atlas de riesgo, inform\u00f3 Miguel \u00c1ngel Tello Vargas, titular de la Unidad de Planeaci\u00f3n y Prospectiva.&hellip; <\/p>\n","protected":false},"author":9,"featured_media":4821,"comment_status":"closed","ping_status":"closed","sticky":false,"template":"","format":"standard","meta":{"two_page_speed":[],"_joinchat":[],"footnotes":""},"categories":[1],"tags":[1283,1284,601],"class_list":["post-4820","post","type-post","status-publish","format-standard","has-post-thumbnail","hentry","category-politica","tag-atlas-de-riesgo","tag-fraccionamientos-irregulares","tag-municipios"],"_links":{"self":[{"href":"https:\/\/revistaacropolis.com\/index.php\/wp-json\/wp\/v2\/posts\/4820","targetHints":{"allow":["GET"]}}],"collection":[{"href":"https:\/\/revistaacropolis.com\/index.php\/wp-json\/wp\/v2\/posts"}],"about":[{"href":"https:\/\/revistaacropolis.com\/index.php\/wp-json\/wp\/v2\/types\/post"}],"author":[{"embeddable":true,"href":"https:\/\/revistaacropolis.com\/index.php\/wp-json\/wp\/v2\/users\/9"}],"replies":[{"embeddable":true,"href":"https:\/\/revistaacropolis.com\/index.php\/wp-json\/wp\/v2\/comments?post=4820"}],"version-history":[{"count":1,"href":"https:\/\/revistaacropolis.com\/index.php\/wp-json\/wp\/v2\/posts\/4820\/revisions"}],"predecessor-version":[{"id":4822,"href":"https:\/\/revistaacropolis.com\/index.php\/wp-json\/wp\/v2\/posts\/4820\/revisions\/4822"}],"wp:featuredmedia":[{"embeddable":true,"href":"https:\/\/revistaacropolis.com\/index.php\/wp-json\/wp\/v2\/media\/4821"}],"wp:attachment":[{"href":"https:\/\/revistaacropolis.com\/index.php\/wp-json\/wp\/v2\/media?parent=4820"}],"wp:term":[{"taxonomy":"category","embeddable":true,"href":"https:\/\/revistaacropolis.com\/index.php\/wp-json\/wp\/v2\/categories?post=4820"},{"taxonomy":"post_tag","embeddable":true,"href":"https:\/\/revistaacropolis.com\/index.php\/wp-json\/wp\/v2\/tags?post=4820"}],"curies":[{"name":"wp","href":"https:\/\/api.w.org\/{rel}","templated":true}]}}