{"id":4929,"date":"2023-06-08T23:57:05","date_gmt":"2023-06-08T23:57:05","guid":{"rendered":"https:\/\/revistaacropolis.com\/?p=4929"},"modified":"2023-06-08T23:57:27","modified_gmt":"2023-06-08T23:57:27","slug":"cesar-mora-busca-amparo-contra-ficha-roja-de-interpol-y-orden-de-aprehension","status":"publish","type":"post","link":"https:\/\/revistaacropolis.com\/index.php\/cesar-mora-busca-amparo-contra-ficha-roja-de-interpol-y-orden-de-aprehension\/politica\/","title":{"rendered":"C\u00e9sar Mora busca amparo contra ficha roja de Interpol y orden de aprehensi\u00f3n"},"content":{"rendered":"\n<p>C\u00e9sar Rom\u00e1n Mora Vel\u00e1zquez, <strong>excontralor del gobierno de Hidalgo, promovi\u00f3 una demanda de amparo en contra de la ficha roja que emiti\u00f3 la Interpol y la orden de aprehensi\u00f3n que hay para su aprehensi\u00f3n, <\/strong>de acuerdo con informaci\u00f3n del expediente 546\/2023.<\/p>\n\n\n\n<p>Seg\u00fan los autos del juicio, el exfuncionario de la administraci\u00f3n de Omar Fayad Meneses <strong>se\u00f1al\u00f3 como actos reclamados los privativos de la libertad.<\/strong><\/p>\n\n\n\n<p>Asimismo, se ten\u00eda programada para este jueves la audiencia constitucional, en la que se resolver\u00eda de fondo el recurso. No obstante, algunas de las autoridades se\u00f1aladas como responsables, entre ellas la Interpol, no hab\u00edan rendido sus informes justificados. Por lo que el acto fue reprogramado para el pr\u00f3ximo 7 de julio.<\/p>\n\n\n\n<p>El 5 de abril pasado se dio a conocer que <strong>la Fiscal\u00eda General de la Rep\u00fablica (FGR) solicit\u00f3 a la Interpol una ficha roja para la aprehensi\u00f3n de Mora Vel\u00e1zquez, acusado del delito de amenazas.<\/strong><\/p>\n\n\n\n<p>La petici\u00f3n fue emitida por Francisco Jaime Hidalgo Gonz\u00e1lez, subprocurador Jur\u00eddico y de Derechos Humanos de la Procuradur\u00eda General de Justicia de Hidalgo (PGJH), pues existe una orden de aprehensi\u00f3n librada en su contra por una jueza penal de control de Pachuca, dentro de la causa penal 54\/2023 por su probable responsabilidad en la comisi\u00f3n del delito de amenazas.<\/p>\n\n\n\n<p>De acuerdo con el oficio 000761\/2023, emitido en respuesta por la FGR, <strong>el exfuncionario de Fayad Meneses cuenta con alertas migratorias y una notificaci\u00f3n roja publicada el 15 de marzo de 2023 por la Secretar\u00eda General de la Interpol, bajo el n\u00famero A-2291\/3-2023.<\/strong><\/p>\n\n\n\n<div class=\"wp-block-query is-layout-flow wp-block-query-is-layout-flow\"><ul class=\"wp-block-post-template is-layout-flow wp-block-post-template-is-layout-flow\"><li class=\"wp-block-post post-23409 post type-post status-publish format-standard has-post-thumbnail hentry category-sociedad tag-cecilia-del-rayo-vargas-chacon tag-desayuno-empresarial tag-hidalgo tag-paola-cruz tag-redmuem tag-silvino-lopez-tovar\">\n\n<div class=\"wp-block-columns are-vertically-aligned-center is-layout-flex wp-container-core-columns-is-layout-9d6595d7 wp-block-columns-is-layout-flex\">\n<div class=\"wp-block-column is-vertically-aligned-center is-layout-flow wp-block-column-is-layout-flow\" style=\"flex-basis:25%\"><figure class=\"wp-block-post-featured-image\"><a href=\"https:\/\/revistaacropolis.com\/index.php\/redmuem-hidalgo-fortalece-su-comunidad-empresarial-en-desayuno-exclusivo\/sociedad\/\" target=\"_self\"  ><img fetchpriority=\"high\" decoding=\"async\" width=\"2049\" height=\"1152\" src=\"https:\/\/revistaacropolis.com\/wp-content\/uploads\/2026\/04\/Portadas-Paginas-web-2026-04-30T125532.404.png\" class=\"attachment-post-thumbnail size-post-thumbnail wp-post-image\" alt=\"Redmuem Hidalgo fortalece su comunidad empresarial en desayuno exclusivo\" style=\"object-fit:cover;\" srcset=\"https:\/\/revistaacropolis.com\/wp-content\/uploads\/2026\/04\/Portadas-Paginas-web-2026-04-30T125532.404.png 2049w, https:\/\/revistaacropolis.com\/wp-content\/uploads\/2026\/04\/Portadas-Paginas-web-2026-04-30T125532.404-300x169.png 300w, https:\/\/revistaacropolis.com\/wp-content\/uploads\/2026\/04\/Portadas-Paginas-web-2026-04-30T125532.404-1024x576.png 1024w, https:\/\/revistaacropolis.com\/wp-content\/uploads\/2026\/04\/Portadas-Paginas-web-2026-04-30T125532.404-768x432.png 768w, https:\/\/revistaacropolis.com\/wp-content\/uploads\/2026\/04\/Portadas-Paginas-web-2026-04-30T125532.404-1536x864.png 1536w, https:\/\/revistaacropolis.com\/wp-content\/uploads\/2026\/04\/Portadas-Paginas-web-2026-04-30T125532.404-600x337.png 600w\" sizes=\"(max-width: 2049px) 100vw, 2049px\" \/><\/a><\/figure><\/div>\n\n\n\n<div class=\"wp-block-column is-vertically-aligned-center has-small-font-size is-layout-flow wp-block-column-is-layout-flow\" style=\"flex-basis:75%\"><h2 class=\"wp-block-post-title has-small-font-size\"><a href=\"https:\/\/revistaacropolis.com\/index.php\/redmuem-hidalgo-fortalece-su-comunidad-empresarial-en-desayuno-exclusivo\/sociedad\/\" target=\"_self\" >Redmuem Hidalgo fortalece su comunidad empresarial en desayuno exclusivo<\/a><\/h2><\/div>\n<\/div>\n\n<\/li><li class=\"wp-block-post post-23402 post type-post status-publish format-standard has-post-thumbnail hentry category-sociedad tag-cristhian-martinez tag-feria-del-helado-artesanal-2026 tag-hidalgo tag-tula-de-allende tag-turismo\">\n\n<div class=\"wp-block-columns are-vertically-aligned-center is-layout-flex wp-container-core-columns-is-layout-9d6595d7 wp-block-columns-is-layout-flex\">\n<div class=\"wp-block-column is-vertically-aligned-center is-layout-flow wp-block-column-is-layout-flow\" style=\"flex-basis:25%\"><figure class=\"wp-block-post-featured-image\"><a href=\"https:\/\/revistaacropolis.com\/index.php\/impulsa-cristhian-martinez-el-turismo-la-cultura-y-la-gastronomia-con-la-feria-del-helado-artesanal-2026\/sociedad\/\" target=\"_self\"  ><img decoding=\"async\" width=\"2049\" height=\"1152\" src=\"https:\/\/revistaacropolis.com\/wp-content\/uploads\/2026\/04\/Portadas-Paginas-web-2026-04-29T124657.299.png\" class=\"attachment-post-thumbnail size-post-thumbnail wp-post-image\" alt=\"Impulsa Cristhian Mart\u00ednez el turismo, la cultura y la gastronom\u00eda con la Feria del Helado Artesanal 2026\" style=\"object-fit:cover;\" srcset=\"https:\/\/revistaacropolis.com\/wp-content\/uploads\/2026\/04\/Portadas-Paginas-web-2026-04-29T124657.299.png 2049w, https:\/\/revistaacropolis.com\/wp-content\/uploads\/2026\/04\/Portadas-Paginas-web-2026-04-29T124657.299-300x169.png 300w, https:\/\/revistaacropolis.com\/wp-content\/uploads\/2026\/04\/Portadas-Paginas-web-2026-04-29T124657.299-1024x576.png 1024w, https:\/\/revistaacropolis.com\/wp-content\/uploads\/2026\/04\/Portadas-Paginas-web-2026-04-29T124657.299-768x432.png 768w, https:\/\/revistaacropolis.com\/wp-content\/uploads\/2026\/04\/Portadas-Paginas-web-2026-04-29T124657.299-1536x864.png 1536w, https:\/\/revistaacropolis.com\/wp-content\/uploads\/2026\/04\/Portadas-Paginas-web-2026-04-29T124657.299-600x337.png 600w\" sizes=\"(max-width: 2049px) 100vw, 2049px\" \/><\/a><\/figure><\/div>\n\n\n\n<div class=\"wp-block-column is-vertically-aligned-center has-small-font-size is-layout-flow wp-block-column-is-layout-flow\" style=\"flex-basis:75%\"><h2 class=\"wp-block-post-title has-small-font-size\"><a href=\"https:\/\/revistaacropolis.com\/index.php\/impulsa-cristhian-martinez-el-turismo-la-cultura-y-la-gastronomia-con-la-feria-del-helado-artesanal-2026\/sociedad\/\" target=\"_self\" >Impulsa Cristhian Mart\u00ednez el turismo, la cultura y la gastronom\u00eda con la Feria del Helado Artesanal 2026<\/a><\/h2><\/div>\n<\/div>\n\n<\/li><\/ul><\/div>\n\n\n\n<p>El Instituto Nacional de Migraci\u00f3n (INM) adem\u00e1s comunic\u00f3 a la Direcci\u00f3n General de Asuntos Policiales Internacionales que el \u00faltimo ingreso registrado de Rom\u00e1n Mora al pa\u00eds es del 25 de abril 2021, cuando era secretario de la Contralor\u00eda.<\/p>\n\n\n\n<p>Mora Vel\u00e1zquez <strong>tambi\u00e9n es investigado por la PGJH por su probable responsabilidad en la llamada Estafa Siniestra, esquemas de desv\u00edo de recursos a trav\u00e9s de empresas fachada.<\/strong><\/p>\n","protected":false},"excerpt":{"rendered":"<p>C\u00e9sar Rom\u00e1n Mora Vel\u00e1zquez, excontralor del gobierno de Hidalgo, promovi\u00f3 una demanda de amparo en contra de la ficha roja que emiti\u00f3 la Interpol y la orden de aprehensi\u00f3n que&hellip; <\/p>\n","protected":false},"author":9,"featured_media":4930,"comment_status":"closed","ping_status":"closed","sticky":false,"template":"","format":"standard","meta":{"two_page_speed":[],"_joinchat":[],"footnotes":""},"categories":[1],"tags":[341,267],"class_list":["post-4929","post","type-post","status-publish","format-standard","has-post-thumbnail","hentry","category-politica","tag-amparo","tag-cesar-mora"],"_links":{"self":[{"href":"https:\/\/revistaacropolis.com\/index.php\/wp-json\/wp\/v2\/posts\/4929","targetHints":{"allow":["GET"]}}],"collection":[{"href":"https:\/\/revistaacropolis.com\/index.php\/wp-json\/wp\/v2\/posts"}],"about":[{"href":"https:\/\/revistaacropolis.com\/index.php\/wp-json\/wp\/v2\/types\/post"}],"author":[{"embeddable":true,"href":"https:\/\/revistaacropolis.com\/index.php\/wp-json\/wp\/v2\/users\/9"}],"replies":[{"embeddable":true,"href":"https:\/\/revistaacropolis.com\/index.php\/wp-json\/wp\/v2\/comments?post=4929"}],"version-history":[{"count":1,"href":"https:\/\/revistaacropolis.com\/index.php\/wp-json\/wp\/v2\/posts\/4929\/revisions"}],"predecessor-version":[{"id":4931,"href":"https:\/\/revistaacropolis.com\/index.php\/wp-json\/wp\/v2\/posts\/4929\/revisions\/4931"}],"wp:featuredmedia":[{"embeddable":true,"href":"https:\/\/revistaacropolis.com\/index.php\/wp-json\/wp\/v2\/media\/4930"}],"wp:attachment":[{"href":"https:\/\/revistaacropolis.com\/index.php\/wp-json\/wp\/v2\/media?parent=4929"}],"wp:term":[{"taxonomy":"category","embeddable":true,"href":"https:\/\/revistaacropolis.com\/index.php\/wp-json\/wp\/v2\/categories?post=4929"},{"taxonomy":"post_tag","embeddable":true,"href":"https:\/\/revistaacropolis.com\/index.php\/wp-json\/wp\/v2\/tags?post=4929"}],"curies":[{"name":"wp","href":"https:\/\/api.w.org\/{rel}","templated":true}]}}