{"id":4964,"date":"2023-06-09T21:45:42","date_gmt":"2023-06-09T21:45:42","guid":{"rendered":"https:\/\/revistaacropolis.com\/?p=4964"},"modified":"2023-06-09T21:45:47","modified_gmt":"2023-06-09T21:45:47","slug":"en-menos-de-50-asistencia-de-menores-a-caic-de-tizayuca-ante-escenario-de-violencia-a-transportistas","status":"publish","type":"post","link":"https:\/\/revistaacropolis.com\/index.php\/en-menos-de-50-asistencia-de-menores-a-caic-de-tizayuca-ante-escenario-de-violencia-a-transportistas\/seguridadyjusticia\/","title":{"rendered":"En menos de 50%, asistencia de menores a CAIC de Tizayuca ante escenario de violencia a transportistas"},"content":{"rendered":"\n<p>Tras el escenario de violencia en Tizayuca por las amenazas contra operadores del transporte p\u00fablico, <strong>Rosa Laura Ponce Bola\u00f1os, coordinadora de los Centros de Atenci\u00f3n Infantil (CAIC), afirm\u00f3 que los tres plantes que se encuentran en el municipio est\u00e1n laborando, aunque algunos padres de familia decidieron no llevar a sus hijos,<\/strong> por lo que la asistencia se ha reducido en m\u00e1s de 50 por ciento.<\/p>\n\n\n\n<figure class=\"wp-block-pullquote\"><blockquote><p>El personal se encuentra laborando en los CAIC y los padres han decidido, por cuidar la integridad de sus hijos, en algunos casos, no llevarlos, porque tambi\u00e9n carecen de trasporte\u201d, expuso<\/p><\/blockquote><\/figure>\n\n\n\n<p>Se\u00f1al\u00f3 que <strong>los espacios no se cierran pese a la baja afluencia de alumnos, pues aunque tengan \u201cuno o dos ni\u00f1os que necesite el servicio, el espacio tiene que estar abierto\u201d.<\/strong><\/p>\n\n\n\n<p>Ponce Bola\u00f1os precis\u00f3 que <strong>la matr\u00edcula de los planteles que se ubican en Tizayuca es de 32 en el del Centro, 68 en el de H\u00e9roes de\u00a0Tizayuca y 23 en el de Fraccionamiento\u00a0Fuentes\u00a0de\u00a0Tizayuca.<\/strong><\/p>\n\n\n\n<p>La presidenta del Sistema DIF estatal, Edda Vite Ramos, a\u00f1adi\u00f3 que los servicios en <strong>los centros de atenci\u00f3n siguen abiertos, pues las madres de familias \u201ctiene que seguir trabajando\u201d.<\/strong><\/p>\n\n\n\n<p>Debido a la falta de transporte y a las agresiones a los operadores, que han dejado un chofer asesinado, las clases en las escuelas de Tizayuca fueron suspendidas durante parte de la semana.<\/p>\n\n\n\n<div class=\"wp-block-query is-layout-flow wp-block-query-is-layout-flow\"><ul class=\"wp-block-post-template is-layout-flow wp-block-post-template-is-layout-flow\"><li class=\"wp-block-post post-23409 post type-post status-publish format-standard has-post-thumbnail hentry category-sociedad tag-cecilia-del-rayo-vargas-chacon tag-desayuno-empresarial tag-hidalgo tag-paola-cruz tag-redmuem tag-silvino-lopez-tovar\">\n\n<div class=\"wp-block-columns are-vertically-aligned-center is-layout-flex wp-container-core-columns-is-layout-9d6595d7 wp-block-columns-is-layout-flex\">\n<div class=\"wp-block-column is-vertically-aligned-center is-layout-flow wp-block-column-is-layout-flow\" style=\"flex-basis:25%\"><figure class=\"wp-block-post-featured-image\"><a href=\"https:\/\/revistaacropolis.com\/index.php\/redmuem-hidalgo-fortalece-su-comunidad-empresarial-en-desayuno-exclusivo\/sociedad\/\" target=\"_self\"  ><img fetchpriority=\"high\" decoding=\"async\" width=\"2049\" height=\"1152\" src=\"https:\/\/revistaacropolis.com\/wp-content\/uploads\/2026\/04\/Portadas-Paginas-web-2026-04-30T125532.404.png\" class=\"attachment-post-thumbnail size-post-thumbnail wp-post-image\" alt=\"Redmuem Hidalgo fortalece su comunidad empresarial en desayuno exclusivo\" style=\"object-fit:cover;\" srcset=\"https:\/\/revistaacropolis.com\/wp-content\/uploads\/2026\/04\/Portadas-Paginas-web-2026-04-30T125532.404.png 2049w, https:\/\/revistaacropolis.com\/wp-content\/uploads\/2026\/04\/Portadas-Paginas-web-2026-04-30T125532.404-300x169.png 300w, https:\/\/revistaacropolis.com\/wp-content\/uploads\/2026\/04\/Portadas-Paginas-web-2026-04-30T125532.404-1024x576.png 1024w, https:\/\/revistaacropolis.com\/wp-content\/uploads\/2026\/04\/Portadas-Paginas-web-2026-04-30T125532.404-768x432.png 768w, https:\/\/revistaacropolis.com\/wp-content\/uploads\/2026\/04\/Portadas-Paginas-web-2026-04-30T125532.404-1536x864.png 1536w, https:\/\/revistaacropolis.com\/wp-content\/uploads\/2026\/04\/Portadas-Paginas-web-2026-04-30T125532.404-600x337.png 600w\" sizes=\"(max-width: 2049px) 100vw, 2049px\" \/><\/a><\/figure><\/div>\n\n\n\n<div class=\"wp-block-column is-vertically-aligned-center is-layout-flow wp-block-column-is-layout-flow\" style=\"flex-basis:75%\"><h2 class=\"wp-block-post-title has-small-font-size\"><a href=\"https:\/\/revistaacropolis.com\/index.php\/redmuem-hidalgo-fortalece-su-comunidad-empresarial-en-desayuno-exclusivo\/sociedad\/\" target=\"_self\" >Redmuem Hidalgo fortalece su comunidad empresarial en desayuno exclusivo<\/a><\/h2><\/div>\n<\/div>\n\n<\/li><li class=\"wp-block-post post-23402 post type-post status-publish format-standard has-post-thumbnail hentry category-sociedad tag-cristhian-martinez tag-feria-del-helado-artesanal-2026 tag-hidalgo tag-tula-de-allende tag-turismo\">\n\n<div class=\"wp-block-columns are-vertically-aligned-center is-layout-flex wp-container-core-columns-is-layout-9d6595d7 wp-block-columns-is-layout-flex\">\n<div class=\"wp-block-column is-vertically-aligned-center is-layout-flow wp-block-column-is-layout-flow\" style=\"flex-basis:25%\"><figure class=\"wp-block-post-featured-image\"><a href=\"https:\/\/revistaacropolis.com\/index.php\/impulsa-cristhian-martinez-el-turismo-la-cultura-y-la-gastronomia-con-la-feria-del-helado-artesanal-2026\/sociedad\/\" target=\"_self\"  ><img decoding=\"async\" width=\"2049\" height=\"1152\" src=\"https:\/\/revistaacropolis.com\/wp-content\/uploads\/2026\/04\/Portadas-Paginas-web-2026-04-29T124657.299.png\" class=\"attachment-post-thumbnail size-post-thumbnail wp-post-image\" alt=\"Impulsa Cristhian Mart\u00ednez el turismo, la cultura y la gastronom\u00eda con la Feria del Helado Artesanal 2026\" style=\"object-fit:cover;\" srcset=\"https:\/\/revistaacropolis.com\/wp-content\/uploads\/2026\/04\/Portadas-Paginas-web-2026-04-29T124657.299.png 2049w, https:\/\/revistaacropolis.com\/wp-content\/uploads\/2026\/04\/Portadas-Paginas-web-2026-04-29T124657.299-300x169.png 300w, https:\/\/revistaacropolis.com\/wp-content\/uploads\/2026\/04\/Portadas-Paginas-web-2026-04-29T124657.299-1024x576.png 1024w, https:\/\/revistaacropolis.com\/wp-content\/uploads\/2026\/04\/Portadas-Paginas-web-2026-04-29T124657.299-768x432.png 768w, https:\/\/revistaacropolis.com\/wp-content\/uploads\/2026\/04\/Portadas-Paginas-web-2026-04-29T124657.299-1536x864.png 1536w, https:\/\/revistaacropolis.com\/wp-content\/uploads\/2026\/04\/Portadas-Paginas-web-2026-04-29T124657.299-600x337.png 600w\" sizes=\"(max-width: 2049px) 100vw, 2049px\" \/><\/a><\/figure><\/div>\n\n\n\n<div class=\"wp-block-column is-vertically-aligned-center is-layout-flow wp-block-column-is-layout-flow\" style=\"flex-basis:75%\"><h2 class=\"wp-block-post-title has-small-font-size\"><a href=\"https:\/\/revistaacropolis.com\/index.php\/impulsa-cristhian-martinez-el-turismo-la-cultura-y-la-gastronomia-con-la-feria-del-helado-artesanal-2026\/sociedad\/\" target=\"_self\" >Impulsa Cristhian Mart\u00ednez el turismo, la cultura y la gastronom\u00eda con la Feria del Helado Artesanal 2026<\/a><\/h2><\/div>\n<\/div>\n\n<\/li><\/ul><\/div>\n\n\n\n<p><strong>DatoAcro<br><\/strong>Debido a la falta de transporte y a las agresiones a los operadores, que han dejado un chofer asesinado, las clases en las escuelas de Tizayuca fueron suspendidas durante parte de la semana.<\/p>\n","protected":false},"excerpt":{"rendered":"<p>Tras el escenario de violencia en Tizayuca por las amenazas contra operadores del transporte p\u00fablico, Rosa Laura Ponce Bola\u00f1os, coordinadora de los Centros de Atenci\u00f3n Infantil (CAIC), afirm\u00f3 que los&hellip; <\/p>\n","protected":false},"author":4,"featured_media":4965,"comment_status":"closed","ping_status":"closed","sticky":false,"template":"","format":"standard","meta":{"two_page_speed":[],"_joinchat":[],"footnotes":""},"categories":[1078],"tags":[1322,1323,631],"class_list":["post-4964","post","type-post","status-publish","format-standard","has-post-thumbnail","hentry","category-seguridadyjusticia","tag-caic","tag-difh","tag-tizayuca"],"_links":{"self":[{"href":"https:\/\/revistaacropolis.com\/index.php\/wp-json\/wp\/v2\/posts\/4964","targetHints":{"allow":["GET"]}}],"collection":[{"href":"https:\/\/revistaacropolis.com\/index.php\/wp-json\/wp\/v2\/posts"}],"about":[{"href":"https:\/\/revistaacropolis.com\/index.php\/wp-json\/wp\/v2\/types\/post"}],"author":[{"embeddable":true,"href":"https:\/\/revistaacropolis.com\/index.php\/wp-json\/wp\/v2\/users\/4"}],"replies":[{"embeddable":true,"href":"https:\/\/revistaacropolis.com\/index.php\/wp-json\/wp\/v2\/comments?post=4964"}],"version-history":[{"count":1,"href":"https:\/\/revistaacropolis.com\/index.php\/wp-json\/wp\/v2\/posts\/4964\/revisions"}],"predecessor-version":[{"id":4966,"href":"https:\/\/revistaacropolis.com\/index.php\/wp-json\/wp\/v2\/posts\/4964\/revisions\/4966"}],"wp:featuredmedia":[{"embeddable":true,"href":"https:\/\/revistaacropolis.com\/index.php\/wp-json\/wp\/v2\/media\/4965"}],"wp:attachment":[{"href":"https:\/\/revistaacropolis.com\/index.php\/wp-json\/wp\/v2\/media?parent=4964"}],"wp:term":[{"taxonomy":"category","embeddable":true,"href":"https:\/\/revistaacropolis.com\/index.php\/wp-json\/wp\/v2\/categories?post=4964"},{"taxonomy":"post_tag","embeddable":true,"href":"https:\/\/revistaacropolis.com\/index.php\/wp-json\/wp\/v2\/tags?post=4964"}],"curies":[{"name":"wp","href":"https:\/\/api.w.org\/{rel}","templated":true}]}}