{"id":5006,"date":"2023-06-11T01:59:38","date_gmt":"2023-06-11T01:59:38","guid":{"rendered":"https:\/\/revistaacropolis.com\/?p=5006"},"modified":"2023-06-11T01:59:40","modified_gmt":"2023-06-11T01:59:40","slug":"amlo-anuncia-programas-e-inversiones-para-hidalgo","status":"publish","type":"post","link":"https:\/\/revistaacropolis.com\/index.php\/amlo-anuncia-programas-e-inversiones-para-hidalgo\/politica\/","title":{"rendered":"AMLO anuncia programas e inversiones para Hidalgo"},"content":{"rendered":"\n<p>Andr\u00e9s Manuel L\u00f3pez Obrador, presidente de M\u00e9xico, hizo diversas promesas durante su visita a Hidalgo, entre ellas la cobertura de internet en la regi\u00f3n de la huasteca, pensi\u00f3n para personas con discapacidad, entre otras.<\/p>\n\n\n\n<p>En su discurso, durante su visita a Huejutla, el mandatario federal anunci\u00f3 que instalar\u00e1n 10 mil antenas de internet y fibra \u00f3ptica, que funcionar\u00e1n con la infraestructura de la Comisi\u00f3n Federal de Electricidad (CFE).<\/p>\n\n\n\n<p>Tambi\u00e9n reiter\u00f3 que pondr\u00e1n en marcha un programa de pensiones para personas con discapacidad de 29 a 64 a\u00f1os de edad, lo cual, record\u00f3, la mitad del presupuesto lo aportar\u00e1 la federaci\u00f3n y la otra el gobierno estatal, como ya lo hab\u00eda adelantado en su visita a Metztitl\u00e1n.<\/p>\n\n\n\n<p>L\u00f3pez Obrador anunci\u00f3 tambi\u00e9n que ampliar\u00e1n&nbsp;la carretera Pachuca-Zacualtip\u00e1n y adelant\u00f3 que posteriormente analizar\u00e1n un proyecto de los 112 kil\u00f3metros faltantes de Zacualtip\u00e1n hasta Huejutla.<\/p>\n\n\n\n<p>Por su parte, Julio Menchaca Salazar, gobernador de Hidalgo, inform\u00f3 que este a\u00f1o su administraci\u00f3n etiquet\u00f3 m\u00e1s de 2 mil 100 millones de pesos para programas sociales que se complementan los programas federales, entre ellos la pensi\u00f3n para personas con discapacidad.<\/p>\n","protected":false},"excerpt":{"rendered":"<p>Andr\u00e9s Manuel L\u00f3pez Obrador, presidente de M\u00e9xico, hizo diversas promesas durante su visita a Hidalgo, entre ellas la cobertura de internet en la regi\u00f3n de la huasteca, pensi\u00f3n para personas&hellip; <\/p>\n","protected":false},"author":4,"featured_media":5007,"comment_status":"closed","ping_status":"closed","sticky":false,"template":"","format":"standard","meta":{"two_page_speed":[],"_joinchat":[],"footnotes":""},"categories":[1],"tags":[46,1297,89,376,1298],"class_list":["post-5006","post","type-post","status-publish","format-standard","has-post-thumbnail","hentry","category-politica","tag-amlo","tag-andres-manuel-lopez-obrador","tag-hidalgo","tag-huasteca","tag-visita"],"_links":{"self":[{"href":"https:\/\/revistaacropolis.com\/index.php\/wp-json\/wp\/v2\/posts\/5006","targetHints":{"allow":["GET"]}}],"collection":[{"href":"https:\/\/revistaacropolis.com\/index.php\/wp-json\/wp\/v2\/posts"}],"about":[{"href":"https:\/\/revistaacropolis.com\/index.php\/wp-json\/wp\/v2\/types\/post"}],"author":[{"embeddable":true,"href":"https:\/\/revistaacropolis.com\/index.php\/wp-json\/wp\/v2\/users\/4"}],"replies":[{"embeddable":true,"href":"https:\/\/revistaacropolis.com\/index.php\/wp-json\/wp\/v2\/comments?post=5006"}],"version-history":[{"count":1,"href":"https:\/\/revistaacropolis.com\/index.php\/wp-json\/wp\/v2\/posts\/5006\/revisions"}],"predecessor-version":[{"id":5008,"href":"https:\/\/revistaacropolis.com\/index.php\/wp-json\/wp\/v2\/posts\/5006\/revisions\/5008"}],"wp:featuredmedia":[{"embeddable":true,"href":"https:\/\/revistaacropolis.com\/index.php\/wp-json\/wp\/v2\/media\/5007"}],"wp:attachment":[{"href":"https:\/\/revistaacropolis.com\/index.php\/wp-json\/wp\/v2\/media?parent=5006"}],"wp:term":[{"taxonomy":"category","embeddable":true,"href":"https:\/\/revistaacropolis.com\/index.php\/wp-json\/wp\/v2\/categories?post=5006"},{"taxonomy":"post_tag","embeddable":true,"href":"https:\/\/revistaacropolis.com\/index.php\/wp-json\/wp\/v2\/tags?post=5006"}],"curies":[{"name":"wp","href":"https:\/\/api.w.org\/{rel}","templated":true}]}}