{"id":5122,"date":"2023-06-13T21:14:15","date_gmt":"2023-06-13T21:14:15","guid":{"rendered":"https:\/\/revistaacropolis.com\/?p=5122"},"modified":"2023-06-13T21:14:22","modified_gmt":"2023-06-13T21:14:22","slug":"localiza-fgr-nuevo-huachitunel-en-cuautepec","status":"publish","type":"post","link":"https:\/\/revistaacropolis.com\/index.php\/localiza-fgr-nuevo-huachitunel-en-cuautepec\/seguridadyjusticia\/","title":{"rendered":"Localiza FGR nuevo huachitunel en Cuautepec"},"content":{"rendered":"\n<p>La Fiscal\u00eda General de la Rep\u00fablica (FGR) en Hidalgo<strong> efectu\u00f3 un cateo Guadalupe Victoria, en Cuautepec de Hinojosa, donde se localiz\u00f3 un t\u00fanel de aproximadamente 20 metros de longitud, por donde pasaba una manguera que conectaba al predio con la toma clandestina<\/strong> de huachicol.<\/p>\n\n\n\n<p>En la actuaci\u00f3n judicial por hechos vinculados con los delitos de sustracci\u00f3n y posesi\u00f3n il\u00edcita de hidrocarburo, elementos de la Polic\u00eda Federal Ministerial de la Agencia de Investigaci\u00f3n Criminal (AIC) y de la Coordinaci\u00f3n de Servicios Periciales <strong>aseguraron 200 metros de manguera de alta presi\u00f3n y aditamentos propios de la sustracci\u00f3n il\u00edcita de combustible.<\/strong><\/p>\n\n\n<blockquote class=\"twitter-tweet\">\n<p lang=\"es\" dir=\"ltr\">LA <a href=\"https:\/\/twitter.com\/hashtag\/FGR?src=hash&amp;ref_src=twsrc%5Etfw\">#FGR<\/a> REALIZA CATEO POR SUSTRACCI\u00d3N DE HIDROCARBURO Y LOCALIZA T\u00daNEL. <a href=\"https:\/\/t.co\/FIyTit1dL3\">https:\/\/t.co\/FIyTit1dL3<\/a> <a href=\"https:\/\/t.co\/yZ7bbVWfc4\">pic.twitter.com\/yZ7bbVWfc4<\/a><\/p>\n<p>\u2014 Hidalgo (@FGR_Hgo) <a href=\"https:\/\/twitter.com\/FGR_Hgo\/status\/1668681488492011531?ref_src=twsrc%5Etfw\">June 13, 2023<\/a><\/p><\/blockquote>\n<p> <script async=\"\" src=\"https:\/\/platform.twitter.com\/widgets.js\" charset=\"utf-8\"><\/script><\/p>\n\n\n<p>Elementos de Petr\u00f3leos Mexicanos (Pemex) efectuaron trabajos de inhabilitaci\u00f3n y encapsulaci\u00f3n de la toma clandestina, mientras que la Guardia Nacional y la Secretar\u00eda de la Defensa Nacional proporcionaron seguridad perimetral.<\/p>\n\n\n\n<p>El inmueble y los objetos asegurados quedaron a disposici\u00f3n del Ministerio P\u00fablico de la Federaci\u00f3n (MPF), quien contin\u00faa con la integraci\u00f3n de la carpeta de investigaci\u00f3n correspondiente, inform\u00f3 la delegaci\u00f3n en Hidalgo de la FGR.<\/p>\n\n\n\n<p><strong>La intervenci\u00f3n deriv\u00f3 de la carpeta de investigaci\u00f3n que el MPF inici\u00f3 por una denuncia interpuesta por personal de Pemex,<\/strong> en la que mencionaron la existencia de dos tomas clandestinas: una, en el kil\u00f3metro 181 500, dentro del poblado Cima de Togo, y la segunda se localiz\u00f3 en el kil\u00f3metro 187 400, dentro del poblado Guadalupe Victoria; ambas, sobre el poliducto Tuxpan -Tula, en Cuautepec de Hinojosa.<\/p>\n\n\n\n<div class=\"wp-block-query is-layout-flow wp-block-query-is-layout-flow\"><ul class=\"wp-block-post-template is-layout-flow wp-block-post-template-is-layout-flow\"><li class=\"wp-block-post post-23409 post type-post status-publish format-standard has-post-thumbnail hentry category-sociedad tag-cecilia-del-rayo-vargas-chacon tag-desayuno-empresarial tag-hidalgo tag-paola-cruz tag-redmuem tag-silvino-lopez-tovar\">\n\n<div class=\"wp-block-columns are-vertically-aligned-center is-layout-flex wp-container-core-columns-is-layout-9d6595d7 wp-block-columns-is-layout-flex\">\n<div class=\"wp-block-column is-vertically-aligned-center is-layout-flow wp-block-column-is-layout-flow\" style=\"flex-basis:25%\"><figure class=\"wp-block-post-featured-image\"><a href=\"https:\/\/revistaacropolis.com\/index.php\/redmuem-hidalgo-fortalece-su-comunidad-empresarial-en-desayuno-exclusivo\/sociedad\/\" target=\"_self\"  ><img fetchpriority=\"high\" decoding=\"async\" width=\"2049\" height=\"1152\" src=\"https:\/\/revistaacropolis.com\/wp-content\/uploads\/2026\/04\/Portadas-Paginas-web-2026-04-30T125532.404.png\" class=\"attachment-post-thumbnail size-post-thumbnail wp-post-image\" alt=\"Redmuem Hidalgo fortalece su comunidad empresarial en desayuno exclusivo\" style=\"object-fit:cover;\" srcset=\"https:\/\/revistaacropolis.com\/wp-content\/uploads\/2026\/04\/Portadas-Paginas-web-2026-04-30T125532.404.png 2049w, https:\/\/revistaacropolis.com\/wp-content\/uploads\/2026\/04\/Portadas-Paginas-web-2026-04-30T125532.404-300x169.png 300w, https:\/\/revistaacropolis.com\/wp-content\/uploads\/2026\/04\/Portadas-Paginas-web-2026-04-30T125532.404-1024x576.png 1024w, https:\/\/revistaacropolis.com\/wp-content\/uploads\/2026\/04\/Portadas-Paginas-web-2026-04-30T125532.404-768x432.png 768w, https:\/\/revistaacropolis.com\/wp-content\/uploads\/2026\/04\/Portadas-Paginas-web-2026-04-30T125532.404-1536x864.png 1536w, https:\/\/revistaacropolis.com\/wp-content\/uploads\/2026\/04\/Portadas-Paginas-web-2026-04-30T125532.404-600x337.png 600w\" sizes=\"(max-width: 2049px) 100vw, 2049px\" \/><\/a><\/figure><\/div>\n\n\n\n<div class=\"wp-block-column is-vertically-aligned-center is-layout-flow wp-block-column-is-layout-flow\" style=\"flex-basis:75%\"><h2 class=\"wp-block-post-title has-small-font-size\"><a href=\"https:\/\/revistaacropolis.com\/index.php\/redmuem-hidalgo-fortalece-su-comunidad-empresarial-en-desayuno-exclusivo\/sociedad\/\" target=\"_self\" >Redmuem Hidalgo fortalece su comunidad empresarial en desayuno exclusivo<\/a><\/h2><\/div>\n<\/div>\n\n<\/li><li class=\"wp-block-post post-23402 post type-post status-publish format-standard has-post-thumbnail hentry category-sociedad tag-cristhian-martinez tag-feria-del-helado-artesanal-2026 tag-hidalgo tag-tula-de-allende tag-turismo\">\n\n<div class=\"wp-block-columns are-vertically-aligned-center is-layout-flex wp-container-core-columns-is-layout-9d6595d7 wp-block-columns-is-layout-flex\">\n<div class=\"wp-block-column is-vertically-aligned-center is-layout-flow wp-block-column-is-layout-flow\" style=\"flex-basis:25%\"><figure class=\"wp-block-post-featured-image\"><a href=\"https:\/\/revistaacropolis.com\/index.php\/impulsa-cristhian-martinez-el-turismo-la-cultura-y-la-gastronomia-con-la-feria-del-helado-artesanal-2026\/sociedad\/\" target=\"_self\"  ><img decoding=\"async\" width=\"2049\" height=\"1152\" src=\"https:\/\/revistaacropolis.com\/wp-content\/uploads\/2026\/04\/Portadas-Paginas-web-2026-04-29T124657.299.png\" class=\"attachment-post-thumbnail size-post-thumbnail wp-post-image\" alt=\"Impulsa Cristhian Mart\u00ednez el turismo, la cultura y la gastronom\u00eda con la Feria del Helado Artesanal 2026\" style=\"object-fit:cover;\" srcset=\"https:\/\/revistaacropolis.com\/wp-content\/uploads\/2026\/04\/Portadas-Paginas-web-2026-04-29T124657.299.png 2049w, https:\/\/revistaacropolis.com\/wp-content\/uploads\/2026\/04\/Portadas-Paginas-web-2026-04-29T124657.299-300x169.png 300w, https:\/\/revistaacropolis.com\/wp-content\/uploads\/2026\/04\/Portadas-Paginas-web-2026-04-29T124657.299-1024x576.png 1024w, https:\/\/revistaacropolis.com\/wp-content\/uploads\/2026\/04\/Portadas-Paginas-web-2026-04-29T124657.299-768x432.png 768w, https:\/\/revistaacropolis.com\/wp-content\/uploads\/2026\/04\/Portadas-Paginas-web-2026-04-29T124657.299-1536x864.png 1536w, https:\/\/revistaacropolis.com\/wp-content\/uploads\/2026\/04\/Portadas-Paginas-web-2026-04-29T124657.299-600x337.png 600w\" sizes=\"(max-width: 2049px) 100vw, 2049px\" \/><\/a><\/figure><\/div>\n\n\n\n<div class=\"wp-block-column is-vertically-aligned-center is-layout-flow wp-block-column-is-layout-flow\" style=\"flex-basis:75%\"><h2 class=\"wp-block-post-title has-small-font-size\"><a href=\"https:\/\/revistaacropolis.com\/index.php\/impulsa-cristhian-martinez-el-turismo-la-cultura-y-la-gastronomia-con-la-feria-del-helado-artesanal-2026\/sociedad\/\" target=\"_self\" >Impulsa Cristhian Mart\u00ednez el turismo, la cultura y la gastronom\u00eda con la Feria del Helado Artesanal 2026<\/a><\/h2><\/div>\n<\/div>\n\n<\/li><\/ul><\/div>\n\n\n\n<p>En lo que va del a\u00f1o, <strong>autoridades estatales han reportado el hallazgo de tres t\u00faneles utilizados para la extracci\u00f3n ilegal de combustibles,<\/strong> en Cuautepec y Atotonilco de Tula; en uno de ello se encontraron altares a la Santa Muerte y a un demonio.<\/p>\n","protected":false},"excerpt":{"rendered":"<p>La Fiscal\u00eda General de la Rep\u00fablica (FGR) en Hidalgo efectu\u00f3 un cateo Guadalupe Victoria, en Cuautepec de Hinojosa, donde se localiz\u00f3 un t\u00fanel de aproximadamente 20 metros de longitud, por&hellip; <\/p>\n","protected":false},"author":4,"featured_media":5123,"comment_status":"closed","ping_status":"closed","sticky":false,"template":"","format":"standard","meta":{"two_page_speed":[],"_joinchat":[],"footnotes":""},"categories":[1078],"tags":[506,270,233],"class_list":["post-5122","post","type-post","status-publish","format-standard","has-post-thumbnail","hentry","category-seguridadyjusticia","tag-cuautepec","tag-fgr","tag-huachicol"],"_links":{"self":[{"href":"https:\/\/revistaacropolis.com\/index.php\/wp-json\/wp\/v2\/posts\/5122","targetHints":{"allow":["GET"]}}],"collection":[{"href":"https:\/\/revistaacropolis.com\/index.php\/wp-json\/wp\/v2\/posts"}],"about":[{"href":"https:\/\/revistaacropolis.com\/index.php\/wp-json\/wp\/v2\/types\/post"}],"author":[{"embeddable":true,"href":"https:\/\/revistaacropolis.com\/index.php\/wp-json\/wp\/v2\/users\/4"}],"replies":[{"embeddable":true,"href":"https:\/\/revistaacropolis.com\/index.php\/wp-json\/wp\/v2\/comments?post=5122"}],"version-history":[{"count":1,"href":"https:\/\/revistaacropolis.com\/index.php\/wp-json\/wp\/v2\/posts\/5122\/revisions"}],"predecessor-version":[{"id":5124,"href":"https:\/\/revistaacropolis.com\/index.php\/wp-json\/wp\/v2\/posts\/5122\/revisions\/5124"}],"wp:featuredmedia":[{"embeddable":true,"href":"https:\/\/revistaacropolis.com\/index.php\/wp-json\/wp\/v2\/media\/5123"}],"wp:attachment":[{"href":"https:\/\/revistaacropolis.com\/index.php\/wp-json\/wp\/v2\/media?parent=5122"}],"wp:term":[{"taxonomy":"category","embeddable":true,"href":"https:\/\/revistaacropolis.com\/index.php\/wp-json\/wp\/v2\/categories?post=5122"},{"taxonomy":"post_tag","embeddable":true,"href":"https:\/\/revistaacropolis.com\/index.php\/wp-json\/wp\/v2\/tags?post=5122"}],"curies":[{"name":"wp","href":"https:\/\/api.w.org\/{rel}","templated":true}]}}