{"id":5160,"date":"2023-06-14T20:17:51","date_gmt":"2023-06-14T20:17:51","guid":{"rendered":"https:\/\/revistaacropolis.com\/?p=5160"},"modified":"2023-06-14T20:17:54","modified_gmt":"2023-06-14T20:17:54","slug":"licitacion-cambio-de-elevadores-del-palacio-de-gobierno-uno-no-sirve","status":"publish","type":"post","link":"https:\/\/revistaacropolis.com\/index.php\/licitacion-cambio-de-elevadores-del-palacio-de-gobierno-uno-no-sirve\/politica\/","title":{"rendered":"Licitaci\u00f3n cambio de elevadores del palacio de gobierno; uno no sirve"},"content":{"rendered":"\n<p>La Secretar\u00eda de Infraestructura P\u00fablica y Desarrollo Urbano Sostenible (SIPDUS) de Hidalgo <strong>emiti\u00f3 una licitaci\u00f3n p\u00fablica para cambiar los elevadores del Palacio de Gobierno, los cuales actualmente no funcionan correctamente.<\/strong><\/p>\n\n\n\n<figure class=\"wp-block-image size-large\"><img fetchpriority=\"high\" decoding=\"async\" width=\"1024\" height=\"577\" src=\"https:\/\/revistaacropolis.com\/wp-content\/uploads\/2023\/06\/14-3-1024x577.png\" alt=\"\" class=\"wp-image-5162\" srcset=\"https:\/\/revistaacropolis.com\/wp-content\/uploads\/2023\/06\/14-3-1024x577.png 1024w, https:\/\/revistaacropolis.com\/wp-content\/uploads\/2023\/06\/14-3-300x169.png 300w, https:\/\/revistaacropolis.com\/wp-content\/uploads\/2023\/06\/14-3-768x433.png 768w, https:\/\/revistaacropolis.com\/wp-content\/uploads\/2023\/06\/14-3-1536x865.png 1536w, https:\/\/revistaacropolis.com\/wp-content\/uploads\/2023\/06\/14-3-600x338.png 600w, https:\/\/revistaacropolis.com\/wp-content\/uploads\/2023\/06\/14-3.png 1640w\" sizes=\"(max-width: 1024px) 100vw, 1024px\" \/><\/figure>\n\n\n\n<p>De acuerdo con informaci\u00f3n de la convocatoria EO-SIPDUSN48-2023, <strong>los servicios que se requieren contratar son el retiro, suministro, instalaci\u00f3n y puesta en marcha de elevadores de pasajeros de seis paradas con capacidad m\u00e1xima de 1000 kilogramos<\/strong> cada uno, para el inmueble ubicado en Pachuca.<\/p>\n\n\n\n<p>Estos tambi\u00e9n incluyen la adquisici\u00f3n y sustituci\u00f3n de puertas, botoneras, cabinas de acero inoxidable, maquinaria y sistema de desplazamiento en medidas adecuadas a los cubos existentes al interior del inmueble.<\/p>\n\n\n\n<figure class=\"wp-block-image size-large\"><img decoding=\"async\" width=\"1024\" height=\"577\" src=\"https:\/\/revistaacropolis.com\/wp-content\/uploads\/2023\/06\/14-5-1024x577.png\" alt=\"\" class=\"wp-image-5163\" srcset=\"https:\/\/revistaacropolis.com\/wp-content\/uploads\/2023\/06\/14-5-1024x577.png 1024w, https:\/\/revistaacropolis.com\/wp-content\/uploads\/2023\/06\/14-5-300x169.png 300w, https:\/\/revistaacropolis.com\/wp-content\/uploads\/2023\/06\/14-5-768x433.png 768w, https:\/\/revistaacropolis.com\/wp-content\/uploads\/2023\/06\/14-5-1536x865.png 1536w, https:\/\/revistaacropolis.com\/wp-content\/uploads\/2023\/06\/14-5-600x338.png 600w, https:\/\/revistaacropolis.com\/wp-content\/uploads\/2023\/06\/14-5.png 1640w\" sizes=\"(max-width: 1024px) 100vw, 1024px\" \/><\/figure>\n\n\n\n<p>Se <strong>desmantelar\u00e1n los elevadores existentes, lo cual incluye el desmontaje y retiro de la m\u00e1quina, con su polea, freno y bancada, del limitador de velocidad y su cableado, del tablero de control, del arn\u00e9s de conexiones el\u00e9ctricas, del cable viajero de conexi\u00f3n a cabina, de las botoneras de llamadas de piso<\/strong> y de los indicadores de posici\u00f3n, de los cables de acero tractores, de la cabina, del operador de la puerta de cabina, del chasis de p\u00f3rtico de la cabina, del marco de contrapeso, de las pesas del contrapeso, de las puertas de piso, de las gu\u00edas de cabina, de los soportes de gu\u00edas, de las gu\u00edas de contrapeso y de los soportes de gu\u00edas de contrapeso.<\/p>\n\n\n\n<p>Los trabajos tambi\u00e9n <strong>incluyen la limpieza del cuarto de m\u00e1quinas, del foso y el retiro de escombros y basura<\/strong> que se genere por el desmontaje de toda la estructura.<\/p>\n\n\n\n<figure class=\"wp-block-image size-large\"><img decoding=\"async\" width=\"1024\" height=\"577\" src=\"https:\/\/revistaacropolis.com\/wp-content\/uploads\/2023\/06\/14-7-1024x577.png\" alt=\"\" class=\"wp-image-5164\" srcset=\"https:\/\/revistaacropolis.com\/wp-content\/uploads\/2023\/06\/14-7-1024x577.png 1024w, https:\/\/revistaacropolis.com\/wp-content\/uploads\/2023\/06\/14-7-300x169.png 300w, https:\/\/revistaacropolis.com\/wp-content\/uploads\/2023\/06\/14-7-768x433.png 768w, https:\/\/revistaacropolis.com\/wp-content\/uploads\/2023\/06\/14-7-1536x865.png 1536w, https:\/\/revistaacropolis.com\/wp-content\/uploads\/2023\/06\/14-7-600x338.png 600w, https:\/\/revistaacropolis.com\/wp-content\/uploads\/2023\/06\/14-7.png 1640w\" sizes=\"(max-width: 1024px) 100vw, 1024px\" \/><\/figure>\n\n\n\n<p>Adem\u00e1s, dice la convocatoria, <strong>se realizar\u00e1 la adecuaci\u00f3n para la correcta instalaci\u00f3n de los nuevos sistemas de transporte vertical y el suministro e instalaci\u00f3n de los nuevos aparatos<\/strong> de traslado de personas al interior del palacio de gobierno.<\/p>\n\n\n\n<div class=\"wp-block-query is-layout-flow wp-block-query-is-layout-flow\"><ul class=\"wp-block-post-template is-layout-flow wp-block-post-template-is-layout-flow\"><li class=\"wp-block-post post-23389 post type-post status-publish format-standard has-post-thumbnail hentry category-politica tag-encuesta-nacional-de-seguridad-publuca-urbana tag-inegi tag-jorge-reyes tag-pachuca\">\n\n<div class=\"wp-block-columns are-vertically-aligned-center is-layout-flex wp-container-core-columns-is-layout-9d6595d7 wp-block-columns-is-layout-flex\">\n<div class=\"wp-block-column is-vertically-aligned-center is-layout-flow wp-block-column-is-layout-flow\" style=\"flex-basis:25%\"><figure class=\"wp-block-post-featured-image\"><a href=\"https:\/\/revistaacropolis.com\/index.php\/mejora-10-puntos-la-percepcion-de-seguridad-en-pachuca-inegi\/politica\/\" target=\"_self\"  ><img loading=\"lazy\" decoding=\"async\" width=\"2049\" height=\"1152\" src=\"https:\/\/revistaacropolis.com\/wp-content\/uploads\/2026\/04\/Portadas-Paginas-web-2026-04-27T124605.208.png\" class=\"attachment-post-thumbnail size-post-thumbnail wp-post-image\" alt=\"Mejora 10 puntos la percepcion de seguridad en Pachuca: INEGI\" style=\"object-fit:cover;\" srcset=\"https:\/\/revistaacropolis.com\/wp-content\/uploads\/2026\/04\/Portadas-Paginas-web-2026-04-27T124605.208.png 2049w, https:\/\/revistaacropolis.com\/wp-content\/uploads\/2026\/04\/Portadas-Paginas-web-2026-04-27T124605.208-300x169.png 300w, https:\/\/revistaacropolis.com\/wp-content\/uploads\/2026\/04\/Portadas-Paginas-web-2026-04-27T124605.208-1024x576.png 1024w, https:\/\/revistaacropolis.com\/wp-content\/uploads\/2026\/04\/Portadas-Paginas-web-2026-04-27T124605.208-768x432.png 768w, https:\/\/revistaacropolis.com\/wp-content\/uploads\/2026\/04\/Portadas-Paginas-web-2026-04-27T124605.208-1536x864.png 1536w, https:\/\/revistaacropolis.com\/wp-content\/uploads\/2026\/04\/Portadas-Paginas-web-2026-04-27T124605.208-600x337.png 600w\" sizes=\"(max-width: 2049px) 100vw, 2049px\" \/><\/a><\/figure><\/div>\n\n\n\n<div class=\"wp-block-column is-vertically-aligned-center has-small-font-size is-layout-flow wp-block-column-is-layout-flow\" style=\"flex-basis:75%\"><h2 class=\"wp-block-post-title has-small-font-size\"><a href=\"https:\/\/revistaacropolis.com\/index.php\/mejora-10-puntos-la-percepcion-de-seguridad-en-pachuca-inegi\/politica\/\" target=\"_self\" >Mejora 10 puntos la percepcion de seguridad en Pachuca: INEGI<\/a><\/h2><\/div>\n<\/div>\n\n<\/li><li class=\"wp-block-post post-23379 post type-post status-publish format-standard has-post-thumbnail hentry category-politica tag-antorcha-ciudadana tag-claudia-sheinbaum tag-damnificados tag-reconstruccion-de-caminos tag-tenango-de-doria\">\n\n<div class=\"wp-block-columns are-vertically-aligned-center is-layout-flex wp-container-core-columns-is-layout-9d6595d7 wp-block-columns-is-layout-flex\">\n<div class=\"wp-block-column is-vertically-aligned-center is-layout-flow wp-block-column-is-layout-flow\" style=\"flex-basis:25%\"><figure class=\"wp-block-post-featured-image\"><a href=\"https:\/\/revistaacropolis.com\/index.php\/reconstruccion-ya-demandan-damnificados-a-6-meses-de-la-tragedia\/politica\/\" target=\"_self\"  ><img loading=\"lazy\" decoding=\"async\" width=\"2049\" height=\"1152\" src=\"https:\/\/revistaacropolis.com\/wp-content\/uploads\/2026\/04\/Portadas-Paginas-web-2026-04-27T121025.554.png\" class=\"attachment-post-thumbnail size-post-thumbnail wp-post-image\" alt=\"\u00a1Reconstrucci\u00f3n ya!, demandan damnificados a 6 meses de la tragedia.\" style=\"object-fit:cover;\" srcset=\"https:\/\/revistaacropolis.com\/wp-content\/uploads\/2026\/04\/Portadas-Paginas-web-2026-04-27T121025.554.png 2049w, https:\/\/revistaacropolis.com\/wp-content\/uploads\/2026\/04\/Portadas-Paginas-web-2026-04-27T121025.554-300x169.png 300w, https:\/\/revistaacropolis.com\/wp-content\/uploads\/2026\/04\/Portadas-Paginas-web-2026-04-27T121025.554-1024x576.png 1024w, https:\/\/revistaacropolis.com\/wp-content\/uploads\/2026\/04\/Portadas-Paginas-web-2026-04-27T121025.554-768x432.png 768w, https:\/\/revistaacropolis.com\/wp-content\/uploads\/2026\/04\/Portadas-Paginas-web-2026-04-27T121025.554-1536x864.png 1536w, https:\/\/revistaacropolis.com\/wp-content\/uploads\/2026\/04\/Portadas-Paginas-web-2026-04-27T121025.554-600x337.png 600w\" sizes=\"(max-width: 2049px) 100vw, 2049px\" \/><\/a><\/figure><\/div>\n\n\n\n<div class=\"wp-block-column is-vertically-aligned-center has-small-font-size is-layout-flow wp-block-column-is-layout-flow\" style=\"flex-basis:75%\"><h2 class=\"wp-block-post-title has-small-font-size\"><a href=\"https:\/\/revistaacropolis.com\/index.php\/reconstruccion-ya-demandan-damnificados-a-6-meses-de-la-tragedia\/politica\/\" target=\"_self\" >\u00a1Reconstrucci\u00f3n ya!, demandan damnificados a 6 meses de la tragedia.<\/a><\/h2><\/div>\n<\/div>\n\n<\/li><\/ul><\/div>\n\n\n\n<p>Actualmente, <strong>la sede de Ejecutivo \u00fanicamente cuenta con un elevador funcional para \u00e9l eso de los bur\u00f3cratas<\/strong> que laboran el edificio de plaza Ju\u00e1rez y visitantes.<\/p>\n\n\n\n<p>La presentaci\u00f3n y apertura de proposiciones de la licitaci\u00f3n p\u00fablica ser\u00e1 el pr\u00f3ximo <strong>26 de junio a las 16:00 horas y ese d\u00eda se dar\u00e1 a conocer el fallo de la misma.<\/strong><\/p>\n","protected":false},"excerpt":{"rendered":"<p>La Secretar\u00eda de Infraestructura P\u00fablica y Desarrollo Urbano Sostenible (SIPDUS) de Hidalgo emiti\u00f3 una licitaci\u00f3n p\u00fablica para cambiar los elevadores del Palacio de Gobierno, los cuales actualmente no funcionan correctamente.&hellip; <\/p>\n","protected":false},"author":9,"featured_media":5161,"comment_status":"closed","ping_status":"closed","sticky":false,"template":"","format":"standard","meta":{"two_page_speed":[],"_joinchat":[],"footnotes":""},"categories":[1,57],"tags":[1357,308,1358],"class_list":["post-5160","post","type-post","status-publish","format-standard","has-post-thumbnail","hentry","category-politica","category-sociedad","tag-elevadores","tag-palacio-de-gobierno","tag-sipdus"],"_links":{"self":[{"href":"https:\/\/revistaacropolis.com\/index.php\/wp-json\/wp\/v2\/posts\/5160","targetHints":{"allow":["GET"]}}],"collection":[{"href":"https:\/\/revistaacropolis.com\/index.php\/wp-json\/wp\/v2\/posts"}],"about":[{"href":"https:\/\/revistaacropolis.com\/index.php\/wp-json\/wp\/v2\/types\/post"}],"author":[{"embeddable":true,"href":"https:\/\/revistaacropolis.com\/index.php\/wp-json\/wp\/v2\/users\/9"}],"replies":[{"embeddable":true,"href":"https:\/\/revistaacropolis.com\/index.php\/wp-json\/wp\/v2\/comments?post=5160"}],"version-history":[{"count":1,"href":"https:\/\/revistaacropolis.com\/index.php\/wp-json\/wp\/v2\/posts\/5160\/revisions"}],"predecessor-version":[{"id":5165,"href":"https:\/\/revistaacropolis.com\/index.php\/wp-json\/wp\/v2\/posts\/5160\/revisions\/5165"}],"wp:featuredmedia":[{"embeddable":true,"href":"https:\/\/revistaacropolis.com\/index.php\/wp-json\/wp\/v2\/media\/5161"}],"wp:attachment":[{"href":"https:\/\/revistaacropolis.com\/index.php\/wp-json\/wp\/v2\/media?parent=5160"}],"wp:term":[{"taxonomy":"category","embeddable":true,"href":"https:\/\/revistaacropolis.com\/index.php\/wp-json\/wp\/v2\/categories?post=5160"},{"taxonomy":"post_tag","embeddable":true,"href":"https:\/\/revistaacropolis.com\/index.php\/wp-json\/wp\/v2\/tags?post=5160"}],"curies":[{"name":"wp","href":"https:\/\/api.w.org\/{rel}","templated":true}]}}