{"id":5243,"date":"2023-06-16T22:48:12","date_gmt":"2023-06-16T22:48:12","guid":{"rendered":"https:\/\/revistaacropolis.com\/?p=5243"},"modified":"2023-06-16T22:48:17","modified_gmt":"2023-06-16T22:48:17","slug":"mientras-incumplia-deber-en-la-contraloria-estatal-excontralora-de-pachuca-sanciono-a-telleria-y-colaboradores","status":"publish","type":"post","link":"https:\/\/revistaacropolis.com\/index.php\/mientras-incumplia-deber-en-la-contraloria-estatal-excontralora-de-pachuca-sanciono-a-telleria-y-colaboradores\/politica\/","title":{"rendered":"Mientras incumpl\u00eda deber en la Contralor\u00eda estatal, excontralora de Pachuca sancion\u00f3 a Teller\u00eda y colaboradores"},"content":{"rendered":"\n<p>Mientras incumpl\u00eda con su deber legal en la Secretar\u00eda de la Contralor\u00eda estatal, delito que le imputa la Procuradur\u00eda General de Justicia de Hidalgo (PGJH), <strong>Giselle Ivette Cort\u00e9s Coria realiz\u00f3, como secretaria de la Contralor\u00eda de Pachuca en el Concejo interino municipal, procedimientos administrativos contra la exalcaldes Yolanda Teller\u00eda Beltr\u00e1n y exfuncionarios de la administraci\u00f3n panista 2016-2020.<\/strong><\/p>\n\n\n\n<p>Cort\u00e9s Coria, quien ayer <strong>fue vinculada proceso por haber dejado de cumplir con sus funciones como servidora estatal en el \u00d3rgano Interno de Control,<\/strong> en el periodo comprendido del d\u00eda 20 de septiembre de 2020 al 14 de enero de 2021,\u00a0pues se ausent\u00f3 de\u00a0sus labores sin justificaci\u00f3n para ello,\u00a0<strong>\u201cjug\u00f3 un papel preponderante\u201d en la revisi\u00f3n del gobierno albiazul.<\/strong><\/p>\n\n\n\n<p>As\u00ed lo asegura <strong>el \u201cInforme de Resultados\u201d presentado en septiembre de 2020 por el gobierno provisional de Tania Meza Escorza, actual secretaria de Turismo, quien fue presidenta concejal de Pachuca por 100 d\u00edas<\/strong> (5 de septiembre al 14 de diciembre de 2020).<\/p>\n\n\n\n<p>Seg\u00fan el documento, <strong>el trabajo de la excolaboradora de C\u00e9sar Rom\u00e1n Mora Velazquez,<\/strong> contralor estatal en el gobierno del expriistra Omar Fayad Meneses,<strong> tuvo como resultado \u201cla ejecuci\u00f3n de procesos sancionadores contra funcionarios y funcionarias en todos los niveles administrativos,<\/strong> as\u00ed como la presentaci\u00f3n en tribunales de un particular, que presuntamente causa severo da\u00f1o patrimonial a Pachuca\u201d.<\/p>\n\n\n\n<p>Tras revisar expedientes con rezagos o mal integrados, <strong>la dependencia que encabez\u00f3 Cort\u00e9s Coria -actualmente presa en el penal femenil de Pachuca- detect\u00f3 la sustracci\u00f3n de dinero por parte de una funcionaria<\/strong> en febrero de 2022, cuyas indagatorias \u201cno hab\u00edan tenido seguimiento\u201d y el caso estaba clasificado como no grave, \u201cporque la funcionaria que sustrajo el dinero lo devolvi\u00f3.\u201d Sin embargo, el caso amerit\u00f3 una suspensi\u00f3n de la responsable.<\/p>\n\n\n\n<p>Seg\u00fan el informe del gobierno interino de Meza Escorza, <strong>la gesti\u00f3n de la ahora imputada detect\u00f3 que al interior de la secretar\u00eda, \u201cde manera sistem\u00e1tica, una funcionaria no denunciaba la falta de solventaci\u00f3n <\/strong>de las observaciones realizadas\u201d por la Auditor\u00eda Superior del Estado (ASEH).<\/p>\n\n\n\n<p>Adem\u00e1s, detect\u00f3 la contrataci\u00f3n ilegal de personas f\u00edsicas sin registro en el Padr\u00f3n de Proveedores de la Administraci\u00f3n P\u00fablica del Estado de Hidalgo, por lo que <strong>\u201clos involucrados, exsecretario de Administraci\u00f3n y exdirector de Compras, de la gesti\u00f3n 2016- 2020,\u201d fueron inhabilitados.<\/strong><\/p>\n\n\n\n<p>El reporte tambi\u00e9n presume que la Contralor\u00eda municipal \u201cobr\u00f3 de manera proactiva\u201d, pues en la auditor\u00eda interna a la administraci\u00f3n 2016-2020 se encontr\u00f3 que en la creaci\u00f3n de la plaza Enlace General Administrativo \u201cse omiti\u00f3 el procedimiento claramente especificado en los ordenamientos aplicables\u201d.<\/p>\n\n\n\n<p>Por <strong>la creaci\u00f3n de esa plaza, califica como ilegal, el ente municipal inici\u00f3 un procedimiento de responsabilidad administrativa contra Teller\u00eda Beltr\u00e1n,<\/strong> quien fue inhabilitada como servidora p\u00fablica por un a\u00f1o, por lo cual estuvo imposibilitada de participar en los comisiones de 2021, cuando se renovaron diputaciones locales y federales.<\/p>\n\n\n\n<p>Asimismo, Cort\u00e9s Coria <strong>inici\u00f3 de un proceso sancionador lesivo porque en julio de 2020 el gobierno de la panista celebr\u00f3 un contrato con la empresa Lumo Financiera del Centro,<\/strong> para continuar con la renta de luminarias en m\u00e1s de 3 millones 100 mil pesos mensuales, con vigencia de dos a\u00f1os, periodo que sobrepas\u00f3 el mandato de la alcaldesa.<\/p>\n\n\n\n<figure class=\"wp-block-pullquote\"><blockquote><p>Ese contrato, as\u00ed como el acta de asamblea que lo legitima, son ilegales porque vulneran las leyes de Adquisiciones y la Org\u00e1nica Municipal. Entre las formalidades necesarias para la contrataci\u00f3n, se incluyen un dictamen con estudio de mercado y las bases de la licitaci\u00f3n. Dichos documentos no se han encontrado. Por estas causas, la Contralor\u00eda interpuso un juicio de lesividad ante el Tribunal de Justicia Administrativa del Estado. Lo que se busca es la eliminaci\u00f3n del Acta de Asamblea y, en consecuencia, la suspensi\u00f3n de los efectos del contrato\u201d, dice el informe.<\/p><\/blockquote><\/figure>\n\n\n\n<p>No obstante, <strong>el contrato millonario para arrendar m\u00e1s de 21 mil luminarias sigui\u00f3 vigente y el ayuntamiento deber\u00e1 cubrirlo, pues el Concejo municipal no realiz\u00f3 una acci\u00f3n legal en materia mercantil,<\/strong> por lo que el convenio no se anul\u00f3, afirm\u00f3 en noviembre de 2022 el director jur\u00eddico del ayuntamiento, Hugo Armando V\u00e1zquez Res\u00e9ndiz.<\/p>\n\n\n\n<figure class=\"wp-block-pullquote\"><blockquote><p>Lo que\u00a0se anula (por parte del Tribunal de Justicia Administrativa) \u00fanicamente es la sesi\u00f3n de Cabildo\u00a0(realizada en la administraci\u00f3n de Teller\u00eda) para que se autorice la contrataci\u00f3n del\u00a0arrendamiento de las luminarias; sin embargo, el contrato queda firme, ya que no hubo una acci\u00f3n legal en materia mercantil\u201d, dijo el funcionario del alcalde Sergio Ba\u00f1os Rubio.<\/p><\/blockquote><\/figure>\n\n\n\n<div class=\"wp-block-query is-layout-flow wp-block-query-is-layout-flow\"><ul class=\"wp-block-post-template is-layout-flow wp-block-post-template-is-layout-flow\"><li class=\"wp-block-post post-23409 post type-post status-publish format-standard has-post-thumbnail hentry category-sociedad tag-cecilia-del-rayo-vargas-chacon tag-desayuno-empresarial tag-hidalgo tag-paola-cruz tag-redmuem tag-silvino-lopez-tovar\">\n\n<div class=\"wp-block-columns are-vertically-aligned-center is-layout-flex wp-container-core-columns-is-layout-9d6595d7 wp-block-columns-is-layout-flex\">\n<div class=\"wp-block-column is-vertically-aligned-center is-layout-flow wp-block-column-is-layout-flow\" style=\"flex-basis:25%\"><figure class=\"wp-block-post-featured-image\"><a href=\"https:\/\/revistaacropolis.com\/index.php\/redmuem-hidalgo-fortalece-su-comunidad-empresarial-en-desayuno-exclusivo\/sociedad\/\" target=\"_self\"  ><img fetchpriority=\"high\" decoding=\"async\" width=\"2049\" height=\"1152\" src=\"https:\/\/revistaacropolis.com\/wp-content\/uploads\/2026\/04\/Portadas-Paginas-web-2026-04-30T125532.404.png\" class=\"attachment-post-thumbnail size-post-thumbnail wp-post-image\" alt=\"Redmuem Hidalgo fortalece su comunidad empresarial en desayuno exclusivo\" style=\"object-fit:cover;\" srcset=\"https:\/\/revistaacropolis.com\/wp-content\/uploads\/2026\/04\/Portadas-Paginas-web-2026-04-30T125532.404.png 2049w, https:\/\/revistaacropolis.com\/wp-content\/uploads\/2026\/04\/Portadas-Paginas-web-2026-04-30T125532.404-300x169.png 300w, https:\/\/revistaacropolis.com\/wp-content\/uploads\/2026\/04\/Portadas-Paginas-web-2026-04-30T125532.404-1024x576.png 1024w, https:\/\/revistaacropolis.com\/wp-content\/uploads\/2026\/04\/Portadas-Paginas-web-2026-04-30T125532.404-768x432.png 768w, https:\/\/revistaacropolis.com\/wp-content\/uploads\/2026\/04\/Portadas-Paginas-web-2026-04-30T125532.404-1536x864.png 1536w, https:\/\/revistaacropolis.com\/wp-content\/uploads\/2026\/04\/Portadas-Paginas-web-2026-04-30T125532.404-600x337.png 600w\" sizes=\"(max-width: 2049px) 100vw, 2049px\" \/><\/a><\/figure><\/div>\n\n\n\n<div class=\"wp-block-column is-vertically-aligned-center is-layout-flow wp-block-column-is-layout-flow\" style=\"flex-basis:75%\"><h2 class=\"wp-block-post-title has-small-font-size\"><a href=\"https:\/\/revistaacropolis.com\/index.php\/redmuem-hidalgo-fortalece-su-comunidad-empresarial-en-desayuno-exclusivo\/sociedad\/\" target=\"_self\" >Redmuem Hidalgo fortalece su comunidad empresarial en desayuno exclusivo<\/a><\/h2><\/div>\n<\/div>\n\n<\/li><li class=\"wp-block-post post-23402 post type-post status-publish format-standard has-post-thumbnail hentry category-sociedad tag-cristhian-martinez tag-feria-del-helado-artesanal-2026 tag-hidalgo tag-tula-de-allende tag-turismo\">\n\n<div class=\"wp-block-columns are-vertically-aligned-center is-layout-flex wp-container-core-columns-is-layout-9d6595d7 wp-block-columns-is-layout-flex\">\n<div class=\"wp-block-column is-vertically-aligned-center is-layout-flow wp-block-column-is-layout-flow\" style=\"flex-basis:25%\"><figure class=\"wp-block-post-featured-image\"><a href=\"https:\/\/revistaacropolis.com\/index.php\/impulsa-cristhian-martinez-el-turismo-la-cultura-y-la-gastronomia-con-la-feria-del-helado-artesanal-2026\/sociedad\/\" target=\"_self\"  ><img decoding=\"async\" width=\"2049\" height=\"1152\" src=\"https:\/\/revistaacropolis.com\/wp-content\/uploads\/2026\/04\/Portadas-Paginas-web-2026-04-29T124657.299.png\" class=\"attachment-post-thumbnail size-post-thumbnail wp-post-image\" alt=\"Impulsa Cristhian Mart\u00ednez el turismo, la cultura y la gastronom\u00eda con la Feria del Helado Artesanal 2026\" style=\"object-fit:cover;\" srcset=\"https:\/\/revistaacropolis.com\/wp-content\/uploads\/2026\/04\/Portadas-Paginas-web-2026-04-29T124657.299.png 2049w, https:\/\/revistaacropolis.com\/wp-content\/uploads\/2026\/04\/Portadas-Paginas-web-2026-04-29T124657.299-300x169.png 300w, https:\/\/revistaacropolis.com\/wp-content\/uploads\/2026\/04\/Portadas-Paginas-web-2026-04-29T124657.299-1024x576.png 1024w, https:\/\/revistaacropolis.com\/wp-content\/uploads\/2026\/04\/Portadas-Paginas-web-2026-04-29T124657.299-768x432.png 768w, https:\/\/revistaacropolis.com\/wp-content\/uploads\/2026\/04\/Portadas-Paginas-web-2026-04-29T124657.299-1536x864.png 1536w, https:\/\/revistaacropolis.com\/wp-content\/uploads\/2026\/04\/Portadas-Paginas-web-2026-04-29T124657.299-600x337.png 600w\" sizes=\"(max-width: 2049px) 100vw, 2049px\" \/><\/a><\/figure><\/div>\n\n\n\n<div class=\"wp-block-column is-vertically-aligned-center is-layout-flow wp-block-column-is-layout-flow\" style=\"flex-basis:75%\"><h2 class=\"wp-block-post-title has-small-font-size\"><a href=\"https:\/\/revistaacropolis.com\/index.php\/impulsa-cristhian-martinez-el-turismo-la-cultura-y-la-gastronomia-con-la-feria-del-helado-artesanal-2026\/sociedad\/\" target=\"_self\" >Impulsa Cristhian Mart\u00ednez el turismo, la cultura y la gastronom\u00eda con la Feria del Helado Artesanal 2026<\/a><\/h2><\/div>\n<\/div>\n\n<\/li><\/ul><\/div>\n\n\n\n<p><strong>DatoAcro<\/strong><\/p>\n\n\n\n<p>-Cort\u00e9s Coria&nbsp;fue elegida como la quinta integrante del Comit\u00e9 Ciudadano del SEAH 19 de enero de 2022<\/p>\n\n\n\n<p>-Tras salir del ayuntamiento, la imputada&nbsp;se desempe\u00f1\u00f3 como directora general de Responsabilidad Patrimonial de la Contralor\u00eda estatal,&nbsp;cuyo jefe era Mora Vel\u00e1zquez, actualmente pr\u00f3fugo de la justicia.<\/p>\n\n\n\n<p>-Seg\u00fan la Procuradur\u00eda General de Justicia de Hidalgo (PGJH), el excontralor aprob\u00f3 los nombramiento de la exfuncionaria tanto en la Secretar\u00eda de la Contralor\u00eda estatal como en la municipal.<\/p>\n","protected":false},"excerpt":{"rendered":"<p>Mientras incumpl\u00eda con su deber legal en la Secretar\u00eda de la Contralor\u00eda estatal, delito que le imputa la Procuradur\u00eda General de Justicia de Hidalgo (PGJH), Giselle Ivette Cort\u00e9s Coria realiz\u00f3,&hellip; <\/p>\n","protected":false},"author":4,"featured_media":5244,"comment_status":"closed","ping_status":"closed","sticky":false,"template":"","format":"standard","meta":{"two_page_speed":[],"_joinchat":[],"footnotes":""},"categories":[1],"tags":[129,1373],"class_list":["post-5243","post","type-post","status-publish","format-standard","has-post-thumbnail","hentry","category-politica","tag-contraloria","tag-pachuca-giselle-ivette"],"_links":{"self":[{"href":"https:\/\/revistaacropolis.com\/index.php\/wp-json\/wp\/v2\/posts\/5243","targetHints":{"allow":["GET"]}}],"collection":[{"href":"https:\/\/revistaacropolis.com\/index.php\/wp-json\/wp\/v2\/posts"}],"about":[{"href":"https:\/\/revistaacropolis.com\/index.php\/wp-json\/wp\/v2\/types\/post"}],"author":[{"embeddable":true,"href":"https:\/\/revistaacropolis.com\/index.php\/wp-json\/wp\/v2\/users\/4"}],"replies":[{"embeddable":true,"href":"https:\/\/revistaacropolis.com\/index.php\/wp-json\/wp\/v2\/comments?post=5243"}],"version-history":[{"count":1,"href":"https:\/\/revistaacropolis.com\/index.php\/wp-json\/wp\/v2\/posts\/5243\/revisions"}],"predecessor-version":[{"id":5245,"href":"https:\/\/revistaacropolis.com\/index.php\/wp-json\/wp\/v2\/posts\/5243\/revisions\/5245"}],"wp:featuredmedia":[{"embeddable":true,"href":"https:\/\/revistaacropolis.com\/index.php\/wp-json\/wp\/v2\/media\/5244"}],"wp:attachment":[{"href":"https:\/\/revistaacropolis.com\/index.php\/wp-json\/wp\/v2\/media?parent=5243"}],"wp:term":[{"taxonomy":"category","embeddable":true,"href":"https:\/\/revistaacropolis.com\/index.php\/wp-json\/wp\/v2\/categories?post=5243"},{"taxonomy":"post_tag","embeddable":true,"href":"https:\/\/revistaacropolis.com\/index.php\/wp-json\/wp\/v2\/tags?post=5243"}],"curies":[{"name":"wp","href":"https:\/\/api.w.org\/{rel}","templated":true}]}}