{"id":5257,"date":"2023-06-17T18:27:52","date_gmt":"2023-06-17T18:27:52","guid":{"rendered":"https:\/\/revistaacropolis.com\/?p=5257"},"modified":"2023-06-20T03:04:38","modified_gmt":"2023-06-20T03:04:38","slug":"construccion-y-rehabilitacion-de-dos-drenes-pluviales-en-pachuca-costara-146-3-mdp","status":"publish","type":"post","link":"https:\/\/revistaacropolis.com\/index.php\/construccion-y-rehabilitacion-de-dos-drenes-pluviales-en-pachuca-costara-146-3-mdp\/politica\/","title":{"rendered":"Construcci\u00f3n y rehabilitaci\u00f3n de dos drenes pluviales en Pachuca costar\u00e1 146.3 mdp"},"content":{"rendered":"\n<p>La construcci\u00f3n y rehabilitaci\u00f3n de dos drenes pluviales, en Pachuca, costar\u00e1 146 millones 336 mil 884.41 pesos, de acuerdo con informaci\u00f3n de los fallos de <strong>dos licitaciones p\u00fablicas que emiti\u00f3 la Secretar\u00eda de Infraestructura P\u00fablica y Desarrollo Urbano Sostenible de Hidalgo<\/strong> (SIPDUS).<\/p>\n\n\n\n<p>Seg\u00fan el documento de la convocatoria EO-SPIDUS-N26-2023, correspondiente a la construcci\u00f3n del dren pluvial Nopancalco-Tezontle, <strong>la obra tendr\u00e1 un costo de 73 millones 16 mil 684.52 pesos. La empresa que gan\u00f3 la convocatoria es Ahufe Materiales para Construcci\u00f3n SA de CV, <\/strong>representada por Diana Mendoza Mart\u00ednez.<\/p>\n\n\n\n<p>Mientras que la rehabilitaci\u00f3n del dren pluvial Las Torres (licitaci\u00f3n p\u00fablica EO-SPIDUS-N31-2023) tendr\u00e1 un costo de<strong> 73 millones 320 mil 199.89 pesos. Este proyecto lo ejecutar\u00e1 la constructora Preslam Concretos SA de CV, representada por Israel Ibarra Ru\u00edz.<\/strong><\/p>\n\n\n\n<p>En cuanto a la convocatoria (EO-SPIDUS-N30-2023) para la construcci\u00f3n de colector pluvial circuito Nuevo Pachuca, en la colonia Juan C.Doria, <strong>fue declarada desierta porque la firma participante no cumpli\u00f3 con todos los requisitos establecidos en las bases. Por lo que la SIPDUS deber\u00e1 emitir una nueva licitaci\u00f3n.<\/strong><\/p>\n\n\n\n<p>A finales de abril pasado, Alejandro S\u00e1nchez Garc\u00eda, titular de la Secretar\u00eda de Infraestructura P\u00fablica y Desarrollo Urbano Sostenible de Hidalgo, anunci\u00f3 que<strong> llevar\u00eda a cabo estas tres obras con el objetivo de evitar inundaciones en la zona sur de Pachuca, <\/strong>principalmente en las inmediaciones de la Plaza de Toros Vicente Segura, frente a Plaza Explanada en el bulevar Ram\u00f3n G. Bonfil.<\/p>\n\n\n\n<div class=\"wp-block-query is-layout-flow wp-block-query-is-layout-flow\"><ul class=\"wp-block-post-template is-layout-flow wp-block-post-template-is-layout-flow\"><li class=\"wp-block-post post-23409 post type-post status-publish format-standard has-post-thumbnail hentry category-sociedad tag-cecilia-del-rayo-vargas-chacon tag-desayuno-empresarial tag-hidalgo tag-paola-cruz tag-redmuem tag-silvino-lopez-tovar\">\n\n<div class=\"wp-block-columns are-vertically-aligned-center is-layout-flex wp-container-core-columns-is-layout-9d6595d7 wp-block-columns-is-layout-flex\">\n<div class=\"wp-block-column is-vertically-aligned-center is-layout-flow wp-block-column-is-layout-flow\" style=\"flex-basis:25%\"><figure class=\"wp-block-post-featured-image\"><a href=\"https:\/\/revistaacropolis.com\/index.php\/redmuem-hidalgo-fortalece-su-comunidad-empresarial-en-desayuno-exclusivo\/sociedad\/\" target=\"_self\"  ><img fetchpriority=\"high\" decoding=\"async\" width=\"2049\" height=\"1152\" src=\"https:\/\/revistaacropolis.com\/wp-content\/uploads\/2026\/04\/Portadas-Paginas-web-2026-04-30T125532.404.png\" class=\"attachment-post-thumbnail size-post-thumbnail wp-post-image\" alt=\"Redmuem Hidalgo fortalece su comunidad empresarial en desayuno exclusivo\" style=\"object-fit:cover;\" srcset=\"https:\/\/revistaacropolis.com\/wp-content\/uploads\/2026\/04\/Portadas-Paginas-web-2026-04-30T125532.404.png 2049w, https:\/\/revistaacropolis.com\/wp-content\/uploads\/2026\/04\/Portadas-Paginas-web-2026-04-30T125532.404-300x169.png 300w, https:\/\/revistaacropolis.com\/wp-content\/uploads\/2026\/04\/Portadas-Paginas-web-2026-04-30T125532.404-1024x576.png 1024w, https:\/\/revistaacropolis.com\/wp-content\/uploads\/2026\/04\/Portadas-Paginas-web-2026-04-30T125532.404-768x432.png 768w, https:\/\/revistaacropolis.com\/wp-content\/uploads\/2026\/04\/Portadas-Paginas-web-2026-04-30T125532.404-1536x864.png 1536w, https:\/\/revistaacropolis.com\/wp-content\/uploads\/2026\/04\/Portadas-Paginas-web-2026-04-30T125532.404-600x337.png 600w\" sizes=\"(max-width: 2049px) 100vw, 2049px\" \/><\/a><\/figure><\/div>\n\n\n\n<div class=\"wp-block-column is-vertically-aligned-center is-layout-flow wp-block-column-is-layout-flow\" style=\"flex-basis:75%\"><h2 class=\"wp-block-post-title has-small-font-size\"><a href=\"https:\/\/revistaacropolis.com\/index.php\/redmuem-hidalgo-fortalece-su-comunidad-empresarial-en-desayuno-exclusivo\/sociedad\/\" target=\"_self\" >Redmuem Hidalgo fortalece su comunidad empresarial en desayuno exclusivo<\/a><\/h2><\/div>\n<\/div>\n\n<\/li><li class=\"wp-block-post post-23402 post type-post status-publish format-standard has-post-thumbnail hentry category-sociedad tag-cristhian-martinez tag-feria-del-helado-artesanal-2026 tag-hidalgo tag-tula-de-allende tag-turismo\">\n\n<div class=\"wp-block-columns are-vertically-aligned-center is-layout-flex wp-container-core-columns-is-layout-9d6595d7 wp-block-columns-is-layout-flex\">\n<div class=\"wp-block-column is-vertically-aligned-center is-layout-flow wp-block-column-is-layout-flow\" style=\"flex-basis:25%\"><figure class=\"wp-block-post-featured-image\"><a href=\"https:\/\/revistaacropolis.com\/index.php\/impulsa-cristhian-martinez-el-turismo-la-cultura-y-la-gastronomia-con-la-feria-del-helado-artesanal-2026\/sociedad\/\" target=\"_self\"  ><img decoding=\"async\" width=\"2049\" height=\"1152\" src=\"https:\/\/revistaacropolis.com\/wp-content\/uploads\/2026\/04\/Portadas-Paginas-web-2026-04-29T124657.299.png\" class=\"attachment-post-thumbnail size-post-thumbnail wp-post-image\" alt=\"Impulsa Cristhian Mart\u00ednez el turismo, la cultura y la gastronom\u00eda con la Feria del Helado Artesanal 2026\" style=\"object-fit:cover;\" srcset=\"https:\/\/revistaacropolis.com\/wp-content\/uploads\/2026\/04\/Portadas-Paginas-web-2026-04-29T124657.299.png 2049w, https:\/\/revistaacropolis.com\/wp-content\/uploads\/2026\/04\/Portadas-Paginas-web-2026-04-29T124657.299-300x169.png 300w, https:\/\/revistaacropolis.com\/wp-content\/uploads\/2026\/04\/Portadas-Paginas-web-2026-04-29T124657.299-1024x576.png 1024w, https:\/\/revistaacropolis.com\/wp-content\/uploads\/2026\/04\/Portadas-Paginas-web-2026-04-29T124657.299-768x432.png 768w, https:\/\/revistaacropolis.com\/wp-content\/uploads\/2026\/04\/Portadas-Paginas-web-2026-04-29T124657.299-1536x864.png 1536w, https:\/\/revistaacropolis.com\/wp-content\/uploads\/2026\/04\/Portadas-Paginas-web-2026-04-29T124657.299-600x337.png 600w\" sizes=\"(max-width: 2049px) 100vw, 2049px\" \/><\/a><\/figure><\/div>\n\n\n\n<div class=\"wp-block-column is-vertically-aligned-center is-layout-flow wp-block-column-is-layout-flow\" style=\"flex-basis:75%\"><h2 class=\"wp-block-post-title has-small-font-size\"><a href=\"https:\/\/revistaacropolis.com\/index.php\/impulsa-cristhian-martinez-el-turismo-la-cultura-y-la-gastronomia-con-la-feria-del-helado-artesanal-2026\/sociedad\/\" target=\"_self\" >Impulsa Cristhian Mart\u00ednez el turismo, la cultura y la gastronom\u00eda con la Feria del Helado Artesanal 2026<\/a><\/h2><\/div>\n<\/div>\n\n<\/li><\/ul><\/div>\n\n\n\n<p>Por su parte, el presidente municipal de Pachuca, Sergio Ba\u00f1os Rubio, <strong>inform\u00f3 el mes pasado que la ciudad requiere de la construcci\u00f3n de seis o siete drenes pluviales en las zonas norponiente y sur de la ciudad <\/strong>para evitar anegaciones y estim\u00f3 que estas obras costar\u00edan un aproximado de mil 200 millones de pesos, lo equivalente al presupuesto de un a\u00f1o del municipio.<\/p>\n","protected":false},"excerpt":{"rendered":"<p>La construcci\u00f3n y rehabilitaci\u00f3n de dos drenes pluviales, en Pachuca, costar\u00e1 146 millones 336 mil 884.41 pesos, de acuerdo con informaci\u00f3n de los fallos de dos licitaciones p\u00fablicas que emiti\u00f3&hellip; <\/p>\n","protected":false},"author":9,"featured_media":5258,"comment_status":"closed","ping_status":"closed","sticky":false,"template":"","format":"standard","meta":{"two_page_speed":[],"_joinchat":[],"footnotes":""},"categories":[1],"tags":[1375,1376,1271,1378,1379,600,91,1377],"class_list":["post-5257","post","type-post","status-publish","format-standard","has-post-thumbnail","hentry","category-politica","tag-construccion","tag-dren-pluvial","tag-inundaciones","tag-las-torres","tag-nopancalco-tezontle","tag-obras","tag-pachuca","tag-rehabilitacion"],"_links":{"self":[{"href":"https:\/\/revistaacropolis.com\/index.php\/wp-json\/wp\/v2\/posts\/5257","targetHints":{"allow":["GET"]}}],"collection":[{"href":"https:\/\/revistaacropolis.com\/index.php\/wp-json\/wp\/v2\/posts"}],"about":[{"href":"https:\/\/revistaacropolis.com\/index.php\/wp-json\/wp\/v2\/types\/post"}],"author":[{"embeddable":true,"href":"https:\/\/revistaacropolis.com\/index.php\/wp-json\/wp\/v2\/users\/9"}],"replies":[{"embeddable":true,"href":"https:\/\/revistaacropolis.com\/index.php\/wp-json\/wp\/v2\/comments?post=5257"}],"version-history":[{"count":2,"href":"https:\/\/revistaacropolis.com\/index.php\/wp-json\/wp\/v2\/posts\/5257\/revisions"}],"predecessor-version":[{"id":5338,"href":"https:\/\/revistaacropolis.com\/index.php\/wp-json\/wp\/v2\/posts\/5257\/revisions\/5338"}],"wp:featuredmedia":[{"embeddable":true,"href":"https:\/\/revistaacropolis.com\/index.php\/wp-json\/wp\/v2\/media\/5258"}],"wp:attachment":[{"href":"https:\/\/revistaacropolis.com\/index.php\/wp-json\/wp\/v2\/media?parent=5257"}],"wp:term":[{"taxonomy":"category","embeddable":true,"href":"https:\/\/revistaacropolis.com\/index.php\/wp-json\/wp\/v2\/categories?post=5257"},{"taxonomy":"post_tag","embeddable":true,"href":"https:\/\/revistaacropolis.com\/index.php\/wp-json\/wp\/v2\/tags?post=5257"}],"curies":[{"name":"wp","href":"https:\/\/api.w.org\/{rel}","templated":true}]}}