{"id":5316,"date":"2023-06-19T23:15:17","date_gmt":"2023-06-19T23:15:17","guid":{"rendered":"https:\/\/revistaacropolis.com\/?p=5316"},"modified":"2023-06-19T23:15:20","modified_gmt":"2023-06-19T23:15:20","slug":"encargados-de-la-gira-de-sheinbaum-en-hidalgo-no-renunciaran-a-sus-cargos-no-los-incluye-el-acuerdo-de-morena","status":"publish","type":"post","link":"https:\/\/revistaacropolis.com\/index.php\/encargados-de-la-gira-de-sheinbaum-en-hidalgo-no-renunciaran-a-sus-cargos-no-los-incluye-el-acuerdo-de-morena\/politica\/","title":{"rendered":"Encargados de la gira de Sheinbaum en Hidalgo no renunciar\u00e1n a sus cargos; no los incluye el acuerdo de Morena"},"content":{"rendered":"\n<p>A excepci\u00f3n del alcalde del alcalde de Mixquiahuala, <strong>los servidores p\u00fablicos y de representaci\u00f3n popular que organizar\u00e1n la gira de Claudia Sheinbaum Pardo en Hidalgo no renunciar\u00e1n a sus cargos, <\/strong>pues los acuerdos del Comit\u00e9 Nacional de Morena no los incluye en el listado de funcionarios que deben pedir licencia al cargo, afirm\u00f3 el senador C\u00e9sar Cravioto Romero.<\/p>\n\n\n\n<p>Indic\u00f3 que los lineamientos avalados por los consejeros nacionales del partido guinda para el proceso interno establecen que <strong>quienes no pueden apoyar a las corcholatas, sin renunciar a sus cargos, son el presidente de la rep\u00fablica y su gabinete formal y ampliado, as\u00ed como los gobernadores y alcaldes, en los mismos t\u00e9rminos;<\/strong> tambi\u00e9n todos los funcionarios partidistas de los Comit\u00e9s Ejecutivos nacional y estatales, de la Comisi\u00f3n Nacional de Honestidad y Justicia, de la Comisi\u00f3n de Elecciones y todos los \u00f3rganos partidistas que tengan una responsabilidad en un \u00f3rgano ejecutivo del partido y los coordinadores parlamentarios del Congreso de la Uni\u00f3n y de los congresos locales.<\/p>\n\n\n\n<figure class=\"wp-block-image size-full\"><img fetchpriority=\"high\" decoding=\"async\" width=\"1024\" height=\"768\" src=\"https:\/\/revistaacropolis.com\/wp-content\/uploads\/2023\/06\/2-6.png\" alt=\"\" class=\"wp-image-5318\" srcset=\"https:\/\/revistaacropolis.com\/wp-content\/uploads\/2023\/06\/2-6.png 1024w, https:\/\/revistaacropolis.com\/wp-content\/uploads\/2023\/06\/2-6-300x225.png 300w, https:\/\/revistaacropolis.com\/wp-content\/uploads\/2023\/06\/2-6-768x576.png 768w, https:\/\/revistaacropolis.com\/wp-content\/uploads\/2023\/06\/2-6-600x450.png 600w\" sizes=\"(max-width: 1024px) 100vw, 1024px\" \/><\/figure>\n\n\n\n<p>En el caso de Hidalgo, quienes encabezar\u00e1n los trabajos <strong>para apoyar a Sheinbaum Pardo en el proceso interno de Morena para que encabece los Comit\u00e9s de Defensa de la Cuarta Transformaci\u00f3n son el alcalde de Mixquiahuala, Jos\u00e9 Amieva (solicit\u00f3 licencia en d\u00edas pasados); Zen\u00f3n Rosas y Liliana Mera Curiel, regidor y s\u00edndica jur\u00eddica del ayuntamiento de Pachuca; Hilda Miranda Miranda; regidora de Mineral de la Reforma; Gretchen Atilano, regidora de Tizayuca; los diputados locales Lisset Marcelino Tovar y Luis \u00c1ngel Tenorio Cruz,<\/strong> y los senadores Navor Rojas Mancera y Cravioto Romero.<\/p>\n\n\n\n<blockquote class=\"wp-block-quote is-layout-flow wp-block-quote-is-layout-flow\">\n<p>\u201cNinguno de los compa\u00f1eros presentes est\u00e1 en esa condici\u00f3n. Habemos diputados locales y federales, expresidentes municipales, s\u00edndicos, regidores y dirigentes sociales\u201d, refiri\u00f3 en rueda de prensa.<\/p>\n<\/blockquote>\n\n\n\n<p>El senador morenista dio a conocer que el partido fundado por el presidente Andr\u00e9s Manuel L\u00f3pez Obrador destinar\u00e1 5 millones de pesos para esta actividad interna, que se gastar\u00e1n en la realizaci\u00f3n de los eventos de las giras casa uno de los cuatro aspirantes a la candidatura presidencial del partido guinda.<\/p>\n\n\n\n<figure class=\"wp-block-pullquote\"><blockquote><p>Todos los que estamos apoyando sabemos que va a ser con nuestros propios recursos y que no se deben usar recursos p\u00fablicos. Por eso ni presidentes municipales ni sus equipos, ni gobernadores ni sus equipos, ni el gabinete del presidente L\u00f3pez Obrador, pueden estar en este proceso, ni los coordinadores parlamentarios\u201d, dijo.<\/p><\/blockquote><\/figure>\n\n\n\n<figure class=\"wp-block-image size-large\"><img decoding=\"async\" width=\"1024\" height=\"577\" src=\"https:\/\/revistaacropolis.com\/wp-content\/uploads\/2023\/06\/19-4-1024x577.png\" alt=\"\" class=\"wp-image-5319\" srcset=\"https:\/\/revistaacropolis.com\/wp-content\/uploads\/2023\/06\/19-4-1024x577.png 1024w, https:\/\/revistaacropolis.com\/wp-content\/uploads\/2023\/06\/19-4-300x169.png 300w, https:\/\/revistaacropolis.com\/wp-content\/uploads\/2023\/06\/19-4-768x433.png 768w, https:\/\/revistaacropolis.com\/wp-content\/uploads\/2023\/06\/19-4-1536x865.png 1536w, https:\/\/revistaacropolis.com\/wp-content\/uploads\/2023\/06\/19-4-600x338.png 600w, https:\/\/revistaacropolis.com\/wp-content\/uploads\/2023\/06\/19-4.png 1640w\" sizes=\"(max-width: 1024px) 100vw, 1024px\" \/><\/figure>\n\n\n\n<p>Tambi\u00e9n inform\u00f3 que<strong> la jefa de gobierno de la Ciudad de M\u00e9xico con licencia estar\u00e1 ma\u00f1ana en Hidalgo, en el Reloj Monumental de Pachuca,<\/strong> a las 10:00 horas.<\/p>\n\n\n\n<p>Adelant\u00f3 que no ser\u00e1 la \u00fanica visita en su gira y espera que acuda a la entidad una o dos veces m\u00e1s.<\/p>\n\n\n\n<blockquote class=\"wp-block-quote is-layout-flow wp-block-quote-is-layout-flow\">\n<p>Nos da mucho gusto que nos honre con su presencia y le d\u00e9 esa importancia a Hidalgo. Hoy arranca en Tuxtepec, Oaxaca, y ma\u00f1ana su segundo evento de los que har\u00e1 en todo el pa\u00eds viene a Pachuca\u201d, indic\u00f3.<\/p>\n\n\n\n<div class=\"wp-block-query is-layout-flow wp-block-query-is-layout-flow\"><ul class=\"wp-block-post-template is-layout-flow wp-block-post-template-is-layout-flow\"><li class=\"wp-block-post post-23409 post type-post status-publish format-standard has-post-thumbnail hentry category-sociedad tag-cecilia-del-rayo-vargas-chacon tag-desayuno-empresarial tag-hidalgo tag-paola-cruz tag-redmuem tag-silvino-lopez-tovar\">\n\n<div class=\"wp-block-columns are-vertically-aligned-center is-layout-flex wp-container-core-columns-is-layout-9d6595d7 wp-block-columns-is-layout-flex\">\n<div class=\"wp-block-column is-vertically-aligned-center is-layout-flow wp-block-column-is-layout-flow\" style=\"flex-basis:25%\"><figure class=\"wp-block-post-featured-image\"><a href=\"https:\/\/revistaacropolis.com\/index.php\/redmuem-hidalgo-fortalece-su-comunidad-empresarial-en-desayuno-exclusivo\/sociedad\/\" target=\"_self\"  ><img decoding=\"async\" width=\"2049\" height=\"1152\" src=\"https:\/\/revistaacropolis.com\/wp-content\/uploads\/2026\/04\/Portadas-Paginas-web-2026-04-30T125532.404.png\" class=\"attachment-post-thumbnail size-post-thumbnail wp-post-image\" alt=\"Redmuem Hidalgo fortalece su comunidad empresarial en desayuno exclusivo\" style=\"object-fit:cover;\" srcset=\"https:\/\/revistaacropolis.com\/wp-content\/uploads\/2026\/04\/Portadas-Paginas-web-2026-04-30T125532.404.png 2049w, https:\/\/revistaacropolis.com\/wp-content\/uploads\/2026\/04\/Portadas-Paginas-web-2026-04-30T125532.404-300x169.png 300w, https:\/\/revistaacropolis.com\/wp-content\/uploads\/2026\/04\/Portadas-Paginas-web-2026-04-30T125532.404-1024x576.png 1024w, https:\/\/revistaacropolis.com\/wp-content\/uploads\/2026\/04\/Portadas-Paginas-web-2026-04-30T125532.404-768x432.png 768w, https:\/\/revistaacropolis.com\/wp-content\/uploads\/2026\/04\/Portadas-Paginas-web-2026-04-30T125532.404-1536x864.png 1536w, https:\/\/revistaacropolis.com\/wp-content\/uploads\/2026\/04\/Portadas-Paginas-web-2026-04-30T125532.404-600x337.png 600w\" sizes=\"(max-width: 2049px) 100vw, 2049px\" \/><\/a><\/figure><\/div>\n\n\n\n<div class=\"wp-block-column is-vertically-aligned-center is-layout-flow wp-block-column-is-layout-flow\" style=\"flex-basis:75%\"><h2 class=\"wp-block-post-title has-small-font-size\"><a href=\"https:\/\/revistaacropolis.com\/index.php\/redmuem-hidalgo-fortalece-su-comunidad-empresarial-en-desayuno-exclusivo\/sociedad\/\" target=\"_self\" >Redmuem Hidalgo fortalece su comunidad empresarial en desayuno exclusivo<\/a><\/h2><\/div>\n<\/div>\n\n<\/li><li class=\"wp-block-post post-23402 post type-post status-publish format-standard has-post-thumbnail hentry category-sociedad tag-cristhian-martinez tag-feria-del-helado-artesanal-2026 tag-hidalgo tag-tula-de-allende tag-turismo\">\n\n<div class=\"wp-block-columns are-vertically-aligned-center is-layout-flex wp-container-core-columns-is-layout-9d6595d7 wp-block-columns-is-layout-flex\">\n<div class=\"wp-block-column is-vertically-aligned-center is-layout-flow wp-block-column-is-layout-flow\" style=\"flex-basis:25%\"><figure class=\"wp-block-post-featured-image\"><a href=\"https:\/\/revistaacropolis.com\/index.php\/impulsa-cristhian-martinez-el-turismo-la-cultura-y-la-gastronomia-con-la-feria-del-helado-artesanal-2026\/sociedad\/\" target=\"_self\"  ><img loading=\"lazy\" decoding=\"async\" width=\"2049\" height=\"1152\" src=\"https:\/\/revistaacropolis.com\/wp-content\/uploads\/2026\/04\/Portadas-Paginas-web-2026-04-29T124657.299.png\" class=\"attachment-post-thumbnail size-post-thumbnail wp-post-image\" alt=\"Impulsa Cristhian Mart\u00ednez el turismo, la cultura y la gastronom\u00eda con la Feria del Helado Artesanal 2026\" style=\"object-fit:cover;\" srcset=\"https:\/\/revistaacropolis.com\/wp-content\/uploads\/2026\/04\/Portadas-Paginas-web-2026-04-29T124657.299.png 2049w, https:\/\/revistaacropolis.com\/wp-content\/uploads\/2026\/04\/Portadas-Paginas-web-2026-04-29T124657.299-300x169.png 300w, https:\/\/revistaacropolis.com\/wp-content\/uploads\/2026\/04\/Portadas-Paginas-web-2026-04-29T124657.299-1024x576.png 1024w, https:\/\/revistaacropolis.com\/wp-content\/uploads\/2026\/04\/Portadas-Paginas-web-2026-04-29T124657.299-768x432.png 768w, https:\/\/revistaacropolis.com\/wp-content\/uploads\/2026\/04\/Portadas-Paginas-web-2026-04-29T124657.299-1536x864.png 1536w, https:\/\/revistaacropolis.com\/wp-content\/uploads\/2026\/04\/Portadas-Paginas-web-2026-04-29T124657.299-600x337.png 600w\" sizes=\"(max-width: 2049px) 100vw, 2049px\" \/><\/a><\/figure><\/div>\n\n\n\n<div class=\"wp-block-column is-vertically-aligned-center is-layout-flow wp-block-column-is-layout-flow\" style=\"flex-basis:75%\"><h2 class=\"wp-block-post-title has-small-font-size\"><a href=\"https:\/\/revistaacropolis.com\/index.php\/impulsa-cristhian-martinez-el-turismo-la-cultura-y-la-gastronomia-con-la-feria-del-helado-artesanal-2026\/sociedad\/\" target=\"_self\" >Impulsa Cristhian Mart\u00ednez el turismo, la cultura y la gastronom\u00eda con la Feria del Helado Artesanal 2026<\/a><\/h2><\/div>\n<\/div>\n\n<\/li><\/ul><\/div>\n<\/blockquote>\n\n\n\n<p><strong>DatoAcro<\/strong><\/p>\n\n\n\n<p>Los aspirantes Gerardo Fern\u00e1ndez Noro\u00f1a, del PT, y Manuel Velazco, del PVEM, ser\u00e1n financiados por sus respectivos partidos.<\/p>\n","protected":false},"excerpt":{"rendered":"<p>A excepci\u00f3n del alcalde del alcalde de Mixquiahuala, los servidores p\u00fablicos y de representaci\u00f3n popular que organizar\u00e1n la gira de Claudia Sheinbaum Pardo en Hidalgo no renunciar\u00e1n a sus cargos,&hellip; <\/p>\n","protected":false},"author":9,"featured_media":5317,"comment_status":"closed","ping_status":"closed","sticky":false,"template":"","format":"standard","meta":{"two_page_speed":[],"_joinchat":[],"footnotes":""},"categories":[1],"tags":[1110,89,1298],"class_list":["post-5316","post","type-post","status-publish","format-standard","has-post-thumbnail","hentry","category-politica","tag-claudia-sheinbaum","tag-hidalgo","tag-visita"],"_links":{"self":[{"href":"https:\/\/revistaacropolis.com\/index.php\/wp-json\/wp\/v2\/posts\/5316","targetHints":{"allow":["GET"]}}],"collection":[{"href":"https:\/\/revistaacropolis.com\/index.php\/wp-json\/wp\/v2\/posts"}],"about":[{"href":"https:\/\/revistaacropolis.com\/index.php\/wp-json\/wp\/v2\/types\/post"}],"author":[{"embeddable":true,"href":"https:\/\/revistaacropolis.com\/index.php\/wp-json\/wp\/v2\/users\/9"}],"replies":[{"embeddable":true,"href":"https:\/\/revistaacropolis.com\/index.php\/wp-json\/wp\/v2\/comments?post=5316"}],"version-history":[{"count":1,"href":"https:\/\/revistaacropolis.com\/index.php\/wp-json\/wp\/v2\/posts\/5316\/revisions"}],"predecessor-version":[{"id":5320,"href":"https:\/\/revistaacropolis.com\/index.php\/wp-json\/wp\/v2\/posts\/5316\/revisions\/5320"}],"wp:featuredmedia":[{"embeddable":true,"href":"https:\/\/revistaacropolis.com\/index.php\/wp-json\/wp\/v2\/media\/5317"}],"wp:attachment":[{"href":"https:\/\/revistaacropolis.com\/index.php\/wp-json\/wp\/v2\/media?parent=5316"}],"wp:term":[{"taxonomy":"category","embeddable":true,"href":"https:\/\/revistaacropolis.com\/index.php\/wp-json\/wp\/v2\/categories?post=5316"},{"taxonomy":"post_tag","embeddable":true,"href":"https:\/\/revistaacropolis.com\/index.php\/wp-json\/wp\/v2\/tags?post=5316"}],"curies":[{"name":"wp","href":"https:\/\/api.w.org\/{rel}","templated":true}]}}