{"id":5382,"date":"2023-06-21T15:28:20","date_gmt":"2023-06-21T15:28:20","guid":{"rendered":"https:\/\/revistaacropolis.com\/?p=5382"},"modified":"2023-06-21T15:28:23","modified_gmt":"2023-06-21T15:28:23","slug":"revoca-teeh-designacion-de-alcalde-sustituto-de-tasquillo-ordena-a-congreso-elegir-de-entre-regidoras","status":"publish","type":"post","link":"https:\/\/revistaacropolis.com\/index.php\/revoca-teeh-designacion-de-alcalde-sustituto-de-tasquillo-ordena-a-congreso-elegir-de-entre-regidoras\/politica\/","title":{"rendered":"Revoca TEEH designaci\u00f3n de alcalde sustituto de Tasquillo; ordena a Congreso elegir de entre regidoras"},"content":{"rendered":"\n<p>El Tribunal Electoral del Estado de Hidalgo <strong>(TEEH) revoc\u00f3 ayer la designaci\u00f3n de Humberto Fuentes Portillo como presidente sustituto de Tasquillo,<\/strong> realizada el 12 de mayo por el Congreso de Hidalgo, a trav\u00e9s del decreto 526.<\/p>\n\n\n\n<p>De acuerdo con la resoluci\u00f3n del juicio ciudadano TEEH-JDC-43, <strong>el Poder Legislativo estaba en faculta de designar a edil sustituto, ante el fallecimiento de la alcaldesa titular y suplente, pero su determinaci\u00f3n legal violent\u00f3 el principio constitucional de paridad de g\u00e9nero.<\/strong><\/p>\n\n\n\n<figure class=\"wp-block-pullquote\"><blockquote><p>(El Congreso local) dej\u00f3 de tomar en consideraci\u00f3n que, respecto a la vacante materia de an\u00e1lisis, dicha f\u00f3rmula fue originalmente reservada y electa para mujeres, y, por tanto, la designaci\u00f3n que realiz\u00f3 a favor de un hombre quien, adem\u00e1s, no formaba parte del ayuntamiento como servidor p\u00fablico electo, es contrario a los principios constitucionales\u201d, expuso la magistrada presidenta Rosa Amparo Martinez Lechuga.<\/p><\/blockquote><\/figure>\n\n\n\n<p>Dijo que el Legislativo debi\u00f3 considerar las circunstancias especiales \u201cque revest\u00edan la vacante en cuesti\u00f3n\u201d, la cual se obtuvo a trav\u00e9s de acciones afirmativas en favor de un g\u00e9nero: el femenino.<\/p>\n\n\n\n<p>Record\u00f3 que el 8 de mayo se llev\u00f3 a cabo una sesi\u00f3n de Cabildo, pero <strong>los regidores no se llegaron a un acuerdo para que una persona integrante de la Asamblea asumiera la presidencia municipal de Tasquillo.<\/strong> Ante ello, siete asamble\u00edstas se condujeron al Congreso de Hidalgo para que ese poder hiciera la designaci\u00f3n, que <strong>recay\u00f3 en quien se desempe\u00f1aba como secretario general del ayuntamiento.<\/strong><\/p>\n\n\n\n<p>El juicio ciudadano fue ingresado por una regidora Yazmin Eduwiges Corona Trejo, a quien la designaci\u00f3n de Fuentes Portillo causo perjuicio, en su calidad de mujer y edil, pues en primera instancia el nombramiento de la o el alcalde sustituto debe recaer el alguien perteneciente al ayuntamiento.<\/p>\n\n\n\n<figure class=\"wp-block-pullquote\"><blockquote><p>Al surgir la vacante l\u00f3gicamente de una posici\u00f3n emanada por el principio de mayor\u00eda relativa, a trav\u00e9s de planilla, la designaci\u00f3n deber\u00eda recaer en alg\u00fan servidor p\u00fablico que de la misma manera haya sido electo bajo este principio (\u2026) La designaci\u00f3n del Congreso debi\u00f3 ser realizada a favor de una mujer \u201d, sostuvo.<\/p><\/blockquote><\/figure>\n\n\n\n<p>Por ello, el TEEH dej\u00f3 sin efecto el nombramiento de Fuentes Portillo y <strong>orden\u00f3 al Congreso local, en un plazo de cinco d\u00edas h\u00e1biles, nombrar a una presidenta municipal para Tasquillo, que tendr\u00e1 que salir de las dos regidoras con que cuenta el Cabildo.<\/strong><\/p>\n\n\n\n<p><strong>AS\u00cd JUSTIFIC\u00d3 VALERA DESIGNACI\u00d3N DE UN HOMBRE<\/strong><\/p>\n\n\n\n<p>Cuando Fuentes Portillo fue electo, el presidente de la Junta de Gobierno, <strong>el expriista Julio Valera Piedras, afirm\u00f3 que \u00abse dio prioridad\u201d a garantizar la gobernabilidad del municipio con la persona elegida, por encima de cumplir con la paridad de g\u00e9nero y nombrar a una mujer en el cargo vacante.<\/strong><\/p>\n\n\n\n<p>Tras la imposici\u00f3n del juicio ciudadano por parte de la regidora, el diputado local dijo que los legisladores locales ratificaron el acuerdo que por mayor\u00eda\u00a0acordaron los integrantes de la Asamblea municipal.<\/p>\n\n\n\n<div class=\"wp-block-query is-layout-flow wp-block-query-is-layout-flow\"><ul class=\"wp-block-post-template is-layout-flow wp-block-post-template-is-layout-flow\"><li class=\"wp-block-post post-23402 post type-post status-publish format-standard has-post-thumbnail hentry category-sociedad tag-cristhian-martinez tag-feria-del-helado-artesanal-2026 tag-hidalgo tag-tula-de-allende tag-turismo\">\n\n<div class=\"wp-block-columns are-vertically-aligned-center is-layout-flex wp-container-core-columns-is-layout-9d6595d7 wp-block-columns-is-layout-flex\">\n<div class=\"wp-block-column is-vertically-aligned-center is-layout-flow wp-block-column-is-layout-flow\" style=\"flex-basis:25%\"><figure class=\"wp-block-post-featured-image\"><a href=\"https:\/\/revistaacropolis.com\/index.php\/impulsa-cristhian-martinez-el-turismo-la-cultura-y-la-gastronomia-con-la-feria-del-helado-artesanal-2026\/sociedad\/\" target=\"_self\"  ><img fetchpriority=\"high\" decoding=\"async\" width=\"2049\" height=\"1152\" src=\"https:\/\/revistaacropolis.com\/wp-content\/uploads\/2026\/04\/Portadas-Paginas-web-2026-04-29T124657.299.png\" class=\"attachment-post-thumbnail size-post-thumbnail wp-post-image\" alt=\"Impulsa Cristhian Mart\u00ednez el turismo, la cultura y la gastronom\u00eda con la Feria del Helado Artesanal 2026\" style=\"object-fit:cover;\" srcset=\"https:\/\/revistaacropolis.com\/wp-content\/uploads\/2026\/04\/Portadas-Paginas-web-2026-04-29T124657.299.png 2049w, https:\/\/revistaacropolis.com\/wp-content\/uploads\/2026\/04\/Portadas-Paginas-web-2026-04-29T124657.299-300x169.png 300w, https:\/\/revistaacropolis.com\/wp-content\/uploads\/2026\/04\/Portadas-Paginas-web-2026-04-29T124657.299-1024x576.png 1024w, https:\/\/revistaacropolis.com\/wp-content\/uploads\/2026\/04\/Portadas-Paginas-web-2026-04-29T124657.299-768x432.png 768w, https:\/\/revistaacropolis.com\/wp-content\/uploads\/2026\/04\/Portadas-Paginas-web-2026-04-29T124657.299-1536x864.png 1536w, https:\/\/revistaacropolis.com\/wp-content\/uploads\/2026\/04\/Portadas-Paginas-web-2026-04-29T124657.299-600x337.png 600w\" sizes=\"(max-width: 2049px) 100vw, 2049px\" \/><\/a><\/figure><\/div>\n\n\n\n<div class=\"wp-block-column is-vertically-aligned-center is-layout-flow wp-block-column-is-layout-flow\" style=\"flex-basis:75%\"><h2 class=\"wp-block-post-title has-small-font-size\"><a href=\"https:\/\/revistaacropolis.com\/index.php\/impulsa-cristhian-martinez-el-turismo-la-cultura-y-la-gastronomia-con-la-feria-del-helado-artesanal-2026\/sociedad\/\" target=\"_self\" >Impulsa Cristhian Mart\u00ednez el turismo, la cultura y la gastronom\u00eda con la Feria del Helado Artesanal 2026<\/a><\/h2><\/div>\n<\/div>\n\n<\/li><li class=\"wp-block-post post-23395 post type-post status-publish format-standard has-post-thumbnail hentry category-politica tag-ayuntamiento-de-pachuca tag-cuenta-publica-2025 tag-fiscalizacion tag-jorge-reyes tag-pachuca-de-soto\">\n\n<div class=\"wp-block-columns are-vertically-aligned-center is-layout-flex wp-container-core-columns-is-layout-9d6595d7 wp-block-columns-is-layout-flex\">\n<div class=\"wp-block-column is-vertically-aligned-center is-layout-flow wp-block-column-is-layout-flow\" style=\"flex-basis:25%\"><figure class=\"wp-block-post-featured-image\"><a href=\"https:\/\/revistaacropolis.com\/index.php\/jorge-reyes-entrega-la-cuenta-publica-2025-de-pachuca-ante-el-congreso-de-hidalgo\/politica\/\" target=\"_self\"  ><img decoding=\"async\" width=\"2049\" height=\"1152\" src=\"https:\/\/revistaacropolis.com\/wp-content\/uploads\/2026\/04\/Portadas-Paginas-web-2026-04-29T122921.454.png\" class=\"attachment-post-thumbnail size-post-thumbnail wp-post-image\" alt=\"Jorge Reyes entrega la Cuenta P\u00fablica 2025 de Pachuca ante el Congreso de Hidalgo\" style=\"object-fit:cover;\" srcset=\"https:\/\/revistaacropolis.com\/wp-content\/uploads\/2026\/04\/Portadas-Paginas-web-2026-04-29T122921.454.png 2049w, https:\/\/revistaacropolis.com\/wp-content\/uploads\/2026\/04\/Portadas-Paginas-web-2026-04-29T122921.454-300x169.png 300w, https:\/\/revistaacropolis.com\/wp-content\/uploads\/2026\/04\/Portadas-Paginas-web-2026-04-29T122921.454-1024x576.png 1024w, https:\/\/revistaacropolis.com\/wp-content\/uploads\/2026\/04\/Portadas-Paginas-web-2026-04-29T122921.454-768x432.png 768w, https:\/\/revistaacropolis.com\/wp-content\/uploads\/2026\/04\/Portadas-Paginas-web-2026-04-29T122921.454-1536x864.png 1536w, https:\/\/revistaacropolis.com\/wp-content\/uploads\/2026\/04\/Portadas-Paginas-web-2026-04-29T122921.454-600x337.png 600w\" sizes=\"(max-width: 2049px) 100vw, 2049px\" \/><\/a><\/figure><\/div>\n\n\n\n<div class=\"wp-block-column is-vertically-aligned-center is-layout-flow wp-block-column-is-layout-flow\" style=\"flex-basis:75%\"><h2 class=\"wp-block-post-title has-small-font-size\"><a href=\"https:\/\/revistaacropolis.com\/index.php\/jorge-reyes-entrega-la-cuenta-publica-2025-de-pachuca-ante-el-congreso-de-hidalgo\/politica\/\" target=\"_self\" >Jorge Reyes entrega la Cuenta P\u00fablica 2025 de Pachuca ante el Congreso de Hidalgo<\/a><\/h2><\/div>\n<\/div>\n\n<\/li><\/ul><\/div>\n\n\n\n<p><br>Indic\u00f3 que<strong> a\u00a0la sede del Poder Legislativo lleg\u00f3 un oficio firmado por 7 de los 9 integrantes de la asamblea municipal para apoyar la designaci\u00f3n del entonces secretario general\u00a0del municipio<\/strong> para suplir las funciones de Isabel Guerrero Trejo, quien falleci\u00f3 el 26 de abril pasado.<\/p>\n","protected":false},"excerpt":{"rendered":"<p>El Tribunal Electoral del Estado de Hidalgo (TEEH) revoc\u00f3 ayer la designaci\u00f3n de Humberto Fuentes Portillo como presidente sustituto de Tasquillo, realizada el 12 de mayo por el Congreso de&hellip; <\/p>\n","protected":false},"author":4,"featured_media":5383,"comment_status":"closed","ping_status":"closed","sticky":false,"template":"","format":"standard","meta":{"two_page_speed":[],"_joinchat":[],"footnotes":""},"categories":[1],"tags":[1403,788,136],"class_list":["post-5382","post","type-post","status-publish","format-standard","has-post-thumbnail","hentry","category-politica","tag-alcaldesa","tag-tasquillo","tag-teeh"],"_links":{"self":[{"href":"https:\/\/revistaacropolis.com\/index.php\/wp-json\/wp\/v2\/posts\/5382","targetHints":{"allow":["GET"]}}],"collection":[{"href":"https:\/\/revistaacropolis.com\/index.php\/wp-json\/wp\/v2\/posts"}],"about":[{"href":"https:\/\/revistaacropolis.com\/index.php\/wp-json\/wp\/v2\/types\/post"}],"author":[{"embeddable":true,"href":"https:\/\/revistaacropolis.com\/index.php\/wp-json\/wp\/v2\/users\/4"}],"replies":[{"embeddable":true,"href":"https:\/\/revistaacropolis.com\/index.php\/wp-json\/wp\/v2\/comments?post=5382"}],"version-history":[{"count":1,"href":"https:\/\/revistaacropolis.com\/index.php\/wp-json\/wp\/v2\/posts\/5382\/revisions"}],"predecessor-version":[{"id":5384,"href":"https:\/\/revistaacropolis.com\/index.php\/wp-json\/wp\/v2\/posts\/5382\/revisions\/5384"}],"wp:featuredmedia":[{"embeddable":true,"href":"https:\/\/revistaacropolis.com\/index.php\/wp-json\/wp\/v2\/media\/5383"}],"wp:attachment":[{"href":"https:\/\/revistaacropolis.com\/index.php\/wp-json\/wp\/v2\/media?parent=5382"}],"wp:term":[{"taxonomy":"category","embeddable":true,"href":"https:\/\/revistaacropolis.com\/index.php\/wp-json\/wp\/v2\/categories?post=5382"},{"taxonomy":"post_tag","embeddable":true,"href":"https:\/\/revistaacropolis.com\/index.php\/wp-json\/wp\/v2\/tags?post=5382"}],"curies":[{"name":"wp","href":"https:\/\/api.w.org\/{rel}","templated":true}]}}