{"id":5406,"date":"2023-06-22T02:57:15","date_gmt":"2023-06-22T02:57:15","guid":{"rendered":"https:\/\/revistaacropolis.com\/?p=5406"},"modified":"2023-06-22T02:57:18","modified_gmt":"2023-06-22T02:57:18","slug":"por-caloron-diputados-piden-al-gobierno-dotar-de-ventiladores-a-escuelas-y-cambiar-horario-escolar","status":"publish","type":"post","link":"https:\/\/revistaacropolis.com\/index.php\/por-caloron-diputados-piden-al-gobierno-dotar-de-ventiladores-a-escuelas-y-cambiar-horario-escolar\/sociedad\/","title":{"rendered":"Por calor\u00f3n, diputados piden al gobierno dotar de ventiladores a escuelas y cambiar horario escolar"},"content":{"rendered":"\n<p>Ante las altas temperaturas en la entidad, provocadas por la tercera ola de calor,<strong> diputados locales pidieron al gobierno de Hidalgo que realice diversas acciones para proteger a la poblaci\u00f3n, principalmente a los estudiantes, como dotar de aires acondicionados o ventiladores en las escuelas que se ubiquen en zonas m\u00e1s calurosas y modificar los horarios <\/strong>de actividades escolares.<\/p>\n\n\n\n<p>Alejandro Enciso Arellano, legislador del grupo parlamentario Plural e Independiente, indic\u00f3 que<strong> ha observado en las noticias que alumnos se desmayan en las aulas <\/strong>que no cuentan con ventilaci\u00f3n y aire acondicionado.<\/p>\n\n\n\n<p>Por lo que lo present\u00f3 <strong>un acuerdo econ\u00f3mico para pedirle a la Secretar\u00eda de Educaci\u00f3n P\u00fablica de Hidalgo (SEPH) que implemente un programa que dote de aires acondicionados<\/strong> o ventiladores en las escuelas donde se registran altas temperaturas y garantizar \u00abcondiciones dignas\u00bb en las aulas.<\/p>\n\n\n\n<p>Tambi\u00e9n plante\u00f3 <strong>solicitarle al gobernador Julio Menchaca Salazar la implementaci\u00f3n de un programa emergente de atenci\u00f3n para hacer frente a las altas temperaturas que se registran en el territorio hidalguense,<\/strong> con atenci\u00f3n especial a las zonas de mayor marginaci\u00f3n y vulnerabilidad.<\/p>\n\n\n\n<p>Mientras<strong>, a la Secretar\u00eda de Salud estatal (SSH) solicit\u00f3 requerirle que ponga en marcha una campa\u00f1a informativa para concientizar a la sociedad sobre los riesgos que representa la exposici\u00f3n al calor<\/strong> como consecuencia de las altas temperaturas, as\u00ed como informar y dar atenci\u00f3n m\u00e9dica inmediata sobre las enfermedades que se presentan con motivo de los golpes de calor, con \u00e9nfasis  a las enfermedades diarreicas agudas severas.<\/p>\n\n\n\n<p>Por su parte,<strong> la diputada morenista Vanessa Escalante Arroyo present\u00f3 un posicionamiento en el que consider\u00f3 que ante esta situaci\u00f3n se debe poner especial atenci\u00f3n en las escuelas<\/strong> y en las unidades de trabajo, por lo que consider\u00f3 que <strong>deben tener un servicio m\u00e9dico.<\/strong><\/p>\n\n\n\n<p>En ese sentido, <strong>le propuso al gobierno estatal modificar las horas de estudio<\/strong>, receso y actividades que realizan todos los estudiantes del estado, <strong>as\u00ed como una modificaci\u00f3n a las horas de trabajo y las condiciones que tengan los trabajadores para prevenir un golpe de calor.<\/strong><\/p>\n","protected":false},"excerpt":{"rendered":"<p>Ante las altas temperaturas en la entidad, provocadas por la tercera ola de calor, diputados locales pidieron al gobierno de Hidalgo que realice diversas acciones para proteger a la poblaci\u00f3n,&hellip; <\/p>\n","protected":false},"author":9,"featured_media":5407,"comment_status":"closed","ping_status":"closed","sticky":false,"template":"","format":"standard","meta":{"two_page_speed":[],"_joinchat":[],"footnotes":""},"categories":[57],"tags":[434,899,1411],"class_list":["post-5406","post","type-post","status-publish","format-standard","has-post-thumbnail","hentry","category-sociedad","tag-calor","tag-escuelas","tag-ventiladores"],"_links":{"self":[{"href":"https:\/\/revistaacropolis.com\/index.php\/wp-json\/wp\/v2\/posts\/5406","targetHints":{"allow":["GET"]}}],"collection":[{"href":"https:\/\/revistaacropolis.com\/index.php\/wp-json\/wp\/v2\/posts"}],"about":[{"href":"https:\/\/revistaacropolis.com\/index.php\/wp-json\/wp\/v2\/types\/post"}],"author":[{"embeddable":true,"href":"https:\/\/revistaacropolis.com\/index.php\/wp-json\/wp\/v2\/users\/9"}],"replies":[{"embeddable":true,"href":"https:\/\/revistaacropolis.com\/index.php\/wp-json\/wp\/v2\/comments?post=5406"}],"version-history":[{"count":1,"href":"https:\/\/revistaacropolis.com\/index.php\/wp-json\/wp\/v2\/posts\/5406\/revisions"}],"predecessor-version":[{"id":5408,"href":"https:\/\/revistaacropolis.com\/index.php\/wp-json\/wp\/v2\/posts\/5406\/revisions\/5408"}],"wp:featuredmedia":[{"embeddable":true,"href":"https:\/\/revistaacropolis.com\/index.php\/wp-json\/wp\/v2\/media\/5407"}],"wp:attachment":[{"href":"https:\/\/revistaacropolis.com\/index.php\/wp-json\/wp\/v2\/media?parent=5406"}],"wp:term":[{"taxonomy":"category","embeddable":true,"href":"https:\/\/revistaacropolis.com\/index.php\/wp-json\/wp\/v2\/categories?post=5406"},{"taxonomy":"post_tag","embeddable":true,"href":"https:\/\/revistaacropolis.com\/index.php\/wp-json\/wp\/v2\/tags?post=5406"}],"curies":[{"name":"wp","href":"https:\/\/api.w.org\/{rel}","templated":true}]}}