{"id":5527,"date":"2023-06-26T21:57:34","date_gmt":"2023-06-26T21:57:34","guid":{"rendered":"https:\/\/revistaacropolis.com\/?p=5527"},"modified":"2023-06-26T21:57:56","modified_gmt":"2023-06-26T21:57:56","slug":"no-son-ninos-ni-incapaces-menchaca-a-senalamiento-del-pri-sobre-pacto-con-diputados-extricolores","status":"publish","type":"post","link":"https:\/\/revistaacropolis.com\/index.php\/no-son-ninos-ni-incapaces-menchaca-a-senalamiento-del-pri-sobre-pacto-con-diputados-extricolores\/politica\/","title":{"rendered":"\u201cNo son ni\u00f1os ni incapaces\u201d: Menchaca a se\u00f1alamiento del PRI sobre \u201cpacto\u201d con diputados extricolores"},"content":{"rendered":"\n<p>Luego de que la nueva dirigencia del Partido Revolucionario Institucional (PRI) <strong>asever\u00f3 que existe un pacto de impunidad con el gobierno estatal por el aval del Congreso de Hidalgo al grupo Parlamentario Plural e Independiente,<\/strong> integrado por ocho legisladores que abandonaron al tricolor, el gobernador Julio Menchaca Salazar respondi\u00f3 que los diputados \u201cno son ni\u00f1os ni personas incapaces\u201d para que \u00e9l les de l\u00ednea.<\/p>\n\n\n\n<p>El morenista dijo que, desde un punto de vista de pr\u00e1ctica pol\u00edtica, <strong>es m\u00e1s f\u00e1cil negociar pol\u00edticamente con un \u00abliderazgo fuerte\u201c que con distintos grupos, en referencia a los representantes populares que se declararon independientes.<\/strong><\/p>\n\n\n\n<figure class=\"wp-block-pullquote\"><blockquote><p>No son ni\u00f1os ni son personas incapaces. Yo prefiero para cualquier tipo de negociaron pol\u00edtica tener interlocutores s\u00f3lidos, porque si no se diluye con qui\u00e9n tengo que platicar y qui\u00e9n representa a los distintos grupos, se atomiza esta pl\u00e1tica, en lugar de platicar con un lidezargo, tengo que platicar con tres o cuatro\u201d, afirm\u00f3 en entrevista tras el anuncio de nuevas inversiones.<\/p><\/blockquote><\/figure>\n\n\n\n<p>Indic\u00f3 que en lo que va de su administraci\u00f3n <strong>ha tenido \u201cbuena comunicaci\u00f3n\u201d en los integrantes de la C\u00e1mara de Diputados estatal y \u201csolidaridad\u201d,<\/strong> independientemente de los grupos pol\u00edticos que conforman el Legislativo, en temas complicados como -dijo- la reforma a la administraci\u00f3n p\u00fablica o la electoral.<\/p>\n\n\n\n<blockquote class=\"wp-block-quote is-layout-flow wp-block-quote-is-layout-flow\">\n<p>Creo que la mayor\u00eda de los legisladores han tenido un comportamiento de altura, pensando m\u00e1s que en su plataforma pol\u00edtica, en el bien del estado\u201d, asever\u00f3 el mandatario.<\/p>\n<\/blockquote>\n\n\n\n<p>TAMBI\u00c9N PUEDES LEER: <a href=\"https:\/\/revistaacropolis.com\/index.php\/afirma-nuevo-pri-que-valera-dejo-boquete-de-25-mdp-por-multas-deudas-y-cuentas-por-cobrar-haran-denuncias\/politica\/\">https:\/\/revistaacropolis.com\/index.php\/afirma-nuevo-pri-que-valera-dejo-boquete-de-25-mdp-por-multas-deudas-y-cuentas-por-cobrar-haran-denuncias\/politica\/<\/a><\/p>\n\n\n\n<p>Sobre la renuncia de <strong>15 alcaldes al tricolor y m\u00e1s de 70 ediles y dirigentes locales de ese partido, el senador con licencia dijo respetar las decisiones de otros institutos pol\u00edticos,<\/strong> por lo que indic\u00f3 que no le toca opinar en \u201cuna decisi\u00f3n de ellos\u201d.<\/p>\n\n\n\n<p>Respecto de que el Comit\u00e9 Directivo Estatal (CDE), presidido por Marco Antonio Mendoza Bustamante, anunci\u00f3 que <strong>presentar\u00e1 denuncias por corrupci\u00f3n contra priistas que renunciaron al partido, entre ellos alcaldes y el diputado Julio Valera Piedras, exl\u00edder tricolor, el morenita insisti\u00f3 a que lo hagan.<\/strong><\/p>\n\n\n\n<div class=\"wp-block-query is-layout-flow wp-block-query-is-layout-flow\"><ul class=\"wp-block-post-template is-layout-flow wp-block-post-template-is-layout-flow\"><li class=\"wp-block-post post-23402 post type-post status-publish format-standard has-post-thumbnail hentry category-sociedad tag-cristhian-martinez tag-feria-del-helado-artesanal-2026 tag-hidalgo tag-tula-de-allende tag-turismo\">\n\n<div class=\"wp-block-columns are-vertically-aligned-center is-layout-flex wp-container-core-columns-is-layout-9d6595d7 wp-block-columns-is-layout-flex\">\n<div class=\"wp-block-column is-vertically-aligned-center is-layout-flow wp-block-column-is-layout-flow\" style=\"flex-basis:25%\"><figure class=\"wp-block-post-featured-image\"><a href=\"https:\/\/revistaacropolis.com\/index.php\/impulsa-cristhian-martinez-el-turismo-la-cultura-y-la-gastronomia-con-la-feria-del-helado-artesanal-2026\/sociedad\/\" target=\"_self\"  ><img fetchpriority=\"high\" decoding=\"async\" width=\"2049\" height=\"1152\" src=\"https:\/\/revistaacropolis.com\/wp-content\/uploads\/2026\/04\/Portadas-Paginas-web-2026-04-29T124657.299.png\" class=\"attachment-post-thumbnail size-post-thumbnail wp-post-image\" alt=\"Impulsa Cristhian Mart\u00ednez el turismo, la cultura y la gastronom\u00eda con la Feria del Helado Artesanal 2026\" style=\"object-fit:cover;\" srcset=\"https:\/\/revistaacropolis.com\/wp-content\/uploads\/2026\/04\/Portadas-Paginas-web-2026-04-29T124657.299.png 2049w, https:\/\/revistaacropolis.com\/wp-content\/uploads\/2026\/04\/Portadas-Paginas-web-2026-04-29T124657.299-300x169.png 300w, https:\/\/revistaacropolis.com\/wp-content\/uploads\/2026\/04\/Portadas-Paginas-web-2026-04-29T124657.299-1024x576.png 1024w, https:\/\/revistaacropolis.com\/wp-content\/uploads\/2026\/04\/Portadas-Paginas-web-2026-04-29T124657.299-768x432.png 768w, https:\/\/revistaacropolis.com\/wp-content\/uploads\/2026\/04\/Portadas-Paginas-web-2026-04-29T124657.299-1536x864.png 1536w, https:\/\/revistaacropolis.com\/wp-content\/uploads\/2026\/04\/Portadas-Paginas-web-2026-04-29T124657.299-600x337.png 600w\" sizes=\"(max-width: 2049px) 100vw, 2049px\" \/><\/a><\/figure><\/div>\n\n\n\n<div class=\"wp-block-column is-vertically-aligned-center is-layout-flow wp-block-column-is-layout-flow\" style=\"flex-basis:75%\"><h2 class=\"wp-block-post-title has-small-font-size\"><a href=\"https:\/\/revistaacropolis.com\/index.php\/impulsa-cristhian-martinez-el-turismo-la-cultura-y-la-gastronomia-con-la-feria-del-helado-artesanal-2026\/sociedad\/\" target=\"_self\" >Impulsa Cristhian Mart\u00ednez el turismo, la cultura y la gastronom\u00eda con la Feria del Helado Artesanal 2026<\/a><\/h2><\/div>\n<\/div>\n\n<\/li><li class=\"wp-block-post post-23395 post type-post status-publish format-standard has-post-thumbnail hentry category-politica tag-ayuntamiento-de-pachuca tag-cuenta-publica-2025 tag-fiscalizacion tag-jorge-reyes tag-pachuca-de-soto\">\n\n<div class=\"wp-block-columns are-vertically-aligned-center is-layout-flex wp-container-core-columns-is-layout-9d6595d7 wp-block-columns-is-layout-flex\">\n<div class=\"wp-block-column is-vertically-aligned-center is-layout-flow wp-block-column-is-layout-flow\" style=\"flex-basis:25%\"><figure class=\"wp-block-post-featured-image\"><a href=\"https:\/\/revistaacropolis.com\/index.php\/jorge-reyes-entrega-la-cuenta-publica-2025-de-pachuca-ante-el-congreso-de-hidalgo\/politica\/\" target=\"_self\"  ><img decoding=\"async\" width=\"2049\" height=\"1152\" src=\"https:\/\/revistaacropolis.com\/wp-content\/uploads\/2026\/04\/Portadas-Paginas-web-2026-04-29T122921.454.png\" class=\"attachment-post-thumbnail size-post-thumbnail wp-post-image\" alt=\"Jorge Reyes entrega la Cuenta P\u00fablica 2025 de Pachuca ante el Congreso de Hidalgo\" style=\"object-fit:cover;\" srcset=\"https:\/\/revistaacropolis.com\/wp-content\/uploads\/2026\/04\/Portadas-Paginas-web-2026-04-29T122921.454.png 2049w, https:\/\/revistaacropolis.com\/wp-content\/uploads\/2026\/04\/Portadas-Paginas-web-2026-04-29T122921.454-300x169.png 300w, https:\/\/revistaacropolis.com\/wp-content\/uploads\/2026\/04\/Portadas-Paginas-web-2026-04-29T122921.454-1024x576.png 1024w, https:\/\/revistaacropolis.com\/wp-content\/uploads\/2026\/04\/Portadas-Paginas-web-2026-04-29T122921.454-768x432.png 768w, https:\/\/revistaacropolis.com\/wp-content\/uploads\/2026\/04\/Portadas-Paginas-web-2026-04-29T122921.454-1536x864.png 1536w, https:\/\/revistaacropolis.com\/wp-content\/uploads\/2026\/04\/Portadas-Paginas-web-2026-04-29T122921.454-600x337.png 600w\" sizes=\"(max-width: 2049px) 100vw, 2049px\" \/><\/a><\/figure><\/div>\n\n\n\n<div class=\"wp-block-column is-vertically-aligned-center is-layout-flow wp-block-column-is-layout-flow\" style=\"flex-basis:75%\"><h2 class=\"wp-block-post-title has-small-font-size\"><a href=\"https:\/\/revistaacropolis.com\/index.php\/jorge-reyes-entrega-la-cuenta-publica-2025-de-pachuca-ante-el-congreso-de-hidalgo\/politica\/\" target=\"_self\" >Jorge Reyes entrega la Cuenta P\u00fablica 2025 de Pachuca ante el Congreso de Hidalgo<\/a><\/h2><\/div>\n<\/div>\n\n<\/li><\/ul><\/div>\n\n\n\n<blockquote class=\"wp-block-quote is-layout-flow wp-block-quote-is-layout-flow\">\n<p>\u201cQue las presente (las denuncias)\u201d, insisti\u00f3 Menchaca Salazar.<\/p>\n<\/blockquote>\n\n\n\n<p>El mandatario comprometi\u00f3 que <strong>nadie tendr\u00e1 impunidad y que quien haya utilizado mal su puesto \u201casumir\u00e1 las consecuencia\u201d,<\/strong> pues sostuvo que estar en contra \u201cdel mal uso de los recurso p\u00fablicos\u201d.<\/p>\n","protected":false},"excerpt":{"rendered":"<p>Luego de que la nueva dirigencia del Partido Revolucionario Institucional (PRI) asever\u00f3 que existe un pacto de impunidad con el gobierno estatal por el aval del Congreso de Hidalgo al&hellip; <\/p>\n","protected":false},"author":4,"featured_media":5528,"comment_status":"closed","ping_status":"closed","sticky":false,"template":"","format":"standard","meta":{"two_page_speed":[],"_joinchat":[],"footnotes":""},"categories":[1],"tags":[93,1437,122],"class_list":["post-5527","post","type-post","status-publish","format-standard","has-post-thumbnail","hentry","category-politica","tag-menchaca","tag-pacto","tag-pri"],"_links":{"self":[{"href":"https:\/\/revistaacropolis.com\/index.php\/wp-json\/wp\/v2\/posts\/5527","targetHints":{"allow":["GET"]}}],"collection":[{"href":"https:\/\/revistaacropolis.com\/index.php\/wp-json\/wp\/v2\/posts"}],"about":[{"href":"https:\/\/revistaacropolis.com\/index.php\/wp-json\/wp\/v2\/types\/post"}],"author":[{"embeddable":true,"href":"https:\/\/revistaacropolis.com\/index.php\/wp-json\/wp\/v2\/users\/4"}],"replies":[{"embeddable":true,"href":"https:\/\/revistaacropolis.com\/index.php\/wp-json\/wp\/v2\/comments?post=5527"}],"version-history":[{"count":1,"href":"https:\/\/revistaacropolis.com\/index.php\/wp-json\/wp\/v2\/posts\/5527\/revisions"}],"predecessor-version":[{"id":5529,"href":"https:\/\/revistaacropolis.com\/index.php\/wp-json\/wp\/v2\/posts\/5527\/revisions\/5529"}],"wp:featuredmedia":[{"embeddable":true,"href":"https:\/\/revistaacropolis.com\/index.php\/wp-json\/wp\/v2\/media\/5528"}],"wp:attachment":[{"href":"https:\/\/revistaacropolis.com\/index.php\/wp-json\/wp\/v2\/media?parent=5527"}],"wp:term":[{"taxonomy":"category","embeddable":true,"href":"https:\/\/revistaacropolis.com\/index.php\/wp-json\/wp\/v2\/categories?post=5527"},{"taxonomy":"post_tag","embeddable":true,"href":"https:\/\/revistaacropolis.com\/index.php\/wp-json\/wp\/v2\/tags?post=5527"}],"curies":[{"name":"wp","href":"https:\/\/api.w.org\/{rel}","templated":true}]}}